{"id":7716,"date":"2021-08-21T11:07:28","date_gmt":"2021-08-21T14:07:28","guid":{"rendered":"https:\/\/radiorevelacionfm.cl\/?p=7716"},"modified":"2021-08-21T11:07:28","modified_gmt":"2021-08-21T14:07:28","slug":"directora-ejecutiva-foji-es-un-orgullo-como-fundacion-poder-aportar-al-fortalecimiento-de-la-regionalizacion-esta-vez-en-puerto-aysen","status":"publish","type":"post","link":"https:\/\/radiorevelacionfm.cl\/?p=7716","title":{"rendered":"Directora Ejecutiva FOJI: \u201cEs un orgullo como fundaci\u00f3n poder aportar al fortalecimiento de la regionalizaci\u00f3n, esta vez en Puerto Ays\u00e9n\u201d"},"content":{"rendered":"<div class=\"flex_column av_one_full  flex_column_div av-zero-column-padding first  avia-builder-el-0  el_before_av_one_full  avia-builder-el-first  \" style='border-radius:0px; '><div  class='avia-image-container  av-styling-    avia-builder-el-1  avia-builder-el-no-sibling  avia-align-center '  itemprop=\"image\" itemscope=\"itemscope\" itemtype=\"https:\/\/schema.org\/ImageObject\"  ><div class='avia-image-container-inner'><div class='avia-image-overlay-wrap'><img decoding=\"async\" class='wp-image-7717 avia-img-lazy-loading-not-7717 avia_image' src=\"https:\/\/radiorevelacionfm.cl\/wp-content\/uploads\/2021\/08\/FOJI-AYSEN-1-1.jpg\" alt='' title='FOJI-AYSEN (1) (1)' height=\"600\" width=\"857\"  itemprop=\"thumbnailUrl\" srcset=\"https:\/\/radiorevelacionfm.cl\/wp-content\/uploads\/2021\/08\/FOJI-AYSEN-1-1.jpg 857w, https:\/\/radiorevelacionfm.cl\/wp-content\/uploads\/2021\/08\/FOJI-AYSEN-1-1-300x210.jpg 300w, https:\/\/radiorevelacionfm.cl\/wp-content\/uploads\/2021\/08\/FOJI-AYSEN-1-1-768x538.jpg 768w, https:\/\/radiorevelacionfm.cl\/wp-content\/uploads\/2021\/08\/FOJI-AYSEN-1-1-705x494.jpg 705w, https:\/\/radiorevelacionfm.cl\/wp-content\/uploads\/2021\/08\/FOJI-AYSEN-1-1-600x420.jpg 600w\" sizes=\"(max-width: 857px) 100vw, 857px\" \/><\/div><\/div><\/div><\/div><div class=\"flex_column av_one_full  flex_column_div av-zero-column-padding first  avia-builder-el-2  el_after_av_one_full  el_before_av_one_full  column-top-margin\" style='border-radius:0px; '><section class=\"av_textblock_section \"  itemscope=\"itemscope\" itemtype=\"https:\/\/schema.org\/BlogPosting\" itemprop=\"blogPost\" ><div class='avia_textblock  '   itemprop=\"text\" ><p style=\"text-align: center;\"><span style=\"font-size: 18pt;\"><strong>Directora Ejecutiva FOJI: \u201cEs un orgullo como fundaci\u00f3n poder aportar al fortalecimiento de la regionalizaci\u00f3n, esta vez en Puerto Ays\u00e9n\u201d<\/strong><\/span><\/p>\n<div id=\"gtx-trans\" style=\"position: absolute; left: -50px; top: 4.31534px;\">\n<div class=\"gtx-trans-icon\"><\/div>\n<\/div>\n<\/div><\/section><\/div><div class=\"flex_column av_one_full  flex_column_div av-zero-column-padding first  avia-builder-el-4  el_after_av_one_full  el_before_av_hr  column-top-margin\" style='border-radius:0px; '><section class=\"av_textblock_section \"  itemscope=\"itemscope\" itemtype=\"https:\/\/schema.org\/BlogPosting\" itemprop=\"blogPost\" ><div class='avia_textblock  '   itemprop=\"text\" ><p style=\"text-align: justify;\">Su alegr\u00eda manifest\u00f3 Alejandra Kantor, directora ejecutiva de la Fundaci\u00f3n de Orquestas Juveniles e Infantiles de Chile (FOJI), por la reciente conformaci\u00f3n de la Camerata de Cuerdas de la escuela Litoral Austral.<\/p>\n<p style=\"text-align: justify;\">Ello, dado que esta fundaci\u00f3n -una de las siete que conforman el \u00e1rea sociocultural de la presidencia de la Rep\u00fablica-, apoy\u00f3 la concreci\u00f3n de esta iniciativa, a trav\u00e9s de la donaci\u00f3n de una serie de instrumentos musicales, entre ellos, contrabajos, violonchelos y violas, as\u00ed como accesorios musicales para complementar violines, atriles y otros.<\/p>\n<p style=\"text-align: justify;\">Todo ello signific\u00f3 el nacimiento de este formato musical en la escuela aysenina, cuya estructura permite un n\u00famero reducido de instrumentos y, en este espec\u00edfico, apuntado hacia las cuerdas. Es as\u00ed que una vez efectuado el nexo entre la Orquesta Comunal Escolar -nacida al alero de la Direcci\u00f3n de Educaci\u00f3n Municipal, DEM-, por intermedio de la directora musical, Patricia Araya, y gracias al talento y habilidades musicales de las y los estudiantes de la Litoral Austral, se puso en marcha el objetivo. Sumar elementos musicales, al grupo de violines que desde ya hab\u00eda adquirido el establecimiento educacional, los que arribaron desde Santiago a la regi\u00f3n de Ays\u00e9n aproximadamente en el mes de mayo y que, dada la pandemia, hasta este mes de agosto reci\u00e9n pudieron llegar hasta las manos de quienes se har\u00e1n cargo de ellos: los alumnos de este recinto educacional.<\/p>\n<p style=\"text-align: justify;\">\u201cEstamos realmente orgullosos que por fin est\u00e9 tomando cuerpo y alma la Camerata de Cuerdas de la escuela Litoral Austral en Puerto Ays\u00e9n. Para nosotros es un orgullo poder ir de a poco ir fortaleciendo la regionalizaci\u00f3n y que los ni\u00f1os y los padres tengan una posibilidad fant\u00e1stica de juntarse a trav\u00e9s de la m\u00fasica, de unir sus cuerpos y almas porque si bien, son los profesores los que est\u00e1n detr\u00e1s y quienes le van a dar las instrucciones, son los ni\u00f1os los beneficiados y los padres quienes los apoyan, quienes van conformar esta hermosa comunidad en Puerto Ays\u00e9n\u201d, manifest\u00f3 Alejandra Kantor Br\u00fccher.<\/p>\n<p style=\"text-align: justify;\">Agreg\u00f3 la gestora cultural que \u201cDesde la FOJI con todo nuestro coraz\u00f3n los felicitamos por esta linda iniciativa. Especialmente, a Patricia Araya, la iniciadora y promotora de este hito\u201d.<\/p>\n<p style=\"text-align: justify;\">Cabe se\u00f1alar que desde la Orquesta Escolar del DEM Ays\u00e9n se espera que los lazos con esta fundaci\u00f3n puedan continuar estrech\u00e1ndose en pos de la cultura local y regional. M\u00e1s all\u00e1 de eso y, esencialmente, para permitir la mayor y mejor entrega de oportunidades a los ni\u00f1os y j\u00f3venes de la red de establecimientos municipales en Ays\u00e9n, y su pasi\u00f3n por la m\u00fasica.<\/p>\n<\/div><\/section><\/div><div  style='height:50px' class='hr hr-invisible   avia-builder-el-6  el_after_av_one_full  el_before_av_social_share '><span class='hr-inner ' ><span class='hr-inner-style'><\/span><\/span><\/div><\/p>\n<div  class='av-social-sharing-box  avia-builder-el-7  el_after_av_hr  el_before_av_hr  '><div class='av-share-box'><h5 class='av-share-link-description av-no-toc '>Compartir esta noticia<\/h5><ul class='av-share-box-list noLightbox'><li class='av-share-link av-social-link-facebook' ><a target=\"_blank\" aria-label=\"Compartir en Facebook\" href='https:\/\/www.facebook.com\/sharer.php?u=https:\/\/radiorevelacionfm.cl\/?p=7716&#038;t=Directora%20Ejecutiva%20FOJI%3A%20%E2%80%9CEs%20un%20orgullo%20como%20fundaci%C3%B3n%20poder%20aportar%20al%20fortalecimiento%20de%20la%20regionalizaci%C3%B3n%2C%20esta%20vez%20en%20Puerto%20Ays%C3%A9n%E2%80%9D' aria-hidden='false' data-av_icon='\ue8f3' data-av_iconfont='entypo-fontello' title='' data-avia-related-tooltip='Compartir en Facebook' rel=\"noopener\"><span class='avia_hidden_link_text'>Compartir en Facebook<\/span><\/a><\/li><li class='av-share-link av-social-link-twitter' ><a target=\"_blank\" aria-label=\"Compartir en Twitter\" href='https:\/\/twitter.com\/share?text=Directora%20Ejecutiva%20FOJI%3A%20%E2%80%9CEs%20un%20orgullo%20como%20fundaci%C3%B3n%20poder%20aportar%20al%20fortalecimiento%20de%20la%20regionalizaci%C3%B3n%2C%20esta%20vez%20en%20Puerto%20Ays%C3%A9n%E2%80%9D&#038;url=https:\/\/radiorevelacionfm.cl\/?p=7716' aria-hidden='false' data-av_icon='\ue8f1' data-av_iconfont='entypo-fontello' title='' data-avia-related-tooltip='Compartir en Twitter' rel=\"noopener\"><span class='avia_hidden_link_text'>Compartir en Twitter<\/span><\/a><\/li><li class='av-share-link av-social-link-whatsapp' ><a target=\"_blank\" aria-label=\"Compartir en Whatsapp\" href='https:\/\/api.whatsapp.com\/send?text=https:\/\/radiorevelacionfm.cl\/?p=7716' aria-hidden='false' data-av_icon='\uf232' data-av_iconfont='entypo-fontello' title='' data-avia-related-tooltip='Compartir en Whatsapp' rel=\"noopener\"><span class='avia_hidden_link_text'>Compartir en Whatsapp<\/span><\/a><\/li><li class='av-share-link av-social-link-linkedin' ><a target=\"_blank\" aria-label=\"Compartir en LinkedIn\" href='https:\/\/linkedin.com\/shareArticle?mini=true&#038;title=Directora%20Ejecutiva%20FOJI%3A%20%E2%80%9CEs%20un%20orgullo%20como%20fundaci%C3%B3n%20poder%20aportar%20al%20fortalecimiento%20de%20la%20regionalizaci%C3%B3n%2C%20esta%20vez%20en%20Puerto%20Ays%C3%A9n%E2%80%9D&#038;url=https:\/\/radiorevelacionfm.cl\/?p=7716' aria-hidden='false' data-av_icon='\ue8fc' data-av_iconfont='entypo-fontello' title='' data-avia-related-tooltip='Compartir en LinkedIn' rel=\"noopener\"><span class='avia_hidden_link_text'>Compartir en LinkedIn<\/span><\/a><\/li><li class='av-share-link av-social-link-mail' ><a  aria-label=\"Compartir por correo\" href='mailto:?subject=Directora%20Ejecutiva%20FOJI%3A%20%E2%80%9CEs%20un%20orgullo%20como%20fundaci%C3%B3n%20poder%20aportar%20al%20fortalecimiento%20de%20la%20regionalizaci%C3%B3n%2C%20esta%20vez%20en%20Puerto%20Ays%C3%A9n%E2%80%9D&#038;body=https:\/\/radiorevelacionfm.cl\/?p=7716' aria-hidden='false' data-av_icon='\ue805' data-av_iconfont='entypo-fontello' title='' data-avia-related-tooltip='Compartir por correo'><span class='avia_hidden_link_text'>Compartir por correo<\/span><\/a><\/li><\/ul><\/div><\/div>\n<div  style='height:50px' class='hr hr-invisible   avia-builder-el-8  el_after_av_social_share  el_before_av_comments_list '><span class='hr-inner ' ><span class='hr-inner-style'><\/span><\/span><\/div>\n<div  class='av-buildercomment  av-blog-meta-html-info-disabled av-blog-meta-tag-disabled  '><\/div>\n","protected":false},"excerpt":{"rendered":"","protected":false},"author":1,"featured_media":7717,"comment_status":"open","ping_status":"open","sticky":false,"template":"","format":"standard","meta":{"footnotes":""},"categories":[38],"tags":[],"class_list":["post-7716","post","type-post","status-publish","format-standard","has-post-thumbnail","hentry","category-regional"],"jetpack_featured_media_url":"https:\/\/radiorevelacionfm.cl\/wp-content\/uploads\/2021\/08\/FOJI-AYSEN-1-1.jpg","_links":{"self":[{"href":"https:\/\/radiorevelacionfm.cl\/index.php?rest_route=\/wp\/v2\/posts\/7716","targetHints":{"allow":["GET"]}}],"collection":[{"href":"https:\/\/radiorevelacionfm.cl\/index.php?rest_route=\/wp\/v2\/posts"}],"about":[{"href":"https:\/\/radiorevelacionfm.cl\/index.php?rest_route=\/wp\/v2\/types\/post"}],"author":[{"embeddable":true,"href":"https:\/\/radiorevelacionfm.cl\/index.php?rest_route=\/wp\/v2\/users\/1"}],"replies":[{"embeddable":true,"href":"https:\/\/radiorevelacionfm.cl\/index.php?rest_route=%2Fwp%2Fv2%2Fcomments&post=7716"}],"version-history":[{"count":1,"href":"https:\/\/radiorevelacionfm.cl\/index.php?rest_route=\/wp\/v2\/posts\/7716\/revisions"}],"predecessor-version":[{"id":7718,"href":"https:\/\/radiorevelacionfm.cl\/index.php?rest_route=\/wp\/v2\/posts\/7716\/revisions\/7718"}],"wp:featuredmedia":[{"embeddable":true,"href":"https:\/\/radiorevelacionfm.cl\/index.php?rest_route=\/wp\/v2\/media\/7717"}],"wp:attachment":[{"href":"https:\/\/radiorevelacionfm.cl\/index.php?rest_route=%2Fwp%2Fv2%2Fmedia&parent=7716"}],"wp:term":[{"taxonomy":"category","embeddable":true,"href":"https:\/\/radiorevelacionfm.cl\/index.php?rest_route=%2Fwp%2Fv2%2Fcategories&post=7716"},{"taxonomy":"post_tag","embeddable":true,"href":"https:\/\/radiorevelacionfm.cl\/index.php?rest_route=%2Fwp%2Fv2%2Ftags&post=7716"}],"curies":[{"name":"wp","href":"https:\/\/api.w.org\/{rel}","templated":true}]}}