{"id":7713,"date":"2021-08-20T16:25:22","date_gmt":"2021-08-20T19:25:22","guid":{"rendered":"https:\/\/radiorevelacionfm.cl\/?p=7713"},"modified":"2021-08-20T16:25:22","modified_gmt":"2021-08-20T19:25:22","slug":"exitosa-realizacion-de-feria-extraprogramatica-en-despliegue-del-dem-en-islas-huichas","status":"publish","type":"post","link":"https:\/\/radiorevelacionfm.cl\/?p=7713","title":{"rendered":"Exitosa realizaci\u00f3n de Feria Extraprogram\u00e1tica en despliegue del DEM en Islas Huichas"},"content":{"rendered":"<div class=\"flex_column av_one_full  flex_column_div av-zero-column-padding first  avia-builder-el-0  el_before_av_one_full  avia-builder-el-first  \" style='border-radius:0px; '><div  class='avia-image-container  av-styling-    avia-builder-el-1  avia-builder-el-no-sibling  avia-align-center '  itemprop=\"image\" itemscope=\"itemscope\" itemtype=\"https:\/\/schema.org\/ImageObject\"  ><div class='avia-image-container-inner'><div class='avia-image-overlay-wrap'><img decoding=\"async\" class='wp-image-7714 avia-img-lazy-loading-not-7714 avia_image' src=\"https:\/\/radiorevelacionfm.cl\/wp-content\/uploads\/2021\/08\/DEM-ExtraP3-1-1.jpg\" alt='' title='DEM ExtraP3 (1) (1)' height=\"600\" width=\"800\"  itemprop=\"thumbnailUrl\" srcset=\"https:\/\/radiorevelacionfm.cl\/wp-content\/uploads\/2021\/08\/DEM-ExtraP3-1-1.jpg 800w, https:\/\/radiorevelacionfm.cl\/wp-content\/uploads\/2021\/08\/DEM-ExtraP3-1-1-300x225.jpg 300w, https:\/\/radiorevelacionfm.cl\/wp-content\/uploads\/2021\/08\/DEM-ExtraP3-1-1-768x576.jpg 768w, https:\/\/radiorevelacionfm.cl\/wp-content\/uploads\/2021\/08\/DEM-ExtraP3-1-1-705x529.jpg 705w, https:\/\/radiorevelacionfm.cl\/wp-content\/uploads\/2021\/08\/DEM-ExtraP3-1-1-600x450.jpg 600w\" sizes=\"(max-width: 800px) 100vw, 800px\" \/><\/div><\/div><\/div><\/div><div class=\"flex_column av_one_full  flex_column_div av-zero-column-padding first  avia-builder-el-2  el_after_av_one_full  el_before_av_one_full  column-top-margin\" style='border-radius:0px; '><section class=\"av_textblock_section \"  itemscope=\"itemscope\" itemtype=\"https:\/\/schema.org\/BlogPosting\" itemprop=\"blogPost\" ><div class='avia_textblock  '   itemprop=\"text\" ><p style=\"text-align: center;\"><strong><span style=\"font-size: 18pt;\">Exitosa realizaci\u00f3n de Feria Extraprogram\u00e1tica en despliegue del DEM en Islas Huichas <\/span><\/strong><\/p>\n<div id=\"gtx-trans\" style=\"position: absolute; left: -50px; top: 4.31534px;\">\n<div class=\"gtx-trans-icon\"><\/div>\n<\/div>\n<\/div><\/section><\/div><div class=\"flex_column av_one_full  flex_column_div av-zero-column-padding first  avia-builder-el-4  el_after_av_one_full  el_before_av_hr  column-top-margin\" style='border-radius:0px; '><section class=\"av_textblock_section \"  itemscope=\"itemscope\" itemtype=\"https:\/\/schema.org\/BlogPosting\" itemprop=\"blogPost\" ><div class='avia_textblock  '   itemprop=\"text\" ><p style=\"text-align: justify;\">Feliz se mostr\u00f3 la comunidad educativa de Islas Huichas, quienes este mi\u00e9rcoles participaron de la Feria Extraprogram\u00e1tica que la Direcci\u00f3n de Educaci\u00f3n Municipal, DEM Ays\u00e9n traslad\u00f3 hasta el sector isle\u00f1o con el fin de alegrar, especialmente, a los m\u00e1s peque\u00f1os a trav\u00e9s de un alto en sus rutinas escolares.<\/p>\n<p style=\"text-align: justify;\">Esta instancia, desarrollada por la Unidad Extraescolar, Salud y Deporte conjuntamente al programa Habilidades Para la Vida, por vez primera se realiz\u00f3 en la Isla, e incluy\u00f3 actividades tales como tik tok, cuentacuentos, manualidades, disfraces y zumba, entre otros.<\/p>\n<p style=\"text-align: justify;\">La recepci\u00f3n por parte de los estudiantes y profesores no se hizo esperar, generando risas y diversi\u00f3n en las dependencias del gimnasio municipal Demetrio C\u00e1rdenas Ojeda, escenario en que se llev\u00f3 a cabo la feria.<\/p>\n<p style=\"text-align: justify;\">\u201cS\u00faper divertido. Estuvimos todo el curso participando, nos entretuvimos, jugamos, nos re\u00edmos. Muy muy entretenido\u201d, se\u00f1al\u00f3 la alumna Estela Rodr\u00edguez.<\/p>\n<p style=\"text-align: justify;\">Para Vicente y Leonardo, ambos estudiantes de la escuela Carlos Condell, esta es una actividad para compartir. \u201cBien est\u00e1 divertida, est\u00e1 genial. Estoy disfrutando con mis amigos\u201d, dijo Vicente. A lo que Leonardo agreg\u00f3 que \u201ctodo est\u00e1 s\u00faper bien, tengo hartas historias que contar con lo de hoy. Adem\u00e1s, la pasamos bien con mis amigos\u201d.<\/p>\n<p style=\"text-align: justify;\">Las alumnas de la escuela Pedro Aguirre Cerda, Luc\u00eda y Amanda, tambi\u00e9n destacaron la feria relevando como una de sus actividades favoritas la elaboraci\u00f3n de m\u00e1scaras y definiendo la iniciativa como \u201cbak\u00e1n\u201d.<\/p>\n<p style=\"text-align: justify;\">No s\u00f3lo los estudiantes se divirtieron, ya que los organizadores del evento quisieron integrar a los profesores y equipos, por lo cual, realizaron zumba apuntada especialmente a los docentes y comunidad educativa de ambos establecimientos educacionales, quienes aprovecharon de dar cuenta de sus habilidades en el baile y sus dotes m\u00e1s histri\u00f3nicos desde el escenario del recinto deportivo.<\/p>\n<p style=\"text-align: justify;\">\u201cEncuentro que esto es genial, que por fin se puedan utilizar estos espacios, que est\u00e1n pensados para toda la comunidad, sobre todo ahora que ya el tema de la pandemia ha disminuido un poco. La gente va a poder salir, los ni\u00f1os van a poder aprovechar el gimnasio, que mucho tiempo no se ocupaba. Qu\u00e9 bueno que vengan a hacer estas actividades porque as\u00ed tambi\u00e9n se integran las escuelas\u201d, manifest\u00f3 el profesor de Ingl\u00e9s de la isla, Paulo Venegas.<\/p>\n<p style=\"text-align: justify;\">Por su parte, su colega de la escuela Pedro Aguirre Cerda, Juan Jos\u00e9 V\u00e1squez, destac\u00f3 la instancia que apunta a la recreaci\u00f3n y el esparcimiento. \u201cMuy buena la iniciativa, a los chicos los motiva harto, as\u00ed tienen un rato de relajo y se sienten felices. Con todo esto de la pandemia todos sabemos c\u00f3mo ha estado la situaci\u00f3n, entonces es una muy buena iniciativa, y se agradece\u201d.<\/p>\n<p style=\"text-align: justify;\">Al respecto, la profesora de lenguaje, Mar\u00eda Paz Vel\u00e1squez, relev\u00f3 que este tipo de actividades, que benefician directamente a la salud mental de los ni\u00f1os y ni\u00f1as de Huichas. \u201cS\u00faper entretenida, es un gran espacio para que los ni\u00f1os se puedan expresar. Adem\u00e1s, en este tiempo de pandemia, que ha sido muy complejo, sobre todo el tema emocional as\u00ed que s\u00faper importante. Lo destaco mucho. Ojal\u00e1 no se pierdan estos momentos, sobre todo en este contexto de isla, en que es s\u00faper dif\u00edcil trabajar, especialmente el tema de las emociones as\u00ed que ojal\u00e1 contin\u00fae repiti\u00e9ndose\u201d.<\/p>\n<p style=\"text-align: justify;\">Tras varias horas de diversi\u00f3n, culmin\u00f3 la feria extraprogram\u00e1tica que tuvo s\u00f3lo evaluaci\u00f3n positiva por parte de todos quienes fueron parte. \u201cEsta es una actividad que hacemos desde hace un tiempo en los establecimientos en Puerto Ays\u00e9n, incluso, la hemos desarrollado en la plaza de Armas, pero esta es la primera vez que vinimos a la isla con todo el equipo, un equipo multidisciplinario, as\u00ed que estamos muy felices porque tuvimos una muy buena convocatoria. Llegaron los estudiantes muy emocionados y muy motivados por participar, y qu\u00e9 mejor que nosotros entregarles alegr\u00eda, bailes y algunas sorpresitas que ten\u00edamos para ellos\u201d, manifest\u00f3 Cynthia Arra\u00f1o, coordinadora de la Unidad Extraescolar, Salud y Deporte.<\/p>\n<p style=\"text-align: justify;\">\u201cEsperamos a futuro por supuesto volver a venir, y en esa ocasi\u00f3n ser\u00e1 con nuestro programa de kayak Ping\u00fcinos al agua, ya que ten\u00edamos todo organizado para esta visita, pero por condiciones clim\u00e1tica debimos suspenderlo, as\u00ed que queremos nuevamente volver todo el equipo para instaurar esta actividad que da alegr\u00eda a la comunidad\u201d, finaliz\u00f3 la coordinadora.<\/p>\n<\/div><\/section><\/div><div  style='height:50px' class='hr hr-invisible   avia-builder-el-6  el_after_av_one_full  el_before_av_social_share '><span class='hr-inner ' ><span class='hr-inner-style'><\/span><\/span><\/div><\/p>\n<div  class='av-social-sharing-box  avia-builder-el-7  el_after_av_hr  el_before_av_hr  '><div class='av-share-box'><h5 class='av-share-link-description av-no-toc '>Compartir esta noticia<\/h5><ul class='av-share-box-list noLightbox'><li class='av-share-link av-social-link-facebook' ><a target=\"_blank\" aria-label=\"Compartir en Facebook\" href='https:\/\/www.facebook.com\/sharer.php?u=https:\/\/radiorevelacionfm.cl\/?p=7713&#038;t=Exitosa%20realizaci%C3%B3n%20de%20Feria%20Extraprogram%C3%A1tica%20en%20despliegue%20del%20DEM%20en%20Islas%20Huichas' aria-hidden='false' data-av_icon='\ue8f3' data-av_iconfont='entypo-fontello' title='' data-avia-related-tooltip='Compartir en Facebook' rel=\"noopener\"><span class='avia_hidden_link_text'>Compartir en Facebook<\/span><\/a><\/li><li class='av-share-link av-social-link-twitter' ><a target=\"_blank\" aria-label=\"Compartir en Twitter\" href='https:\/\/twitter.com\/share?text=Exitosa%20realizaci%C3%B3n%20de%20Feria%20Extraprogram%C3%A1tica%20en%20despliegue%20del%20DEM%20en%20Islas%20Huichas&#038;url=https:\/\/radiorevelacionfm.cl\/?p=7713' aria-hidden='false' data-av_icon='\ue8f1' data-av_iconfont='entypo-fontello' title='' data-avia-related-tooltip='Compartir en Twitter' rel=\"noopener\"><span class='avia_hidden_link_text'>Compartir en Twitter<\/span><\/a><\/li><li class='av-share-link av-social-link-whatsapp' ><a target=\"_blank\" aria-label=\"Compartir en Whatsapp\" href='https:\/\/api.whatsapp.com\/send?text=https:\/\/radiorevelacionfm.cl\/?p=7713' aria-hidden='false' data-av_icon='\uf232' data-av_iconfont='entypo-fontello' title='' data-avia-related-tooltip='Compartir en Whatsapp' rel=\"noopener\"><span class='avia_hidden_link_text'>Compartir en Whatsapp<\/span><\/a><\/li><li class='av-share-link av-social-link-linkedin' ><a target=\"_blank\" aria-label=\"Compartir en LinkedIn\" href='https:\/\/linkedin.com\/shareArticle?mini=true&#038;title=Exitosa%20realizaci%C3%B3n%20de%20Feria%20Extraprogram%C3%A1tica%20en%20despliegue%20del%20DEM%20en%20Islas%20Huichas&#038;url=https:\/\/radiorevelacionfm.cl\/?p=7713' aria-hidden='false' data-av_icon='\ue8fc' data-av_iconfont='entypo-fontello' title='' data-avia-related-tooltip='Compartir en LinkedIn' rel=\"noopener\"><span class='avia_hidden_link_text'>Compartir en LinkedIn<\/span><\/a><\/li><li class='av-share-link av-social-link-mail' ><a  aria-label=\"Compartir por correo\" href='mailto:?subject=Exitosa%20realizaci%C3%B3n%20de%20Feria%20Extraprogram%C3%A1tica%20en%20despliegue%20del%20DEM%20en%20Islas%20Huichas&#038;body=https:\/\/radiorevelacionfm.cl\/?p=7713' aria-hidden='false' data-av_icon='\ue805' data-av_iconfont='entypo-fontello' title='' data-avia-related-tooltip='Compartir por correo'><span class='avia_hidden_link_text'>Compartir por correo<\/span><\/a><\/li><\/ul><\/div><\/div>\n<div  style='height:50px' class='hr hr-invisible   avia-builder-el-8  el_after_av_social_share  el_before_av_comments_list '><span class='hr-inner ' ><span class='hr-inner-style'><\/span><\/span><\/div>\n<div  class='av-buildercomment  av-blog-meta-html-info-disabled av-blog-meta-tag-disabled  '><\/div>\n","protected":false},"excerpt":{"rendered":"","protected":false},"author":1,"featured_media":7714,"comment_status":"open","ping_status":"open","sticky":false,"template":"","format":"standard","meta":{"footnotes":""},"categories":[49],"tags":[],"class_list":["post-7713","post","type-post","status-publish","format-standard","has-post-thumbnail","hentry","category-educacion"],"jetpack_featured_media_url":"https:\/\/radiorevelacionfm.cl\/wp-content\/uploads\/2021\/08\/DEM-ExtraP3-1-1.jpg","_links":{"self":[{"href":"https:\/\/radiorevelacionfm.cl\/index.php?rest_route=\/wp\/v2\/posts\/7713","targetHints":{"allow":["GET"]}}],"collection":[{"href":"https:\/\/radiorevelacionfm.cl\/index.php?rest_route=\/wp\/v2\/posts"}],"about":[{"href":"https:\/\/radiorevelacionfm.cl\/index.php?rest_route=\/wp\/v2\/types\/post"}],"author":[{"embeddable":true,"href":"https:\/\/radiorevelacionfm.cl\/index.php?rest_route=\/wp\/v2\/users\/1"}],"replies":[{"embeddable":true,"href":"https:\/\/radiorevelacionfm.cl\/index.php?rest_route=%2Fwp%2Fv2%2Fcomments&post=7713"}],"version-history":[{"count":1,"href":"https:\/\/radiorevelacionfm.cl\/index.php?rest_route=\/wp\/v2\/posts\/7713\/revisions"}],"predecessor-version":[{"id":7715,"href":"https:\/\/radiorevelacionfm.cl\/index.php?rest_route=\/wp\/v2\/posts\/7713\/revisions\/7715"}],"wp:featuredmedia":[{"embeddable":true,"href":"https:\/\/radiorevelacionfm.cl\/index.php?rest_route=\/wp\/v2\/media\/7714"}],"wp:attachment":[{"href":"https:\/\/radiorevelacionfm.cl\/index.php?rest_route=%2Fwp%2Fv2%2Fmedia&parent=7713"}],"wp:term":[{"taxonomy":"category","embeddable":true,"href":"https:\/\/radiorevelacionfm.cl\/index.php?rest_route=%2Fwp%2Fv2%2Fcategories&post=7713"},{"taxonomy":"post_tag","embeddable":true,"href":"https:\/\/radiorevelacionfm.cl\/index.php?rest_route=%2Fwp%2Fv2%2Ftags&post=7713"}],"curies":[{"name":"wp","href":"https:\/\/api.w.org\/{rel}","templated":true}]}}