{"id":7710,"date":"2021-08-23T16:33:43","date_gmt":"2021-08-23T19:33:43","guid":{"rendered":"https:\/\/radiorevelacionfm.cl\/?p=7710"},"modified":"2021-08-23T16:33:43","modified_gmt":"2021-08-23T19:33:43","slug":"lanzan-la-primera-encuesta-nacional-sobre-cuidado-y-salud-de-las-mascotas","status":"publish","type":"post","link":"https:\/\/radiorevelacionfm.cl\/?p=7710","title":{"rendered":"Lanzan la primera Encuesta Nacional sobre cuidado y salud de las mascotas"},"content":{"rendered":"<div class=\"flex_column av_one_full  flex_column_div av-zero-column-padding first  avia-builder-el-0  el_before_av_one_full  avia-builder-el-first  \" style='border-radius:0px; '><div  class='avia-image-container  av-styling-    avia-builder-el-1  avia-builder-el-no-sibling  avia-align-center '  itemprop=\"image\" itemscope=\"itemscope\" itemtype=\"https:\/\/schema.org\/ImageObject\"  ><div class='avia-image-container-inner'><div class='avia-image-overlay-wrap'><img decoding=\"async\" class='wp-image-7711 avia-img-lazy-loading-not-7711 avia_image' src=\"https:\/\/radiorevelacionfm.cl\/wp-content\/uploads\/2021\/08\/Encuesta-Mascotas-1-1.png\" alt='' title='Encuesta Mascotas (1) (1)' height=\"600\" width=\"1200\"  itemprop=\"thumbnailUrl\" srcset=\"https:\/\/radiorevelacionfm.cl\/wp-content\/uploads\/2021\/08\/Encuesta-Mascotas-1-1.png 1200w, https:\/\/radiorevelacionfm.cl\/wp-content\/uploads\/2021\/08\/Encuesta-Mascotas-1-1-300x150.png 300w, https:\/\/radiorevelacionfm.cl\/wp-content\/uploads\/2021\/08\/Encuesta-Mascotas-1-1-1030x515.png 1030w, https:\/\/radiorevelacionfm.cl\/wp-content\/uploads\/2021\/08\/Encuesta-Mascotas-1-1-768x384.png 768w, https:\/\/radiorevelacionfm.cl\/wp-content\/uploads\/2021\/08\/Encuesta-Mascotas-1-1-705x353.png 705w, https:\/\/radiorevelacionfm.cl\/wp-content\/uploads\/2021\/08\/Encuesta-Mascotas-1-1-600x300.png 600w\" sizes=\"(max-width: 1200px) 100vw, 1200px\" \/><\/div><\/div><\/div><\/div><div class=\"flex_column av_one_full  flex_column_div av-zero-column-padding first  avia-builder-el-2  el_after_av_one_full  el_before_av_one_full  column-top-margin\" style='border-radius:0px; '><section class=\"av_textblock_section \"  itemscope=\"itemscope\" itemtype=\"https:\/\/schema.org\/BlogPosting\" itemprop=\"blogPost\" ><div class='avia_textblock  '   itemprop=\"text\" ><p style=\"text-align: center;\"><span style=\"font-size: 18pt;\"><b>Lanzan la primera Encuesta Nacional sobre cuidado y salud de las mascotas<\/b><\/span><\/p>\n<div id=\"gtx-trans\" style=\"position: absolute; left: -50px; top: 4.31534px;\">\n<div class=\"gtx-trans-icon\"><\/div>\n<\/div>\n<\/div><\/section><\/div><div class=\"flex_column av_one_full  flex_column_div av-zero-column-padding first  avia-builder-el-4  el_after_av_one_full  el_before_av_hr  column-top-margin\" style='border-radius:0px; '><section class=\"av_textblock_section \"  itemscope=\"itemscope\" itemtype=\"https:\/\/schema.org\/BlogPosting\" itemprop=\"blogPost\" ><div class='avia_textblock  '   itemprop=\"text\" ><p style=\"font-weight: 400; text-align: justify;\">C\u00f3mo llegan a sus due\u00f1os los perros y gatos que viven en los hogares de Chile, cu\u00e1l es su alimento preferido, con qu\u00e9 periodicidad van al veterinario y si est\u00e1n o no esterilizados. Esas son algunas de las respuestas que se podr\u00e1n obtener con la aplicaci\u00f3n de la Primera Encuesta Nacional de Tenencia Responsable de Mascotas y Animales de Compa\u00f1\u00eda, que fue lanzada por el Programa Mascota Protegida de la Subsecretar\u00eda de Desarrollo Regional y Administrativo (Subdere), en colaboraci\u00f3n con la Escuela de Medicina Veterinaria de la Universidad Cat\u00f3lica.<\/p>\n<p style=\"font-weight: 400; text-align: justify;\">Para obtener resultados con mayor representatividad, el cuestionario fue enviado a los m\u00e1s de 1,6 millones de tenedores responsables correctamente inscritos en el Registro Nacional de Mascotas, plataforma en la que ya figuran m\u00e1s de 1.700.000 perros y gatos de todo el pa\u00eds. Sin embargo, tambi\u00e9n estar\u00e1 abierto a todos quienes deseen participar.<\/p>\n<p style=\"font-weight: 400; text-align: justify;\">El sondeo est\u00e1 dividido en cinco apartados. El primero de ellos tiene que ver con la cantidad de mascotas que posee la persona que responde, su especie, m\u00e9todo de obtenci\u00f3n y tipo de identificaci\u00f3n (si posee o no microchip), mientras que los otros cuatro est\u00e1n enfocados en temas relacionados con la Salud, Alimentaci\u00f3n e Higiene, Recreaci\u00f3n y Conducta; y la apreciaci\u00f3n del due\u00f1o hacia la mascota.<\/p>\n<p style=\"font-weight: 400; text-align: justify;\">\u00abLos resultados de esta encuesta ser\u00e1n una herramienta muy valiosa para la elaboraci\u00f3n de pol\u00edticas p\u00fablicas enfocadas en generar bienestar para las mascotas, ya que nos permitir\u00e1n detectar en qu\u00e9 \u00e1reas existen mayores necesidades de apoyo estatal, pero tambi\u00e9n obtener datos epidemiol\u00f3gicos y conocer el perfil de quienes tienen mascotas en Chile, para as\u00ed poder intensificar o reorientar los esfuerzos que realizamos como Subsecretar\u00eda a trav\u00e9s del Programa Mascota Protegida\u00bb, se\u00f1al\u00f3 la subsecretaria de Desarrollo Regional, Mar\u00eda Paz Troncoso.<\/p>\n<p style=\"font-weight: 400; text-align: justify;\">Otro de los puntos clave de la encuesta, es que permitir\u00e1 crear un perfil de los due\u00f1os de mascotas en el pa\u00eds. As\u00ed lo explic\u00f3 la coordinadora nacional de Mascota Protegida, Carolina Guerrero: \u201cLos datos nos permitir\u00e1n tener una idea de la percepci\u00f3n que tienen los tenedores de mascotas sobre su propio actuar, porque tal vez una persona que no ha registrado ni esterilizado a su mascota se considera un excelente due\u00f1o, por ejemplo. Eso es lo que queremos captar, la relaci\u00f3n de quienes viven en Chile con sus mascotas y ver los puntos con m\u00e1s carencias para reforzar nuestro trabajo\u201d.<\/p>\n<p style=\"font-weight: 400; text-align: justify;\">En la misma l\u00ednea Guerrero destac\u00f3 que, \u201cnuestro programa tiene como eje principal el concepto de \u2018Una Salud\u2019, empleado por la Organizaci\u00f3n Mundial de la Sanidad Animal, lo que significa que la salud humana y la de los animales son interdependientes y a su vez est\u00e1n ligadas a la del medio ambiente, por lo que nos preocupa tremendamente la salud de nuestras mascotas ya que nos afecta directamente y por supuesto al medio ambiente en general\u201d.<\/p>\n<p style=\"font-weight: 400; text-align: justify;\">La aplicaci\u00f3n de la encuesta se extender\u00e1 por 28 d\u00edas corridos a partir del 19 de agosto y hasta el 26 de septiembre a las 23.59 horas. Todos quienes deseen participar podr\u00e1n hacerlo ingresando a <a href=\"https:\/\/nt.embluemail.com\/p\/cl?data=w%2Ft4aq30ailb%2BBAmSDp6veAdxO74UJincVyGDkb83ELLZFIealtalcbTaBF6r7kP%2BVvxJlNgGcpV149rjhWLS5Ghv0TtVKiR%2BaYiuW7nhD0%3D!-!aj3!-!http%3A%2F%2Fwww.tenenciaresponsablemascotas.cl%2F%3Futm_source=emBlue%26utm_medium=email%26utm_campaign=Nota+de+Prensa%26utm_content=Comunicado+Subdere--Lanzan+la+primera+Encuesta+Nacional+sobre+cuidado+y+salud+de+las+mascotas%26utm_term=multiple--7--none--70-80--ENVIO+SIMPLE\" data-saferedirecturl=\"https:\/\/www.google.com\/url?q=https:\/\/nt.embluemail.com\/p\/cl?data%3Dw%252Ft4aq30ailb%252BBAmSDp6veAdxO74UJincVyGDkb83ELLZFIealtalcbTaBF6r7kP%252BVvxJlNgGcpV149rjhWLS5Ghv0TtVKiR%252BaYiuW7nhD0%253D!-!aj3!-!http%253A%252F%252Fwww.tenenciaresponsablemascotas.cl%252F%253Futm_source%3DemBlue%2526utm_medium%3Demail%2526utm_campaign%3DNota%2Bde%2BPrensa%2526utm_content%3DComunicado%2BSubdere--Lanzan%2Bla%2Bprimera%2BEncuesta%2BNacional%2Bsobre%2Bcuidado%2By%2Bsalud%2Bde%2Blas%2Bmascotas%2526utm_term%3Dmultiple--7--none--70-80--ENVIO%2BSIMPLE&amp;source=gmail&amp;ust=1629553640104000&amp;usg=AFQjCNFDyx2ZPd2Eq5awlscVodFz0mUx3A\">www.tenenciaresponsablemascotas.cl<\/a>\u00a0o a trav\u00e9s de las redes sociales de Mascota Protegida y la Subdere.<\/p>\n<p style=\"font-weight: 400; text-align: justify;\"><strong>Enfermedades y an\u00e1lisis de los datos<\/strong><\/p>\n<p style=\"font-weight: 400; text-align: justify;\">En el apartado de preguntas relacionadas con la salud de la mascota, el cuestionario permite responder si la mascota ha sido diagnosticada con alguna enfermedad como c\u00e1ncer, distemper, parvovirus, obesidad, dermatitis u otras durante los \u00faltimos 12 meses. En ese aspecto, la Universidad Cat\u00f3lica, a trav\u00e9s de su Escuela de Medicina Veterinaria ser\u00e1 el organismo encargado de realizar el an\u00e1lisis epidemiol\u00f3gico y estad\u00edstico de los resultados del cuestionario. Fernando Mardones, director de pregrado de la carrera, explic\u00f3 que tener conocimiento de los aspectos estudiados \u201ces vital, y a trav\u00e9s de esta investigaci\u00f3n esperamos realizar un primer levantamiento de datos con ciertas caracter\u00edsticas epidemiol\u00f3gicas que permita un posicionamiento de esta informaci\u00f3n a nivel nacional\u201d.<\/p>\n<p style=\"font-weight: 400; text-align: justify;\">En la misma l\u00ednea, el acad\u00e9mico destac\u00f3 las acciones base de una tenencia responsable. \u201cEn primer lugar est\u00e1n los t\u00e9rminos de salud animal como las visitas al veterinario, frecuencia de desparasitaci\u00f3n, vacunaciones y temas de salud. Despu\u00e9s est\u00e1 el aspecto relacionado con la nutrici\u00f3n y la mantenci\u00f3n de las mascotas, su comportamiento, tiempo de recreaci\u00f3n, dispersi\u00f3n, entretenimiento, y temas que tienen que ver con la socializaci\u00f3n de estos animales, tanto con sus pares como con humanos\u201d, detall\u00f3.<\/p>\n<\/div><\/section><\/div><div  style='height:50px' class='hr hr-invisible   avia-builder-el-6  el_after_av_one_full  el_before_av_social_share '><span class='hr-inner ' ><span class='hr-inner-style'><\/span><\/span><\/div><\/p>\n<div  class='av-social-sharing-box  avia-builder-el-7  el_after_av_hr  el_before_av_hr  '><div class='av-share-box'><h5 class='av-share-link-description av-no-toc '>Compartir esta noticia<\/h5><ul class='av-share-box-list noLightbox'><li class='av-share-link av-social-link-facebook' ><a target=\"_blank\" aria-label=\"Compartir en Facebook\" href='https:\/\/www.facebook.com\/sharer.php?u=https:\/\/radiorevelacionfm.cl\/?p=7710&#038;t=Lanzan%20la%20primera%20Encuesta%20Nacional%20sobre%20cuidado%20y%20salud%20de%20las%20mascotas' aria-hidden='false' data-av_icon='\ue8f3' data-av_iconfont='entypo-fontello' title='' data-avia-related-tooltip='Compartir en Facebook' rel=\"noopener\"><span class='avia_hidden_link_text'>Compartir en Facebook<\/span><\/a><\/li><li class='av-share-link av-social-link-twitter' ><a target=\"_blank\" aria-label=\"Compartir en Twitter\" href='https:\/\/twitter.com\/share?text=Lanzan%20la%20primera%20Encuesta%20Nacional%20sobre%20cuidado%20y%20salud%20de%20las%20mascotas&#038;url=https:\/\/radiorevelacionfm.cl\/?p=7710' aria-hidden='false' data-av_icon='\ue8f1' data-av_iconfont='entypo-fontello' title='' data-avia-related-tooltip='Compartir en Twitter' rel=\"noopener\"><span class='avia_hidden_link_text'>Compartir en Twitter<\/span><\/a><\/li><li class='av-share-link av-social-link-whatsapp' ><a target=\"_blank\" aria-label=\"Compartir en Whatsapp\" href='https:\/\/api.whatsapp.com\/send?text=https:\/\/radiorevelacionfm.cl\/?p=7710' aria-hidden='false' data-av_icon='\uf232' data-av_iconfont='entypo-fontello' title='' data-avia-related-tooltip='Compartir en Whatsapp' rel=\"noopener\"><span class='avia_hidden_link_text'>Compartir en Whatsapp<\/span><\/a><\/li><li class='av-share-link av-social-link-linkedin' ><a target=\"_blank\" aria-label=\"Compartir en LinkedIn\" href='https:\/\/linkedin.com\/shareArticle?mini=true&#038;title=Lanzan%20la%20primera%20Encuesta%20Nacional%20sobre%20cuidado%20y%20salud%20de%20las%20mascotas&#038;url=https:\/\/radiorevelacionfm.cl\/?p=7710' aria-hidden='false' data-av_icon='\ue8fc' data-av_iconfont='entypo-fontello' title='' data-avia-related-tooltip='Compartir en LinkedIn' rel=\"noopener\"><span class='avia_hidden_link_text'>Compartir en LinkedIn<\/span><\/a><\/li><li class='av-share-link av-social-link-mail' ><a  aria-label=\"Compartir por correo\" href='mailto:?subject=Lanzan%20la%20primera%20Encuesta%20Nacional%20sobre%20cuidado%20y%20salud%20de%20las%20mascotas&#038;body=https:\/\/radiorevelacionfm.cl\/?p=7710' aria-hidden='false' data-av_icon='\ue805' data-av_iconfont='entypo-fontello' title='' data-avia-related-tooltip='Compartir por correo'><span class='avia_hidden_link_text'>Compartir por correo<\/span><\/a><\/li><\/ul><\/div><\/div>\n<div  style='height:50px' class='hr hr-invisible   avia-builder-el-8  el_after_av_social_share  el_before_av_comments_list '><span class='hr-inner ' ><span class='hr-inner-style'><\/span><\/span><\/div>\n<div  class='av-buildercomment  av-blog-meta-html-info-disabled av-blog-meta-tag-disabled  '><\/div>\n","protected":false},"excerpt":{"rendered":"","protected":false},"author":1,"featured_media":7711,"comment_status":"open","ping_status":"open","sticky":false,"template":"","format":"standard","meta":{"footnotes":""},"categories":[61,38],"tags":[],"class_list":["post-7710","post","type-post","status-publish","format-standard","has-post-thumbnail","hentry","category-nacional","category-regional"],"jetpack_featured_media_url":"https:\/\/radiorevelacionfm.cl\/wp-content\/uploads\/2021\/08\/Encuesta-Mascotas-1-1.png","_links":{"self":[{"href":"https:\/\/radiorevelacionfm.cl\/index.php?rest_route=\/wp\/v2\/posts\/7710","targetHints":{"allow":["GET"]}}],"collection":[{"href":"https:\/\/radiorevelacionfm.cl\/index.php?rest_route=\/wp\/v2\/posts"}],"about":[{"href":"https:\/\/radiorevelacionfm.cl\/index.php?rest_route=\/wp\/v2\/types\/post"}],"author":[{"embeddable":true,"href":"https:\/\/radiorevelacionfm.cl\/index.php?rest_route=\/wp\/v2\/users\/1"}],"replies":[{"embeddable":true,"href":"https:\/\/radiorevelacionfm.cl\/index.php?rest_route=%2Fwp%2Fv2%2Fcomments&post=7710"}],"version-history":[{"count":1,"href":"https:\/\/radiorevelacionfm.cl\/index.php?rest_route=\/wp\/v2\/posts\/7710\/revisions"}],"predecessor-version":[{"id":7712,"href":"https:\/\/radiorevelacionfm.cl\/index.php?rest_route=\/wp\/v2\/posts\/7710\/revisions\/7712"}],"wp:featuredmedia":[{"embeddable":true,"href":"https:\/\/radiorevelacionfm.cl\/index.php?rest_route=\/wp\/v2\/media\/7711"}],"wp:attachment":[{"href":"https:\/\/radiorevelacionfm.cl\/index.php?rest_route=%2Fwp%2Fv2%2Fmedia&parent=7710"}],"wp:term":[{"taxonomy":"category","embeddable":true,"href":"https:\/\/radiorevelacionfm.cl\/index.php?rest_route=%2Fwp%2Fv2%2Fcategories&post=7710"},{"taxonomy":"post_tag","embeddable":true,"href":"https:\/\/radiorevelacionfm.cl\/index.php?rest_route=%2Fwp%2Fv2%2Ftags&post=7710"}],"curies":[{"name":"wp","href":"https:\/\/api.w.org\/{rel}","templated":true}]}}