{"id":7707,"date":"2021-08-20T16:11:22","date_gmt":"2021-08-20T19:11:22","guid":{"rendered":"https:\/\/radiorevelacionfm.cl\/?p=7707"},"modified":"2021-08-20T16:11:22","modified_gmt":"2021-08-20T19:11:22","slug":"acondicionamiento-fisico-y-trail-running-familiar-se-ejecutan-en-villa-ohiggins-a-traves-proyectos-fondeporte","status":"publish","type":"post","link":"https:\/\/radiorevelacionfm.cl\/?p=7707","title":{"rendered":"Acondicionamiento F\u00edsico y Trail Running Familiar se ejecutan en Villa O&#8217;Higgins a trav\u00e9s proyectos Fondeporte"},"content":{"rendered":"<div class=\"flex_column av_one_full  flex_column_div av-zero-column-padding first  avia-builder-el-0  el_before_av_one_full  avia-builder-el-first  \" style='border-radius:0px; '><div  class='avia-image-container  av-styling-    avia-builder-el-1  avia-builder-el-no-sibling  avia-align-center '  itemprop=\"image\" itemscope=\"itemscope\" itemtype=\"https:\/\/schema.org\/ImageObject\"  ><div class='avia-image-container-inner'><div class='avia-image-overlay-wrap'><img decoding=\"async\" class='wp-image-7708 avia-img-lazy-loading-not-7708 avia_image' src=\"https:\/\/radiorevelacionfm.cl\/wp-content\/uploads\/2021\/08\/o-2-1-1.jpeg\" alt='' title='o 2 (1) (1)' height=\"600\" width=\"800\"  itemprop=\"thumbnailUrl\" srcset=\"https:\/\/radiorevelacionfm.cl\/wp-content\/uploads\/2021\/08\/o-2-1-1.jpeg 800w, https:\/\/radiorevelacionfm.cl\/wp-content\/uploads\/2021\/08\/o-2-1-1-300x225.jpeg 300w, https:\/\/radiorevelacionfm.cl\/wp-content\/uploads\/2021\/08\/o-2-1-1-768x576.jpeg 768w, https:\/\/radiorevelacionfm.cl\/wp-content\/uploads\/2021\/08\/o-2-1-1-705x529.jpeg 705w, https:\/\/radiorevelacionfm.cl\/wp-content\/uploads\/2021\/08\/o-2-1-1-600x450.jpeg 600w\" sizes=\"(max-width: 800px) 100vw, 800px\" \/><\/div><\/div><\/div><\/div><div class=\"flex_column av_one_full  flex_column_div av-zero-column-padding first  avia-builder-el-2  el_after_av_one_full  el_before_av_one_full  column-top-margin\" style='border-radius:0px; '><section class=\"av_textblock_section \"  itemscope=\"itemscope\" itemtype=\"https:\/\/schema.org\/BlogPosting\" itemprop=\"blogPost\" ><div class='avia_textblock  '   itemprop=\"text\" ><p style=\"text-align: center;\"><strong><span style=\"font-size: 18pt;\">Acondicionamiento F\u00edsico y Trail Running Familiar se ejecutan\u00a0en Villa O&#8217;Higgins a trav\u00e9s proyectos Fondeporte<\/span><\/strong><\/p>\n<div id=\"gtx-trans\" style=\"position: absolute; left: -50px; top: 4.31534px;\">\n<div class=\"gtx-trans-icon\"><\/div>\n<\/div>\n<\/div><\/section><\/div><div class=\"flex_column av_one_full  flex_column_div av-zero-column-padding first  avia-builder-el-4  el_after_av_one_full  el_before_av_hr  column-top-margin\" style='border-radius:0px; '><section class=\"av_textblock_section \"  itemscope=\"itemscope\" itemtype=\"https:\/\/schema.org\/BlogPosting\" itemprop=\"blogPost\" ><div class='avia_textblock  '   itemprop=\"text\" ><p class=\"v1MsoNormal\" style=\"text-align: justify;\">Se trata del Club Deportivo Municipal con el proyecto Trail O&#8217;Higgins Corrida Familiar y la Ilustre Municipalidad de O&#8217;Higgins, con el taller de acondicionamiento f\u00edsico, actividades que contribuyen al desarrollo de la pr\u00e1ctica deportiva, garantizando el acceso al deporte de todos los integrantes de la comunidad.<\/p>\n<p class=\"v1MsoNormal\" style=\"text-align: justify;\">As\u00ed lo inform\u00f3 el Seremi del Deporte, Rodrigo Cubilla Retamal, \u00abEstamos muy agradecidos por la convocatoria y la confianza que los clubes, municipios y organizaciones han depositado en el Ministerio del Deporte y en el IND al postular al concurso Fondeporte de este a\u00f1o y de esta forma juntos impulsar, desarrollar y proyectar la actividad f\u00edsica \u00a0y deporte en nuestra regi\u00f3n\u00bb.<\/p>\n<p class=\"v1MsoNormal\" style=\"text-align: justify;\">Asimismo, el Director Regional del IND, Jos\u00e9 Manuel Sep\u00falveda agreg\u00f3 que \u00abel proyecto Trail O&#8217;Higgins presentado por el Club Deportivo Municipal, consiste en desarrollar una corrida familiar la cual se llevar\u00e1 a cabo en el radio urbano de la comuna y sus alrededores, con circuitos seg\u00fan edades, mientras que el taller de acondicionamiento f\u00edsico funcional, \u00a0se extiende por seis meses y se realiza los d\u00edas martes y jueves, en la sala de m\u00e1quinas del gimnasio municipal\u00bb.<\/p>\n<p class=\"v1MsoNormal\" style=\"text-align: justify;\">La corrida familiar Trail O&#8217;Higgins, cuya fecha de ejecuci\u00f3n se proyecta durante este mes, \u00a0contar\u00e1 en su inicio y en la meta con un monitor que realizar\u00e1 un trabajo de calentamiento y vuelta a la calma entre los participantes, y\u00a0 en cuanto al taller de acondicionamiento f\u00edsico funcional, est\u00e1 dirigido principalmente a personas entre los 15 a 29 a\u00f1os.<\/p>\n<\/div><\/section><\/div><div  style='height:50px' class='hr hr-invisible   avia-builder-el-6  el_after_av_one_full  el_before_av_social_share '><span class='hr-inner ' ><span class='hr-inner-style'><\/span><\/span><\/div><\/p>\n<div  class='av-social-sharing-box  avia-builder-el-7  el_after_av_hr  el_before_av_hr  '><div class='av-share-box'><h5 class='av-share-link-description av-no-toc '>Compartir esta noticia<\/h5><ul class='av-share-box-list noLightbox'><li class='av-share-link av-social-link-facebook' ><a target=\"_blank\" aria-label=\"Compartir en Facebook\" href='https:\/\/www.facebook.com\/sharer.php?u=https:\/\/radiorevelacionfm.cl\/?p=7707&#038;t=Acondicionamiento%20F%C3%ADsico%20y%20Trail%20Running%20Familiar%20se%20ejecutan%20en%20Villa%20O%E2%80%99Higgins%20a%20trav%C3%A9s%20proyectos%20Fondeporte' aria-hidden='false' data-av_icon='\ue8f3' data-av_iconfont='entypo-fontello' title='' data-avia-related-tooltip='Compartir en Facebook' rel=\"noopener\"><span class='avia_hidden_link_text'>Compartir en Facebook<\/span><\/a><\/li><li class='av-share-link av-social-link-twitter' ><a target=\"_blank\" aria-label=\"Compartir en Twitter\" href='https:\/\/twitter.com\/share?text=Acondicionamiento%20F%C3%ADsico%20y%20Trail%20Running%20Familiar%20se%20ejecutan%20en%20Villa%20O%E2%80%99Higgins%20a%20trav%C3%A9s%20proyectos%20Fondeporte&#038;url=https:\/\/radiorevelacionfm.cl\/?p=7707' aria-hidden='false' data-av_icon='\ue8f1' data-av_iconfont='entypo-fontello' title='' data-avia-related-tooltip='Compartir en Twitter' rel=\"noopener\"><span class='avia_hidden_link_text'>Compartir en Twitter<\/span><\/a><\/li><li class='av-share-link av-social-link-whatsapp' ><a target=\"_blank\" aria-label=\"Compartir en Whatsapp\" href='https:\/\/api.whatsapp.com\/send?text=https:\/\/radiorevelacionfm.cl\/?p=7707' aria-hidden='false' data-av_icon='\uf232' data-av_iconfont='entypo-fontello' title='' data-avia-related-tooltip='Compartir en Whatsapp' rel=\"noopener\"><span class='avia_hidden_link_text'>Compartir en Whatsapp<\/span><\/a><\/li><li class='av-share-link av-social-link-linkedin' ><a target=\"_blank\" aria-label=\"Compartir en LinkedIn\" href='https:\/\/linkedin.com\/shareArticle?mini=true&#038;title=Acondicionamiento%20F%C3%ADsico%20y%20Trail%20Running%20Familiar%20se%20ejecutan%20en%20Villa%20O%E2%80%99Higgins%20a%20trav%C3%A9s%20proyectos%20Fondeporte&#038;url=https:\/\/radiorevelacionfm.cl\/?p=7707' aria-hidden='false' data-av_icon='\ue8fc' data-av_iconfont='entypo-fontello' title='' data-avia-related-tooltip='Compartir en LinkedIn' rel=\"noopener\"><span class='avia_hidden_link_text'>Compartir en LinkedIn<\/span><\/a><\/li><li class='av-share-link av-social-link-mail' ><a  aria-label=\"Compartir por correo\" href='mailto:?subject=Acondicionamiento%20F%C3%ADsico%20y%20Trail%20Running%20Familiar%20se%20ejecutan%20en%20Villa%20O%E2%80%99Higgins%20a%20trav%C3%A9s%20proyectos%20Fondeporte&#038;body=https:\/\/radiorevelacionfm.cl\/?p=7707' aria-hidden='false' data-av_icon='\ue805' data-av_iconfont='entypo-fontello' title='' data-avia-related-tooltip='Compartir por correo'><span class='avia_hidden_link_text'>Compartir por correo<\/span><\/a><\/li><\/ul><\/div><\/div>\n<div  style='height:50px' class='hr hr-invisible   avia-builder-el-8  el_after_av_social_share  el_before_av_comments_list '><span class='hr-inner ' ><span class='hr-inner-style'><\/span><\/span><\/div>\n<div  class='av-buildercomment  av-blog-meta-html-info-disabled av-blog-meta-tag-disabled  '><\/div>\n","protected":false},"excerpt":{"rendered":"","protected":false},"author":1,"featured_media":7708,"comment_status":"open","ping_status":"open","sticky":false,"template":"","format":"standard","meta":{"footnotes":""},"categories":[40],"tags":[],"class_list":["post-7707","post","type-post","status-publish","format-standard","has-post-thumbnail","hentry","category-deportes"],"jetpack_featured_media_url":"https:\/\/radiorevelacionfm.cl\/wp-content\/uploads\/2021\/08\/o-2-1-1.jpeg","_links":{"self":[{"href":"https:\/\/radiorevelacionfm.cl\/index.php?rest_route=\/wp\/v2\/posts\/7707","targetHints":{"allow":["GET"]}}],"collection":[{"href":"https:\/\/radiorevelacionfm.cl\/index.php?rest_route=\/wp\/v2\/posts"}],"about":[{"href":"https:\/\/radiorevelacionfm.cl\/index.php?rest_route=\/wp\/v2\/types\/post"}],"author":[{"embeddable":true,"href":"https:\/\/radiorevelacionfm.cl\/index.php?rest_route=\/wp\/v2\/users\/1"}],"replies":[{"embeddable":true,"href":"https:\/\/radiorevelacionfm.cl\/index.php?rest_route=%2Fwp%2Fv2%2Fcomments&post=7707"}],"version-history":[{"count":1,"href":"https:\/\/radiorevelacionfm.cl\/index.php?rest_route=\/wp\/v2\/posts\/7707\/revisions"}],"predecessor-version":[{"id":7709,"href":"https:\/\/radiorevelacionfm.cl\/index.php?rest_route=\/wp\/v2\/posts\/7707\/revisions\/7709"}],"wp:featuredmedia":[{"embeddable":true,"href":"https:\/\/radiorevelacionfm.cl\/index.php?rest_route=\/wp\/v2\/media\/7708"}],"wp:attachment":[{"href":"https:\/\/radiorevelacionfm.cl\/index.php?rest_route=%2Fwp%2Fv2%2Fmedia&parent=7707"}],"wp:term":[{"taxonomy":"category","embeddable":true,"href":"https:\/\/radiorevelacionfm.cl\/index.php?rest_route=%2Fwp%2Fv2%2Fcategories&post=7707"},{"taxonomy":"post_tag","embeddable":true,"href":"https:\/\/radiorevelacionfm.cl\/index.php?rest_route=%2Fwp%2Fv2%2Ftags&post=7707"}],"curies":[{"name":"wp","href":"https:\/\/api.w.org\/{rel}","templated":true}]}}