{"id":7703,"date":"2021-08-20T12:25:17","date_gmt":"2021-08-20T15:25:17","guid":{"rendered":"https:\/\/radiorevelacionfm.cl\/?p=7703"},"modified":"2021-08-20T12:25:17","modified_gmt":"2021-08-20T15:25:17","slug":"dem-aysen-valora-compromiso-de-las-comunidades-educativas-en-islas-huichas-en-pos-del-bienestar-de-sus-estudiantes","status":"publish","type":"post","link":"https:\/\/radiorevelacionfm.cl\/?p=7703","title":{"rendered":"DEM Ays\u00e9n valora compromiso de las comunidades educativas en islas Huichas en pos del bienestar de sus estudiantes"},"content":{"rendered":"<div class=\"flex_column av_one_full  flex_column_div av-zero-column-padding first  avia-builder-el-0  el_before_av_one_full  avia-builder-el-first  \" style='border-radius:0px; '><div  class='avia-image-container  av-styling-    avia-builder-el-1  avia-builder-el-no-sibling  avia-align-center '  itemprop=\"image\" itemscope=\"itemscope\" itemtype=\"https:\/\/schema.org\/ImageObject\"  ><div class='avia-image-container-inner'><div class='avia-image-overlay-wrap'><img decoding=\"async\" class='wp-image-7704 avia-img-lazy-loading-not-7704 avia_image' src=\"https:\/\/radiorevelacionfm.cl\/wp-content\/uploads\/2021\/08\/DEM1-1-1.jpg\" alt='' title='DEM1 (1) (1)' height=\"600\" width=\"800\"  itemprop=\"thumbnailUrl\" srcset=\"https:\/\/radiorevelacionfm.cl\/wp-content\/uploads\/2021\/08\/DEM1-1-1.jpg 800w, https:\/\/radiorevelacionfm.cl\/wp-content\/uploads\/2021\/08\/DEM1-1-1-300x225.jpg 300w, https:\/\/radiorevelacionfm.cl\/wp-content\/uploads\/2021\/08\/DEM1-1-1-768x576.jpg 768w, https:\/\/radiorevelacionfm.cl\/wp-content\/uploads\/2021\/08\/DEM1-1-1-705x529.jpg 705w, https:\/\/radiorevelacionfm.cl\/wp-content\/uploads\/2021\/08\/DEM1-1-1-600x450.jpg 600w\" sizes=\"(max-width: 800px) 100vw, 800px\" \/><\/div><\/div><\/div><\/div><div class=\"flex_column av_one_full  flex_column_div av-zero-column-padding first  avia-builder-el-2  el_after_av_one_full  el_before_av_one_full  column-top-margin\" style='border-radius:0px; '><section class=\"av_textblock_section \"  itemscope=\"itemscope\" itemtype=\"https:\/\/schema.org\/BlogPosting\" itemprop=\"blogPost\" ><div class='avia_textblock  '   itemprop=\"text\" ><p style=\"text-align: center;\"><strong><span style=\"font-size: 18pt;\">DEM Ays\u00e9n valora compromiso de las comunidades educativas en islas Huichas en pos del bienestar de sus estudiantes<\/span><\/strong><\/p>\n<div id=\"gtx-trans\" style=\"position: absolute; left: -50px; top: 4.31534px;\">\n<div class=\"gtx-trans-icon\"><\/div>\n<\/div>\n<\/div><\/section><\/div><div class=\"flex_column av_one_full  flex_column_div av-zero-column-padding first  avia-builder-el-4  el_after_av_one_full  el_before_av_hr  column-top-margin\" style='border-radius:0px; '><section class=\"av_textblock_section \"  itemscope=\"itemscope\" itemtype=\"https:\/\/schema.org\/BlogPosting\" itemprop=\"blogPost\" ><div class='avia_textblock  '   itemprop=\"text\" ><p style=\"text-align: justify;\">Hasta Islas Huichas arrib\u00f3 en los \u00faltimos d\u00edas, el director (S) de la Direcci\u00f3n de Educaci\u00f3n Municipal de Ays\u00e9n, Freddy Moraga junto a parte de su equipo. Entre las diversas actividades planificadas, destac\u00f3 el recorrido que el directivo realiz\u00f3 en los dos establecimientos educacionales que forman parte de este sector insular en la comuna de Ays\u00e9n.<\/p>\n<p style=\"text-align: justify;\">De esta manera, la visita inici\u00f3 en la escuela Pedro Aguirre Cerda, en que fue recibido por la encargada de Convivencia Escolar, Jennifer Marchant, quien dio cuenta del ambiente de entusiasmo y alegr\u00eda en que se desarrollan las clases, las cuales partieron durante marzo de 2021, y que ha sido interrumpidas en una sola ocasi\u00f3n, siendo retomadas ante la misma solicitud por parte de los vecinos y vecinas; y autorizada por parte del sostenedor respecto al importante rol que cumple esta instituci\u00f3n para con los ni\u00f1os y ni\u00f1as huichanos.<\/p>\n<p style=\"text-align: justify;\">Fue as\u00ed que se recorri\u00f3 el comedor, salas de clases y dem\u00e1s dependencias, en que fue posible apreciar lo positivo de este proceso de retorno a la presencialidad por parte de las y los estudiantes de esta escuela, emplazada en la localidad de Puerto Aguirre.<\/p>\n<p style=\"text-align: justify;\">Al respecto, la profesional relev\u00f3 el arribo del director DEM hasta la escuela, se\u00f1alando lo importante de conocer las realidades en terreno. \u201cPara nosotros es super importante que el jefe nos venga a visitar y vea c\u00f3mo trabajamos en la escuela, tenemos una participaci\u00f3n muy activa de los ni\u00f1os y apoderados en cuanto a la asistencia, los ni\u00f1os est\u00e1n felices con el retorno que fue en marzo. Hemos parado s\u00f3lo una vez, por una semana y con lo dem\u00e1s estamos super bien y felices que el director venga a vernos y vea c\u00f3mo estamos trabajando\u201d.<\/p>\n<p style=\"text-align: justify;\">Asimismo, valor\u00f3 las actividades contempladas durante la visita a la Isla, que incorpor\u00f3 la realizaci\u00f3n de una feria extraprogram\u00e1tica. \u201cPara los ni\u00f1os es muy importante este tipo de actividades de interacci\u00f3n. Nosotros agradecemos todas las instancias que vengan y que implique que nuestros estudiantes puedan participar. A los ni\u00f1os les encanta, as\u00ed que estamos muy agradecidos como escuela y como comunidad de que hayan venido para poder participar en una actividad diferente dentro de todo lo que es nuestra rutina escolar\u201d.<\/p>\n<p style=\"text-align: justify;\">Posteriormente, Moraga Castro se traslad\u00f3 hasta Caleta Andrade, a la escuela Carlos Condell en que recorri\u00f3 las diversas dependencias de este establecimiento, como aulas de clases, gimnasio, biblioteca, invernadero, entre otros.<\/p>\n<p style=\"text-align: justify;\">Acompa\u00f1ado por la directora, Mirna Y\u00e1\u00f1ez, quien tuvo palabras positivas respecto a esta primera visita por parte del director (S) DEM. \u201cLa idea es que quienes dirigen la comuna siempre conozcan la realidad de los que trabajamos, especialmente en islas Huichas, y a trav\u00e9s de don Freddy, en este caso, dar a conocer nuestro trabajo a la comuna, y que se nos valide, se nos apoye, se aporte tambi\u00e9n. Se valora mucho las visitas de las autoridades en Islas Huichas\u201d, manifest\u00f3.<\/p>\n<p style=\"text-align: justify;\">\u201cNosotros tenemos muy buena asistencia a clases, estamos en clases presenciales con jornada escolar completa desde el 02 de marzo. Los ni\u00f1os, los pap\u00e1s, nosotros est\u00e1bamos todos muy ansiosos, por ello, hemos tomado muchas precauciones. Quienes trabajamos en la escuela nos tomamos PCR cada 15 d\u00edas, para dar tranquilidad. Lo mismo, los pap\u00e1s que viajan, al igual que nuestros ni\u00f1os. Entonces, hemos colaborados todos para que esto ocurra en un ambiente seguro, y donde los pap\u00e1s son fundamentales\u201d, agreg\u00f3.<\/p>\n<p style=\"text-align: justify;\">La directora destac\u00f3, asimismo, el rol de los apoderados de la escuela, quienes han sido vitales para la consecuci\u00f3n de diversas iniciativas. \u201cYo creo que somos muy afortunados, tenemos un centro de padres super organizado, muy potente. Personas muy comprometidas, que dan mucho de su tiempo, con mucha energ\u00eda. As\u00ed, hemos podido comprar una toyotomi para los m\u00e1s peque\u00f1os, poleras deportivas, entre otros. Cuando hay una inquietud nos organizamos, trabajamos todos y, por supuesto, est\u00e1 ese orgullo que deben sentir porque lo han hecho muy bien durante todos estos a\u00f1os\u201d.<\/p>\n<p style=\"text-align: justify;\">Por su parte, el director (S) DEM, Freddy Moraga, se mostr\u00f3 feliz con este primer viaje a la Isla y por el compromiso de ambas comunidades educativas, siempre en pos de los educandos. \u201cMuy sorprendido al ver el entusiasmo y la motivaci\u00f3n tanto de los ni\u00f1os como de todos quienes trabajan en las escuelas. A pesar de lo que hemos vivido en pandemia, a\u00fan existe la posibilidad de lo que los profes hagan una tremenda pega y eso es muy loable\u201d.<\/p>\n<p style=\"text-align: justify;\">A\u00f1adi\u00f3 que \u201cme he llevado una grata alegr\u00eda de poder compartir, conversar con los docentes, funcionarios, directoras, estudiantes de estas escuelas que son muy bonitas, muy acogedoras, hay un ambiente muy diferente en la isla. Destacar tambi\u00e9n el apoyo de los pap\u00e1s, se nota la presencia, la participaci\u00f3n, en un contexto comunitario, trabajo en equipo. Me llevo de aqu\u00ed la tremenda pega que realizan cada uno de los profesores y funcionarios de nuestras escuelas en Huichas\u201d, finaliz\u00f3.<\/p>\n<\/div><\/section><\/div><div  style='height:50px' class='hr hr-invisible   avia-builder-el-6  el_after_av_one_full  el_before_av_social_share '><span class='hr-inner ' ><span class='hr-inner-style'><\/span><\/span><\/div><\/p>\n<div  class='av-social-sharing-box  avia-builder-el-7  el_after_av_hr  el_before_av_hr  '><div class='av-share-box'><h5 class='av-share-link-description av-no-toc '>Compartir esta noticia<\/h5><ul class='av-share-box-list noLightbox'><li class='av-share-link av-social-link-facebook' ><a target=\"_blank\" aria-label=\"Compartir en Facebook\" href='https:\/\/www.facebook.com\/sharer.php?u=https:\/\/radiorevelacionfm.cl\/?p=7703&#038;t=DEM%20Ays%C3%A9n%20valora%20compromiso%20de%20las%20comunidades%20educativas%20en%20islas%20Huichas%20en%20pos%20del%20bienestar%20de%20sus%20estudiantes' aria-hidden='false' data-av_icon='\ue8f3' data-av_iconfont='entypo-fontello' title='' data-avia-related-tooltip='Compartir en Facebook' rel=\"noopener\"><span class='avia_hidden_link_text'>Compartir en Facebook<\/span><\/a><\/li><li class='av-share-link av-social-link-twitter' ><a target=\"_blank\" aria-label=\"Compartir en Twitter\" href='https:\/\/twitter.com\/share?text=DEM%20Ays%C3%A9n%20valora%20compromiso%20de%20las%20comunidades%20educativas%20en%20islas%20Huichas%20en%20pos%20del%20bienestar%20de%20sus%20estudiantes&#038;url=https:\/\/radiorevelacionfm.cl\/?p=7703' aria-hidden='false' data-av_icon='\ue8f1' data-av_iconfont='entypo-fontello' title='' data-avia-related-tooltip='Compartir en Twitter' rel=\"noopener\"><span class='avia_hidden_link_text'>Compartir en Twitter<\/span><\/a><\/li><li class='av-share-link av-social-link-whatsapp' ><a target=\"_blank\" aria-label=\"Compartir en Whatsapp\" href='https:\/\/api.whatsapp.com\/send?text=https:\/\/radiorevelacionfm.cl\/?p=7703' aria-hidden='false' data-av_icon='\uf232' data-av_iconfont='entypo-fontello' title='' data-avia-related-tooltip='Compartir en Whatsapp' rel=\"noopener\"><span class='avia_hidden_link_text'>Compartir en Whatsapp<\/span><\/a><\/li><li class='av-share-link av-social-link-linkedin' ><a target=\"_blank\" aria-label=\"Compartir en LinkedIn\" href='https:\/\/linkedin.com\/shareArticle?mini=true&#038;title=DEM%20Ays%C3%A9n%20valora%20compromiso%20de%20las%20comunidades%20educativas%20en%20islas%20Huichas%20en%20pos%20del%20bienestar%20de%20sus%20estudiantes&#038;url=https:\/\/radiorevelacionfm.cl\/?p=7703' aria-hidden='false' data-av_icon='\ue8fc' data-av_iconfont='entypo-fontello' title='' data-avia-related-tooltip='Compartir en LinkedIn' rel=\"noopener\"><span class='avia_hidden_link_text'>Compartir en LinkedIn<\/span><\/a><\/li><li class='av-share-link av-social-link-mail' ><a  aria-label=\"Compartir por correo\" href='mailto:?subject=DEM%20Ays%C3%A9n%20valora%20compromiso%20de%20las%20comunidades%20educativas%20en%20islas%20Huichas%20en%20pos%20del%20bienestar%20de%20sus%20estudiantes&#038;body=https:\/\/radiorevelacionfm.cl\/?p=7703' aria-hidden='false' data-av_icon='\ue805' data-av_iconfont='entypo-fontello' title='' data-avia-related-tooltip='Compartir por correo'><span class='avia_hidden_link_text'>Compartir por correo<\/span><\/a><\/li><\/ul><\/div><\/div>\n<div  style='height:50px' class='hr hr-invisible   avia-builder-el-8  el_after_av_social_share  el_before_av_comments_list '><span class='hr-inner ' ><span class='hr-inner-style'><\/span><\/span><\/div>\n<div  class='av-buildercomment  av-blog-meta-html-info-disabled av-blog-meta-tag-disabled  '><\/div>\n","protected":false},"excerpt":{"rendered":"","protected":false},"author":1,"featured_media":7704,"comment_status":"open","ping_status":"open","sticky":false,"template":"","format":"standard","meta":{"footnotes":""},"categories":[49],"tags":[],"class_list":["post-7703","post","type-post","status-publish","format-standard","has-post-thumbnail","hentry","category-educacion"],"jetpack_featured_media_url":"https:\/\/radiorevelacionfm.cl\/wp-content\/uploads\/2021\/08\/DEM1-1-1.jpg","_links":{"self":[{"href":"https:\/\/radiorevelacionfm.cl\/index.php?rest_route=\/wp\/v2\/posts\/7703","targetHints":{"allow":["GET"]}}],"collection":[{"href":"https:\/\/radiorevelacionfm.cl\/index.php?rest_route=\/wp\/v2\/posts"}],"about":[{"href":"https:\/\/radiorevelacionfm.cl\/index.php?rest_route=\/wp\/v2\/types\/post"}],"author":[{"embeddable":true,"href":"https:\/\/radiorevelacionfm.cl\/index.php?rest_route=\/wp\/v2\/users\/1"}],"replies":[{"embeddable":true,"href":"https:\/\/radiorevelacionfm.cl\/index.php?rest_route=%2Fwp%2Fv2%2Fcomments&post=7703"}],"version-history":[{"count":1,"href":"https:\/\/radiorevelacionfm.cl\/index.php?rest_route=\/wp\/v2\/posts\/7703\/revisions"}],"predecessor-version":[{"id":7705,"href":"https:\/\/radiorevelacionfm.cl\/index.php?rest_route=\/wp\/v2\/posts\/7703\/revisions\/7705"}],"wp:featuredmedia":[{"embeddable":true,"href":"https:\/\/radiorevelacionfm.cl\/index.php?rest_route=\/wp\/v2\/media\/7704"}],"wp:attachment":[{"href":"https:\/\/radiorevelacionfm.cl\/index.php?rest_route=%2Fwp%2Fv2%2Fmedia&parent=7703"}],"wp:term":[{"taxonomy":"category","embeddable":true,"href":"https:\/\/radiorevelacionfm.cl\/index.php?rest_route=%2Fwp%2Fv2%2Fcategories&post=7703"},{"taxonomy":"post_tag","embeddable":true,"href":"https:\/\/radiorevelacionfm.cl\/index.php?rest_route=%2Fwp%2Fv2%2Ftags&post=7703"}],"curies":[{"name":"wp","href":"https:\/\/api.w.org\/{rel}","templated":true}]}}