{"id":7699,"date":"2021-08-20T10:55:41","date_gmt":"2021-08-20T13:55:41","guid":{"rendered":"https:\/\/radiorevelacionfm.cl\/?p=7699"},"modified":"2021-08-20T10:55:41","modified_gmt":"2021-08-20T13:55:41","slug":"liceo-de-puerto-cisnes-es-seleccionado-para-calefaccion-con-geotermia","status":"publish","type":"post","link":"https:\/\/radiorevelacionfm.cl\/?p=7699","title":{"rendered":"Liceo de Puerto Cisnes es seleccionado para calefacci\u00f3n con geotermia"},"content":{"rendered":"<div class=\"flex_column av_one_full  flex_column_div av-zero-column-padding first  avia-builder-el-0  el_before_av_one_full  avia-builder-el-first  \" style='border-radius:0px; '><div  class='avia-image-container  av-styling-    avia-builder-el-1  avia-builder-el-no-sibling  avia-align-center '  itemprop=\"image\" itemscope=\"itemscope\" itemtype=\"https:\/\/schema.org\/ImageObject\"  ><div class='avia-image-container-inner'><div class='avia-image-overlay-wrap'><img decoding=\"async\" class='wp-image-7700 avia-img-lazy-loading-not-7700 avia_image' src=\"https:\/\/radiorevelacionfm.cl\/wp-content\/uploads\/2021\/08\/dji_0460-1_optimized.jpg\" alt='' title='dji_0460-(1)_optimized' height=\"600\" width=\"800\"  itemprop=\"thumbnailUrl\" srcset=\"https:\/\/radiorevelacionfm.cl\/wp-content\/uploads\/2021\/08\/dji_0460-1_optimized.jpg 800w, https:\/\/radiorevelacionfm.cl\/wp-content\/uploads\/2021\/08\/dji_0460-1_optimized-300x225.jpg 300w, https:\/\/radiorevelacionfm.cl\/wp-content\/uploads\/2021\/08\/dji_0460-1_optimized-768x576.jpg 768w, https:\/\/radiorevelacionfm.cl\/wp-content\/uploads\/2021\/08\/dji_0460-1_optimized-705x529.jpg 705w, https:\/\/radiorevelacionfm.cl\/wp-content\/uploads\/2021\/08\/dji_0460-1_optimized-600x450.jpg 600w\" sizes=\"(max-width: 800px) 100vw, 800px\" \/><\/div><\/div><\/div><\/div><div class=\"flex_column av_one_full  flex_column_div av-zero-column-padding first  avia-builder-el-2  el_after_av_one_full  el_before_av_one_full  column-top-margin\" style='border-radius:0px; '><section class=\"av_textblock_section \"  itemscope=\"itemscope\" itemtype=\"https:\/\/schema.org\/BlogPosting\" itemprop=\"blogPost\" ><div class='avia_textblock  '   itemprop=\"text\" ><p style=\"text-align: center;\"><strong><span style=\"font-size: 18pt;\">Liceo de Puerto Cisnes es seleccionado para calefacci\u00f3n con geotermia<\/span><\/strong><\/p>\n<div id=\"gtx-trans\" style=\"position: absolute; left: -50px; top: 4.31534px;\">\n<div class=\"gtx-trans-icon\"><\/div>\n<\/div>\n<\/div><\/section><\/div><div class=\"flex_column av_one_full  flex_column_div av-zero-column-padding first  avia-builder-el-4  el_after_av_one_full  el_before_av_hr  column-top-margin\" style='border-radius:0px; '><section class=\"av_textblock_section \"  itemscope=\"itemscope\" itemtype=\"https:\/\/schema.org\/BlogPosting\" itemprop=\"blogPost\" ><div class='avia_textblock  '   itemprop=\"text\" ><p style=\"font-weight: 400; text-align: justify;\">Despu\u00e9s de la exitosa climatizaci\u00f3n del Liceo Altos del Mackay en Coyhaique, y de una nueva experiencia con bombas de calor geot\u00e9rmicas en la escuela Luis Cruz Mart\u00ednez de Curacaut\u00edn, en la regi\u00f3n de La Araucan\u00eda, el Centro de Excelencia en Geotermia de Los Andes (CEGA) se aboc\u00f3 a la tarea de encontrar un nuevo establecimiento educacional de la Regi\u00f3n de Ays\u00e9n, espec\u00edficamente en la comuna de Cisnes, luego de que la Divisi\u00f3n de Acceso y Desarrollo Social del Ministerio de Energ\u00eda destinara cerca de $350 millones para tales efectos, en el marco de un convenio\u00a0que busca implementar proyectos para calefacci\u00f3n en base a energ\u00eda geot\u00e9rmica de uso directo en establecimientos educacionales en zonas rurales a lo largo del pa\u00eds.\u00a0La iniciativa tiene por objeto mejorar la calidad de vida de la comunidad escolar a trav\u00e9s del reemplazo de la le\u00f1a por geotermia, en una zona con clima muy fr\u00edo y lluvioso, donde la calefacci\u00f3n forma parte sustancial de la vida.<\/p>\n<p style=\"font-weight: 400; text-align: justify;\">El resultado fue la elecci\u00f3n del Liceo Arturo Prat en la comuna de Cisnes (cerca de 200 kms. al norte de Coyhaique), el que luego de un riguroso estudio de prefactibilidad por parte de investigadores del CEGA, result\u00f3 ser la opci\u00f3n id\u00f3nea para este innovador sistema de calefacci\u00f3n. Es, adem\u00e1s, un establecimiento con un alto \u00edndice de vulnerabilidad escolar (IVE de 87%), por lo que poder intervenir e impactar en su comunidad resulta doblemente relevante.<\/p>\n<p style=\"font-weight: 400; text-align: justify;\">Julio Cuadra Stipetich,\u00a0jefe de la Divisi\u00f3n de Acceso y Desarrollo Social del Ministerio de Energ\u00eda, precisa \u201ceste proyecto se enmarca en la l\u00ednea de acci\u00f3n de\u00a0<em>Mejoramiento del suministro energ\u00e9tico en escuelas rurales<\/em>, comprometida en la Ruta Energ\u00e9tica 2018-2022, que busca mejorar las condiciones de confort t\u00e9rmico al interior de los establecimientos, as\u00ed como facilitar el acceso a agua caliente y a un suministro el\u00e9ctrico continuo y seguro, a trav\u00e9s de soluciones limpias y sostenibles. En este sentido, la Ruta Energ\u00e9tica estimula la implementaci\u00f3n de proyectos t\u00e9rmicos renovables, destacando el uso directo de la geotermia\u201d.<\/p>\n<p style=\"font-weight: 400; text-align: justify;\">Por su parte, el Seremi de Energ\u00eda de la Regi\u00f3n de Ays\u00e9n, Juan Luis Amen\u00e1bar, afirma que \u201crecibimos con mucha alegr\u00eda esta buena noticia, plenamente acorde con nuestra Pol\u00edtica Energ\u00e9tica Regional, que busca aprovechar cada d\u00eda m\u00e1s nuestras energ\u00edas renovables en desmedro de las m\u00e1s contaminantes, como es la le\u00f1a h\u00fameda. Brindar calefacci\u00f3n limpia a una comunidad escolar mediante la geotermia genera impactos positivos para la comunidad, no solo ambientales, sino que adem\u00e1s va generando desde temprana edad en los estudiantes una conciencia de cuidado al medio ambiente y buen uso de los recursos renovables, algo esencial en la formaci\u00f3n de las futuras generaciones\u201d. A su vez, el alcalde de Cisnes, Francisco Roncagliolo, se manifest\u00f3 muy agradecido por \u00a0la selecci\u00f3n de la comuna para la implementaci\u00f3n de este nuevo proyecto que aprovecha la geotermia y que significar\u00e1 un importante cambio en el liceo seleccionado.<\/p>\n<p style=\"font-weight: 400; text-align: justify;\">Para Mauricio Mu\u00f1oz, investigador CEGA y coordinador del proyecto, \u201crepresenta un lindo desaf\u00edo poder nuevamente como CEGA climatizar un establecimiento educacional de la Regi\u00f3n de Ays\u00e9n. Estamos en una zona del pa\u00eds con enormes requerimientos de calefacci\u00f3n y que tiene excelentes condiciones para el desarrollo de la geotermia, la que resulta ser una alternativa sustentable, amigable con el medio ambiente y lo mejor de todo es que estamos reemplazando la le\u00f1a que tanto ha contaminado el aire de la regi\u00f3n y que pone en riesgo sus bosques\u201d.<\/p>\n<p style=\"font-weight: 400; text-align: justify;\">En la actualidad, el colegio es calefaccionado con una caldera a le\u00f1a y apoyo con combustiones lentas en las salas, y la expectativa es poder reemplazar este uso en el 100% de las salas de clases y en algunos espacios compartidos tales como pasillos, patios interiores, oficinas, etc. En total, el proyecto contempla 1.300 m<sup>2<\/sup>\u00a0de cobertura a trav\u00e9s del uso directo con bombas de calor geot\u00e9rmicas y un sistema de distribuci\u00f3n de calor centralizado.<\/p>\n<p style=\"font-weight: 400; text-align: justify;\">La ejecuci\u00f3n de este proyecto se extender\u00e1 por todo el presente a\u00f1o y parte de 2022, esperando estar operativo para el invierno del pr\u00f3ximo a\u00f1o, con temperaturas estables que tendr\u00e1n un promedio de 22\u00b0C, beneficiando a cerca de 210 alumnos, profesores y asistentes de la educaci\u00f3n que tendr\u00e1n al calor de la tierra ayudando a mejorar su calidad de vida y aprendizaje.<\/p>\n<\/div><\/section><\/div><div  style='height:50px' class='hr hr-invisible   avia-builder-el-6  el_after_av_one_full  el_before_av_social_share '><span class='hr-inner ' ><span class='hr-inner-style'><\/span><\/span><\/div><\/p>\n<div  class='av-social-sharing-box  avia-builder-el-7  el_after_av_hr  el_before_av_hr  '><div class='av-share-box'><h5 class='av-share-link-description av-no-toc '>Compartir esta noticia<\/h5><ul class='av-share-box-list noLightbox'><li class='av-share-link av-social-link-facebook' ><a target=\"_blank\" aria-label=\"Compartir en Facebook\" href='https:\/\/www.facebook.com\/sharer.php?u=https:\/\/radiorevelacionfm.cl\/?p=7699&#038;t=Liceo%20de%20Puerto%20Cisnes%20es%20seleccionado%20para%20calefacci%C3%B3n%20con%20geotermia' aria-hidden='false' data-av_icon='\ue8f3' data-av_iconfont='entypo-fontello' title='' data-avia-related-tooltip='Compartir en Facebook' rel=\"noopener\"><span class='avia_hidden_link_text'>Compartir en Facebook<\/span><\/a><\/li><li class='av-share-link av-social-link-twitter' ><a target=\"_blank\" aria-label=\"Compartir en Twitter\" href='https:\/\/twitter.com\/share?text=Liceo%20de%20Puerto%20Cisnes%20es%20seleccionado%20para%20calefacci%C3%B3n%20con%20geotermia&#038;url=https:\/\/radiorevelacionfm.cl\/?p=7699' aria-hidden='false' data-av_icon='\ue8f1' data-av_iconfont='entypo-fontello' title='' data-avia-related-tooltip='Compartir en Twitter' rel=\"noopener\"><span class='avia_hidden_link_text'>Compartir en Twitter<\/span><\/a><\/li><li class='av-share-link av-social-link-whatsapp' ><a target=\"_blank\" aria-label=\"Compartir en Whatsapp\" href='https:\/\/api.whatsapp.com\/send?text=https:\/\/radiorevelacionfm.cl\/?p=7699' aria-hidden='false' data-av_icon='\uf232' data-av_iconfont='entypo-fontello' title='' data-avia-related-tooltip='Compartir en Whatsapp' rel=\"noopener\"><span class='avia_hidden_link_text'>Compartir en Whatsapp<\/span><\/a><\/li><li class='av-share-link av-social-link-linkedin' ><a target=\"_blank\" aria-label=\"Compartir en LinkedIn\" href='https:\/\/linkedin.com\/shareArticle?mini=true&#038;title=Liceo%20de%20Puerto%20Cisnes%20es%20seleccionado%20para%20calefacci%C3%B3n%20con%20geotermia&#038;url=https:\/\/radiorevelacionfm.cl\/?p=7699' aria-hidden='false' data-av_icon='\ue8fc' data-av_iconfont='entypo-fontello' title='' data-avia-related-tooltip='Compartir en LinkedIn' rel=\"noopener\"><span class='avia_hidden_link_text'>Compartir en LinkedIn<\/span><\/a><\/li><li class='av-share-link av-social-link-mail' ><a  aria-label=\"Compartir por correo\" href='mailto:?subject=Liceo%20de%20Puerto%20Cisnes%20es%20seleccionado%20para%20calefacci%C3%B3n%20con%20geotermia&#038;body=https:\/\/radiorevelacionfm.cl\/?p=7699' aria-hidden='false' data-av_icon='\ue805' data-av_iconfont='entypo-fontello' title='' data-avia-related-tooltip='Compartir por correo'><span class='avia_hidden_link_text'>Compartir por correo<\/span><\/a><\/li><\/ul><\/div><\/div>\n<div  style='height:50px' class='hr hr-invisible   avia-builder-el-8  el_after_av_social_share  el_before_av_comments_list '><span class='hr-inner ' ><span class='hr-inner-style'><\/span><\/span><\/div>\n<div  class='av-buildercomment  av-blog-meta-html-info-disabled av-blog-meta-tag-disabled  '><\/div>\n","protected":false},"excerpt":{"rendered":"","protected":false},"author":1,"featured_media":7700,"comment_status":"open","ping_status":"open","sticky":false,"template":"","format":"standard","meta":{"footnotes":""},"categories":[38],"tags":[],"class_list":["post-7699","post","type-post","status-publish","format-standard","has-post-thumbnail","hentry","category-regional"],"jetpack_featured_media_url":"https:\/\/radiorevelacionfm.cl\/wp-content\/uploads\/2021\/08\/dji_0460-1_optimized.jpg","_links":{"self":[{"href":"https:\/\/radiorevelacionfm.cl\/index.php?rest_route=\/wp\/v2\/posts\/7699","targetHints":{"allow":["GET"]}}],"collection":[{"href":"https:\/\/radiorevelacionfm.cl\/index.php?rest_route=\/wp\/v2\/posts"}],"about":[{"href":"https:\/\/radiorevelacionfm.cl\/index.php?rest_route=\/wp\/v2\/types\/post"}],"author":[{"embeddable":true,"href":"https:\/\/radiorevelacionfm.cl\/index.php?rest_route=\/wp\/v2\/users\/1"}],"replies":[{"embeddable":true,"href":"https:\/\/radiorevelacionfm.cl\/index.php?rest_route=%2Fwp%2Fv2%2Fcomments&post=7699"}],"version-history":[{"count":1,"href":"https:\/\/radiorevelacionfm.cl\/index.php?rest_route=\/wp\/v2\/posts\/7699\/revisions"}],"predecessor-version":[{"id":7701,"href":"https:\/\/radiorevelacionfm.cl\/index.php?rest_route=\/wp\/v2\/posts\/7699\/revisions\/7701"}],"wp:featuredmedia":[{"embeddable":true,"href":"https:\/\/radiorevelacionfm.cl\/index.php?rest_route=\/wp\/v2\/media\/7700"}],"wp:attachment":[{"href":"https:\/\/radiorevelacionfm.cl\/index.php?rest_route=%2Fwp%2Fv2%2Fmedia&parent=7699"}],"wp:term":[{"taxonomy":"category","embeddable":true,"href":"https:\/\/radiorevelacionfm.cl\/index.php?rest_route=%2Fwp%2Fv2%2Fcategories&post=7699"},{"taxonomy":"post_tag","embeddable":true,"href":"https:\/\/radiorevelacionfm.cl\/index.php?rest_route=%2Fwp%2Fv2%2Ftags&post=7699"}],"curies":[{"name":"wp","href":"https:\/\/api.w.org\/{rel}","templated":true}]}}