{"id":7693,"date":"2021-08-20T13:11:27","date_gmt":"2021-08-20T16:11:27","guid":{"rendered":"https:\/\/radiorevelacionfm.cl\/?p=7693"},"modified":"2021-08-20T13:11:27","modified_gmt":"2021-08-20T16:11:27","slug":"ante-retorno-a-clases-pdi-llama-a-estar-alerta-frente-al-fenomeno-del-acoso-escolar","status":"publish","type":"post","link":"https:\/\/radiorevelacionfm.cl\/?p=7693","title":{"rendered":"Ante retorno a clases: PDI llama a estar alerta frente al fen\u00f3meno del acoso escolar"},"content":{"rendered":"<div class=\"flex_column av_one_full  flex_column_div av-zero-column-padding first  avia-builder-el-0  el_before_av_one_full  avia-builder-el-first  \" style='border-radius:0px; '><div  class='avia-image-container  av-styling-    avia-builder-el-1  avia-builder-el-no-sibling  avia-align-center '  itemprop=\"image\" itemscope=\"itemscope\" itemtype=\"https:\/\/schema.org\/ImageObject\"  ><div class='avia-image-container-inner'><div class='avia-image-overlay-wrap'><img decoding=\"async\" class='wp-image-7694 avia-img-lazy-loading-not-7694 avia_image' src=\"https:\/\/radiorevelacionfm.cl\/wp-content\/uploads\/2021\/08\/pdi-generica-004-1_optimized.jpg\" alt='' title='pdi-gen\u00e9rica-004-(1)_optimized' height=\"600\" width=\"903\"  itemprop=\"thumbnailUrl\" srcset=\"https:\/\/radiorevelacionfm.cl\/wp-content\/uploads\/2021\/08\/pdi-generica-004-1_optimized.jpg 903w, https:\/\/radiorevelacionfm.cl\/wp-content\/uploads\/2021\/08\/pdi-generica-004-1_optimized-300x199.jpg 300w, https:\/\/radiorevelacionfm.cl\/wp-content\/uploads\/2021\/08\/pdi-generica-004-1_optimized-768x510.jpg 768w, https:\/\/radiorevelacionfm.cl\/wp-content\/uploads\/2021\/08\/pdi-generica-004-1_optimized-705x468.jpg 705w, https:\/\/radiorevelacionfm.cl\/wp-content\/uploads\/2021\/08\/pdi-generica-004-1_optimized-600x399.jpg 600w\" sizes=\"(max-width: 903px) 100vw, 903px\" \/><\/div><\/div><\/div><\/div><div class=\"flex_column av_one_full  flex_column_div av-zero-column-padding first  avia-builder-el-2  el_after_av_one_full  el_before_av_one_full  column-top-margin\" style='border-radius:0px; '><section class=\"av_textblock_section \"  itemscope=\"itemscope\" itemtype=\"https:\/\/schema.org\/BlogPosting\" itemprop=\"blogPost\" ><div class='avia_textblock  '   itemprop=\"text\" ><p style=\"text-align: center;\"><strong><span style=\"font-size: 18pt;\">Ante retorno a clases: PDI llama a estar alerta frente al fen\u00f3meno del acoso escolar<\/span><\/strong><\/p>\n<div id=\"gtx-trans\" style=\"position: absolute; left: -50px; top: 4.31534px;\">\n<div class=\"gtx-trans-icon\"><\/div>\n<\/div>\n<\/div><\/section><\/div><div class=\"flex_column av_one_full  flex_column_div av-zero-column-padding first  avia-builder-el-4  el_after_av_one_full  el_before_av_hr  column-top-margin\" style='border-radius:0px; '><section class=\"av_textblock_section \"  itemscope=\"itemscope\" itemtype=\"https:\/\/schema.org\/BlogPosting\" itemprop=\"blogPost\" ><div class='avia_textblock  '   itemprop=\"text\" ><p style=\"text-align: justify;\">Los avances y actualizaciones en el Plan Paso a Paso y la mejora en las condiciones sanitarias permitieron el retorno de manera gradual a las clases presenciales por parte de los establecimientos educacionales de la regi\u00f3n. As\u00ed, recientemente, las autoridades sectoriales del \u00e1rea informaron que el 96% de los planteles educativos de Ays\u00e9n est\u00e1n abiertos y con clases presenciales. Ante esta situaci\u00f3n, desde la Polic\u00eda de Investigaciones de Chile realizaron un llamado a la comunidad educativa, padres, madres y apoderados a estar alerta frente a distintos temas que puedan afectar a los ni\u00f1os, ni\u00f1as y adolescentes durante este retorno a clases, ya sea presencial, virtual o h\u00edbrido.<\/p>\n<p style=\"text-align: justify;\">Desde la Brigada Investigadora de Delitos Sexuales (BRISEX) Coyhaique enfatizaron que, luego de un periodo tan extenso sin clases de manera presencial, es posible detectar cambios en las conductas y comportamientos de los estudiantes. \u201cNuestras formas de comunicarnos, estudiar, comprar, divertirnos, etc., han migrado hacia el espacio virtual, nuestra vida cotidiana se fue tornando cada vez m\u00e1s digital en la medida que avanzaba la pandemia, por tanto, debemos estar muy alerta a las interacciones de los ni\u00f1os, ni\u00f1as y adolescente en el retorno gradual a la presencialidad en los establecimientos educacionales\u201d, puntualiz\u00f3 el subprefecto Richard Biernay, jefe de la unidad especializada.<\/p>\n<p style=\"text-align: justify;\">Uno de los fen\u00f3menos que repercute a nivel educacional, y que podr\u00eda retornar con el regreso a las clases de manera presencial, se relaciona con el acoso escolar, m\u00e1s conocido como bullying. \u201cSe trata de una situaci\u00f3n donde uno o m\u00e1s estudiantes persiguen e intimidan a otro, victimiz\u00e1ndolo a trav\u00e9s de insultos, rumores burlescos o mal intencionados, humillaciones, asilamiento social, apodos, agresiones f\u00edsicas, lesiones, amenazas, coacciones, entre otros\u201d, enfatiz\u00f3 el jefe de la BRISEX Coyhaique.<\/p>\n<p style=\"text-align: justify;\">De acuerdo a lo informado por el subprefecto Biernay, \u201ccuando este tipo de acciones y conductas se tornan reiterativas y se prolongan en el tiempo estamos frente al fen\u00f3meno de acoso escolar, generando graves consecuencias para la v\u00edctima, los espectadores y la armon\u00eda del curso\u201d.<\/p>\n<p style=\"text-align: justify;\">Cabe destacar que, durante el periodo de las clases virtuales, este fen\u00f3meno podr\u00eda haberse trasladado hacia un escenario digital, gener\u00e1ndose a trav\u00e9s de redes sociales e internet a las que estuvieron m\u00e1s expuestos ni\u00f1os, ni\u00f1as y adolescentes durante la pandemia. \u201cEn este caso, estamos frente al ciberbullying, fen\u00f3meno que se caracteriza por el uso indebido de la red para agredir, maltratar o atacar psicol\u00f3gicamente de manera deliberada y continua a un ni\u00f1o, ni\u00f1a o adolescente por parte de sus pares a trav\u00e9s de internet, mediante mensajes en redes sociales con el objetivo de someter, asustar y amenazar\u201d, agreg\u00f3 el jefe de la unidad, subrayando que una v\u00edctima de ciberacoso escolar podr\u00eda no querer retornar a clases ante situaciones producidas en redes sociales.<\/p>\n<p style=\"text-align: justify;\">Las caracter\u00edsticas principales del bullying y ciberbullying, detectadas tras los an\u00e1lisis de los especialistas de la PDI, se relacionan con que son acciones intencionales, reiteradas en el tiempo, ocurren cuando un tercero mantiene un complejo de superioridad sobre otro, existe indefensi\u00f3n de la v\u00edctima, exclusi\u00f3n y marginaci\u00f3n, entre otros.<\/p>\n<\/div><\/section><\/div><div  style='height:50px' class='hr hr-invisible   avia-builder-el-6  el_after_av_one_full  el_before_av_social_share '><span class='hr-inner ' ><span class='hr-inner-style'><\/span><\/span><\/div><\/p>\n<div  class='av-social-sharing-box  avia-builder-el-7  el_after_av_hr  el_before_av_hr  '><div class='av-share-box'><h5 class='av-share-link-description av-no-toc '>Compartir esta noticia<\/h5><ul class='av-share-box-list noLightbox'><li class='av-share-link av-social-link-facebook' ><a target=\"_blank\" aria-label=\"Compartir en Facebook\" href='https:\/\/www.facebook.com\/sharer.php?u=https:\/\/radiorevelacionfm.cl\/?p=7693&#038;t=Ante%20retorno%20a%20clases%3A%20PDI%20llama%20a%20estar%20alerta%20frente%20al%20fen%C3%B3meno%20del%20acoso%20escolar' aria-hidden='false' data-av_icon='\ue8f3' data-av_iconfont='entypo-fontello' title='' data-avia-related-tooltip='Compartir en Facebook' rel=\"noopener\"><span class='avia_hidden_link_text'>Compartir en Facebook<\/span><\/a><\/li><li class='av-share-link av-social-link-twitter' ><a target=\"_blank\" aria-label=\"Compartir en Twitter\" href='https:\/\/twitter.com\/share?text=Ante%20retorno%20a%20clases%3A%20PDI%20llama%20a%20estar%20alerta%20frente%20al%20fen%C3%B3meno%20del%20acoso%20escolar&#038;url=https:\/\/radiorevelacionfm.cl\/?p=7693' aria-hidden='false' data-av_icon='\ue8f1' data-av_iconfont='entypo-fontello' title='' data-avia-related-tooltip='Compartir en Twitter' rel=\"noopener\"><span class='avia_hidden_link_text'>Compartir en Twitter<\/span><\/a><\/li><li class='av-share-link av-social-link-whatsapp' ><a target=\"_blank\" aria-label=\"Compartir en Whatsapp\" href='https:\/\/api.whatsapp.com\/send?text=https:\/\/radiorevelacionfm.cl\/?p=7693' aria-hidden='false' data-av_icon='\uf232' data-av_iconfont='entypo-fontello' title='' data-avia-related-tooltip='Compartir en Whatsapp' rel=\"noopener\"><span class='avia_hidden_link_text'>Compartir en Whatsapp<\/span><\/a><\/li><li class='av-share-link av-social-link-linkedin' ><a target=\"_blank\" aria-label=\"Compartir en LinkedIn\" href='https:\/\/linkedin.com\/shareArticle?mini=true&#038;title=Ante%20retorno%20a%20clases%3A%20PDI%20llama%20a%20estar%20alerta%20frente%20al%20fen%C3%B3meno%20del%20acoso%20escolar&#038;url=https:\/\/radiorevelacionfm.cl\/?p=7693' aria-hidden='false' data-av_icon='\ue8fc' data-av_iconfont='entypo-fontello' title='' data-avia-related-tooltip='Compartir en LinkedIn' rel=\"noopener\"><span class='avia_hidden_link_text'>Compartir en LinkedIn<\/span><\/a><\/li><li class='av-share-link av-social-link-mail' ><a  aria-label=\"Compartir por correo\" href='mailto:?subject=Ante%20retorno%20a%20clases%3A%20PDI%20llama%20a%20estar%20alerta%20frente%20al%20fen%C3%B3meno%20del%20acoso%20escolar&#038;body=https:\/\/radiorevelacionfm.cl\/?p=7693' aria-hidden='false' data-av_icon='\ue805' data-av_iconfont='entypo-fontello' title='' data-avia-related-tooltip='Compartir por correo'><span class='avia_hidden_link_text'>Compartir por correo<\/span><\/a><\/li><\/ul><\/div><\/div>\n<div  style='height:50px' class='hr hr-invisible   avia-builder-el-8  el_after_av_social_share  el_before_av_comments_list '><span class='hr-inner ' ><span class='hr-inner-style'><\/span><\/span><\/div>\n<div  class='av-buildercomment  av-blog-meta-html-info-disabled av-blog-meta-tag-disabled  '><\/div>\n","protected":false},"excerpt":{"rendered":"","protected":false},"author":1,"featured_media":7694,"comment_status":"open","ping_status":"open","sticky":false,"template":"","format":"standard","meta":{"footnotes":""},"categories":[36],"tags":[],"class_list":["post-7693","post","type-post","status-publish","format-standard","has-post-thumbnail","hentry","category-policial"],"jetpack_featured_media_url":"https:\/\/radiorevelacionfm.cl\/wp-content\/uploads\/2021\/08\/pdi-generica-004-1_optimized.jpg","_links":{"self":[{"href":"https:\/\/radiorevelacionfm.cl\/index.php?rest_route=\/wp\/v2\/posts\/7693","targetHints":{"allow":["GET"]}}],"collection":[{"href":"https:\/\/radiorevelacionfm.cl\/index.php?rest_route=\/wp\/v2\/posts"}],"about":[{"href":"https:\/\/radiorevelacionfm.cl\/index.php?rest_route=\/wp\/v2\/types\/post"}],"author":[{"embeddable":true,"href":"https:\/\/radiorevelacionfm.cl\/index.php?rest_route=\/wp\/v2\/users\/1"}],"replies":[{"embeddable":true,"href":"https:\/\/radiorevelacionfm.cl\/index.php?rest_route=%2Fwp%2Fv2%2Fcomments&post=7693"}],"version-history":[{"count":1,"href":"https:\/\/radiorevelacionfm.cl\/index.php?rest_route=\/wp\/v2\/posts\/7693\/revisions"}],"predecessor-version":[{"id":7695,"href":"https:\/\/radiorevelacionfm.cl\/index.php?rest_route=\/wp\/v2\/posts\/7693\/revisions\/7695"}],"wp:featuredmedia":[{"embeddable":true,"href":"https:\/\/radiorevelacionfm.cl\/index.php?rest_route=\/wp\/v2\/media\/7694"}],"wp:attachment":[{"href":"https:\/\/radiorevelacionfm.cl\/index.php?rest_route=%2Fwp%2Fv2%2Fmedia&parent=7693"}],"wp:term":[{"taxonomy":"category","embeddable":true,"href":"https:\/\/radiorevelacionfm.cl\/index.php?rest_route=%2Fwp%2Fv2%2Fcategories&post=7693"},{"taxonomy":"post_tag","embeddable":true,"href":"https:\/\/radiorevelacionfm.cl\/index.php?rest_route=%2Fwp%2Fv2%2Ftags&post=7693"}],"curies":[{"name":"wp","href":"https:\/\/api.w.org\/{rel}","templated":true}]}}