{"id":7690,"date":"2021-08-20T11:56:10","date_gmt":"2021-08-20T14:56:10","guid":{"rendered":"https:\/\/radiorevelacionfm.cl\/?p=7690"},"modified":"2021-08-20T12:43:03","modified_gmt":"2021-08-20T15:43:03","slug":"alcalde-de-chile-chico-la-mezquindad-del-ejercito-es-historica-es-impresentable-no-ceder-terreno-para-el-hospital-regional","status":"publish","type":"post","link":"https:\/\/radiorevelacionfm.cl\/?p=7690","title":{"rendered":"Alcalde de Chile Chico \u201cLa mezquindad del Ej\u00e9rcito es hist\u00f3rica\u201d es impresentable no ceder terreno para el Hospital Regional"},"content":{"rendered":"<div class=\"flex_column av_one_full  flex_column_div av-zero-column-padding first  avia-builder-el-0  el_before_av_one_full  avia-builder-el-first  \" style='border-radius:0px; '><div  class='avia-image-container  av-styling-    avia-builder-el-1  avia-builder-el-no-sibling  avia-align-center '  itemprop=\"image\" itemscope=\"itemscope\" itemtype=\"https:\/\/schema.org\/ImageObject\"  ><div class='avia-image-container-inner'><div class='avia-image-overlay-wrap'><img decoding=\"async\" class='wp-image-7691 avia-img-lazy-loading-not-7691 avia_image' src=\"https:\/\/radiorevelacionfm.cl\/wp-content\/uploads\/2021\/08\/Alcalde-Munoz1-1-1.jpg\" alt='' title='Alcalde Mu\u00f1oz1 (1) (1)' height=\"600\" width=\"998\"  itemprop=\"thumbnailUrl\" srcset=\"https:\/\/radiorevelacionfm.cl\/wp-content\/uploads\/2021\/08\/Alcalde-Munoz1-1-1.jpg 998w, https:\/\/radiorevelacionfm.cl\/wp-content\/uploads\/2021\/08\/Alcalde-Munoz1-1-1-300x180.jpg 300w, https:\/\/radiorevelacionfm.cl\/wp-content\/uploads\/2021\/08\/Alcalde-Munoz1-1-1-768x462.jpg 768w, https:\/\/radiorevelacionfm.cl\/wp-content\/uploads\/2021\/08\/Alcalde-Munoz1-1-1-705x424.jpg 705w, https:\/\/radiorevelacionfm.cl\/wp-content\/uploads\/2021\/08\/Alcalde-Munoz1-1-1-600x361.jpg 600w\" sizes=\"(max-width: 998px) 100vw, 998px\" \/><\/div><\/div><\/div><\/div>\n<div class=\"flex_column av_one_full  flex_column_div av-zero-column-padding first  avia-builder-el-2  el_after_av_one_full  el_before_av_one_full  column-top-margin\" style='border-radius:0px; '><section class=\"av_textblock_section \"  itemscope=\"itemscope\" itemtype=\"https:\/\/schema.org\/BlogPosting\" itemprop=\"blogPost\" ><div class='avia_textblock  '   itemprop=\"text\" ><p style=\"text-align: center;\"><strong><span style=\"font-size: 18pt;\">Alcalde de Chile Chico \u201cLa mezquindad del Ej\u00e9rcito es hist\u00f3rica\u201d es impresentable no ceder terreno para el Hospital Regional<\/span><\/strong><\/p>\n<div id=\"gtx-trans\" style=\"position: absolute; left: -50px; top: 4.31534px;\">\n<div class=\"gtx-trans-icon\"><\/div>\n<\/div>\n<\/div><\/section><\/div><div class=\"flex_column av_one_full  flex_column_div av-zero-column-padding first  avia-builder-el-4  el_after_av_one_full  el_before_av_hr  column-top-margin\" style='border-radius:0px; '><section class=\"av_textblock_section \"  itemscope=\"itemscope\" itemtype=\"https:\/\/schema.org\/BlogPosting\" itemprop=\"blogPost\" ><div class='avia_textblock  '   itemprop=\"text\" ><p style=\"text-align: justify;\">El alcalde de Chile Chico, Luperciano Mu\u00f1oz, catalog\u00f3 como impresentable que el Ej\u00e9rcito se negara a ceder el terreno, ubicado a un costado de la Telet\u00f3n, para el proyecto de normalizaci\u00f3n del hospital de Coyhaique.<\/p>\n<p style=\"text-align: justify;\">Seg\u00fan el jefe comunal, contar con ese terreno significar\u00eda no solo materializar el proyecto de normalizaci\u00f3n del hospital regional, sino que la construcci\u00f3n de un edificio consistorial, con estacionamiento subterr\u00e1neo, donde se agrupen todos los servicios p\u00fablicos para as\u00ed dejar de pagar millonarios arriendos y facilitar el acceso a la gente.<\/p>\n<p style=\"text-align: justify;\">Esta iniciativa, de acuerdo a los se\u00f1alado por el edil, permitir\u00eda descongestionar la capital regional en t\u00e9rminos de movilidad, disminuyendo adem\u00e1s la contaminaci\u00f3n.<\/p>\n<p style=\"text-align: justify;\">Luperciano Mu\u00f1oz asegur\u00f3 que resolver este tema requiere la intervenci\u00f3n de la delegada presidencial, quien debe realizar una solicitud al Presidente de la Rep\u00fablica, para que a trav\u00e9s del decreto ley 1939 se realice la expropiaci\u00f3n del terreno, considerando la relevancia que esto tiene para el mejoramiento de la salud en la regi\u00f3n.<\/p>\n<p style=\"text-align: justify;\">\u201cDecl\u00e1rese de utilidad p\u00fablica y autor\u00edcese al Presidente de la Rep\u00fablica para expropiar, a trav\u00e9s del ministerio, los inmuebles situados dentro del radio urbano de las ciudades o pueblos que por ubicaci\u00f3n, cabida y deslindes, sean indispensables para la instalaci\u00f3n y funcionamiento de organismos estatales y de la administraci\u00f3n civil\u201d, se\u00f1ala el decreto ley 1939, en su art\u00edculo 41, cit\u00f3 Mu\u00f1oz.<\/p>\n<p style=\"text-align: justify;\">Finalmente, el edil asegur\u00f3 que \u201cfrente a este tema se tiene que unir toda la clase pol\u00edtica y social para conseguir que este terreno pueda ser utilizado para un proyecto que permitir\u00e1 ampliar la atenci\u00f3n de pacientes y transformar al hospital regional en un moderno centro de salud\u201d.<\/p>\n<\/div><\/section><\/div><\/p>\n<div  style='height:50px' class='hr hr-invisible   avia-builder-el-6  el_after_av_one_full  el_before_av_social_share '><span class='hr-inner ' ><span class='hr-inner-style'><\/span><\/span><\/div>\n<div  class='av-social-sharing-box  avia-builder-el-7  el_after_av_hr  el_before_av_hr  '><div class='av-share-box'><h5 class='av-share-link-description av-no-toc '>Compartir esta noticia<\/h5><ul class='av-share-box-list noLightbox'><li class='av-share-link av-social-link-facebook' ><a target=\"_blank\" aria-label=\"Compartir en Facebook\" href='https:\/\/www.facebook.com\/sharer.php?u=https:\/\/radiorevelacionfm.cl\/?p=7690&#038;t=Alcalde%20de%20Chile%20Chico%20%E2%80%9CLa%20mezquindad%20del%20Ej%C3%A9rcito%20es%20hist%C3%B3rica%E2%80%9D%20es%20impresentable%20no%20ceder%20terreno%20para%20el%20Hospital%20Regional' aria-hidden='false' data-av_icon='\ue8f3' data-av_iconfont='entypo-fontello' title='' data-avia-related-tooltip='Compartir en Facebook' rel=\"noopener\"><span class='avia_hidden_link_text'>Compartir en Facebook<\/span><\/a><\/li><li class='av-share-link av-social-link-twitter' ><a target=\"_blank\" aria-label=\"Compartir en Twitter\" href='https:\/\/twitter.com\/share?text=Alcalde%20de%20Chile%20Chico%20%E2%80%9CLa%20mezquindad%20del%20Ej%C3%A9rcito%20es%20hist%C3%B3rica%E2%80%9D%20es%20impresentable%20no%20ceder%20terreno%20para%20el%20Hospital%20Regional&#038;url=https:\/\/radiorevelacionfm.cl\/?p=7690' aria-hidden='false' data-av_icon='\ue8f1' data-av_iconfont='entypo-fontello' title='' data-avia-related-tooltip='Compartir en Twitter' rel=\"noopener\"><span class='avia_hidden_link_text'>Compartir en Twitter<\/span><\/a><\/li><li class='av-share-link av-social-link-whatsapp' ><a target=\"_blank\" aria-label=\"Compartir en Whatsapp\" href='https:\/\/api.whatsapp.com\/send?text=https:\/\/radiorevelacionfm.cl\/?p=7690' aria-hidden='false' data-av_icon='\uf232' data-av_iconfont='entypo-fontello' title='' data-avia-related-tooltip='Compartir en Whatsapp' rel=\"noopener\"><span class='avia_hidden_link_text'>Compartir en Whatsapp<\/span><\/a><\/li><li class='av-share-link av-social-link-linkedin' ><a target=\"_blank\" aria-label=\"Compartir en LinkedIn\" href='https:\/\/linkedin.com\/shareArticle?mini=true&#038;title=Alcalde%20de%20Chile%20Chico%20%E2%80%9CLa%20mezquindad%20del%20Ej%C3%A9rcito%20es%20hist%C3%B3rica%E2%80%9D%20es%20impresentable%20no%20ceder%20terreno%20para%20el%20Hospital%20Regional&#038;url=https:\/\/radiorevelacionfm.cl\/?p=7690' aria-hidden='false' data-av_icon='\ue8fc' data-av_iconfont='entypo-fontello' title='' data-avia-related-tooltip='Compartir en LinkedIn' rel=\"noopener\"><span class='avia_hidden_link_text'>Compartir en LinkedIn<\/span><\/a><\/li><li class='av-share-link av-social-link-mail' ><a  aria-label=\"Compartir por correo\" href='mailto:?subject=Alcalde%20de%20Chile%20Chico%20%E2%80%9CLa%20mezquindad%20del%20Ej%C3%A9rcito%20es%20hist%C3%B3rica%E2%80%9D%20es%20impresentable%20no%20ceder%20terreno%20para%20el%20Hospital%20Regional&#038;body=https:\/\/radiorevelacionfm.cl\/?p=7690' aria-hidden='false' data-av_icon='\ue805' data-av_iconfont='entypo-fontello' title='' data-avia-related-tooltip='Compartir por correo'><span class='avia_hidden_link_text'>Compartir por correo<\/span><\/a><\/li><\/ul><\/div><\/div>\n<div  style='height:50px' class='hr hr-invisible   avia-builder-el-8  el_after_av_social_share  el_before_av_comments_list '><span class='hr-inner ' ><span class='hr-inner-style'><\/span><\/span><\/div>\n<div  class='av-buildercomment  av-blog-meta-html-info-disabled av-blog-meta-tag-disabled  '><\/div>\n","protected":false},"excerpt":{"rendered":"","protected":false},"author":1,"featured_media":7706,"comment_status":"open","ping_status":"open","sticky":false,"template":"","format":"standard","meta":{"footnotes":""},"categories":[38],"tags":[],"class_list":["post-7690","post","type-post","status-publish","format-standard","has-post-thumbnail","hentry","category-regional"],"jetpack_featured_media_url":"https:\/\/radiorevelacionfm.cl\/wp-content\/uploads\/2021\/08\/Alcalde-Munoz1-1.jpg","_links":{"self":[{"href":"https:\/\/radiorevelacionfm.cl\/index.php?rest_route=\/wp\/v2\/posts\/7690","targetHints":{"allow":["GET"]}}],"collection":[{"href":"https:\/\/radiorevelacionfm.cl\/index.php?rest_route=\/wp\/v2\/posts"}],"about":[{"href":"https:\/\/radiorevelacionfm.cl\/index.php?rest_route=\/wp\/v2\/types\/post"}],"author":[{"embeddable":true,"href":"https:\/\/radiorevelacionfm.cl\/index.php?rest_route=\/wp\/v2\/users\/1"}],"replies":[{"embeddable":true,"href":"https:\/\/radiorevelacionfm.cl\/index.php?rest_route=%2Fwp%2Fv2%2Fcomments&post=7690"}],"version-history":[{"count":2,"href":"https:\/\/radiorevelacionfm.cl\/index.php?rest_route=\/wp\/v2\/posts\/7690\/revisions"}],"predecessor-version":[{"id":7702,"href":"https:\/\/radiorevelacionfm.cl\/index.php?rest_route=\/wp\/v2\/posts\/7690\/revisions\/7702"}],"wp:featuredmedia":[{"embeddable":true,"href":"https:\/\/radiorevelacionfm.cl\/index.php?rest_route=\/wp\/v2\/media\/7706"}],"wp:attachment":[{"href":"https:\/\/radiorevelacionfm.cl\/index.php?rest_route=%2Fwp%2Fv2%2Fmedia&parent=7690"}],"wp:term":[{"taxonomy":"category","embeddable":true,"href":"https:\/\/radiorevelacionfm.cl\/index.php?rest_route=%2Fwp%2Fv2%2Fcategories&post=7690"},{"taxonomy":"post_tag","embeddable":true,"href":"https:\/\/radiorevelacionfm.cl\/index.php?rest_route=%2Fwp%2Fv2%2Ftags&post=7690"}],"curies":[{"name":"wp","href":"https:\/\/api.w.org\/{rel}","templated":true}]}}