{"id":7687,"date":"2021-08-19T20:07:16","date_gmt":"2021-08-19T23:07:16","guid":{"rendered":"https:\/\/radiorevelacionfm.cl\/?p=7687"},"modified":"2021-08-19T20:07:16","modified_gmt":"2021-08-19T23:07:16","slug":"realizan-lanzamiento-del-fondo-concursable-crece-de-sercotec","status":"publish","type":"post","link":"https:\/\/radiorevelacionfm.cl\/?p=7687","title":{"rendered":"Realizan lanzamiento del fondo concursable \u00abCrece\u00bb de Sercotec"},"content":{"rendered":"<div class=\"flex_column av_one_full  flex_column_div av-zero-column-padding first  avia-builder-el-0  el_before_av_one_full  avia-builder-el-first  \" style='border-radius:0px; '><div  class='avia-image-container  av-styling-    avia-builder-el-1  avia-builder-el-no-sibling  avia-align-center '  itemprop=\"image\" itemscope=\"itemscope\" itemtype=\"https:\/\/schema.org\/ImageObject\"  ><div class='avia-image-container-inner'><div class='avia-image-overlay-wrap'><img decoding=\"async\" class='wp-image-7688 avia-img-lazy-loading-not-7688 avia_image' src=\"https:\/\/radiorevelacionfm.cl\/wp-content\/uploads\/2021\/08\/LANZAMIENTO-PROGRAMA-CRECE-2021-SERCOTEC-3-1-1.jpeg\" alt='' title='LANZAMIENTO PROGRAMA CRECE 2021 SERCOTEC (3) (1) (1)' height=\"600\" width=\"1301\"  itemprop=\"thumbnailUrl\" srcset=\"https:\/\/radiorevelacionfm.cl\/wp-content\/uploads\/2021\/08\/LANZAMIENTO-PROGRAMA-CRECE-2021-SERCOTEC-3-1-1.jpeg 1301w, https:\/\/radiorevelacionfm.cl\/wp-content\/uploads\/2021\/08\/LANZAMIENTO-PROGRAMA-CRECE-2021-SERCOTEC-3-1-1-300x138.jpeg 300w, https:\/\/radiorevelacionfm.cl\/wp-content\/uploads\/2021\/08\/LANZAMIENTO-PROGRAMA-CRECE-2021-SERCOTEC-3-1-1-1030x475.jpeg 1030w, https:\/\/radiorevelacionfm.cl\/wp-content\/uploads\/2021\/08\/LANZAMIENTO-PROGRAMA-CRECE-2021-SERCOTEC-3-1-1-768x354.jpeg 768w, https:\/\/radiorevelacionfm.cl\/wp-content\/uploads\/2021\/08\/LANZAMIENTO-PROGRAMA-CRECE-2021-SERCOTEC-3-1-1-705x325.jpeg 705w, https:\/\/radiorevelacionfm.cl\/wp-content\/uploads\/2021\/08\/LANZAMIENTO-PROGRAMA-CRECE-2021-SERCOTEC-3-1-1-600x277.jpeg 600w\" sizes=\"(max-width: 1301px) 100vw, 1301px\" \/><\/div><\/div><\/div><\/div><div class=\"flex_column av_one_full  flex_column_div av-zero-column-padding first  avia-builder-el-2  el_after_av_one_full  el_before_av_one_full  column-top-margin\" style='border-radius:0px; '><section class=\"av_textblock_section \"  itemscope=\"itemscope\" itemtype=\"https:\/\/schema.org\/BlogPosting\" itemprop=\"blogPost\" ><div class='avia_textblock  '   itemprop=\"text\" ><p style=\"text-align: center;\"><strong><span style=\"font-size: 18pt;\">Realizan lanzamiento del fondo concursable \u00abCrece\u00bb de Sercotec <\/span><\/strong><\/p>\n<div id=\"gtx-trans\" style=\"position: absolute; left: -50px; top: 4.31534px;\">\n<div class=\"gtx-trans-icon\"><\/div>\n<\/div>\n<\/div><\/section><\/div><div class=\"flex_column av_one_full  flex_column_div av-zero-column-padding first  avia-builder-el-4  el_after_av_one_full  el_before_av_hr  column-top-margin\" style='border-radius:0px; '><section class=\"av_textblock_section \"  itemscope=\"itemscope\" itemtype=\"https:\/\/schema.org\/BlogPosting\" itemprop=\"blogPost\" ><div class='avia_textblock  '   itemprop=\"text\" ><p style=\"font-weight: 400; text-align: justify;\">En dependencias de AquaNova Soda, un emprendimiento familiar ubicado en Puerto Ays\u00e9n cuyos propietarios se adjudicaron la versi\u00f3n anterior de esta iniciativa, se realiz\u00f3 el lanzamiento de la versi\u00f3n 2021 del programa\u00a0Crece\u00a0de Sercotec, el cual cont\u00f3 con la presencia del Seremi de Econom\u00eda Carlos Pacheco, el Director Regional de Corfo Omar Mu\u00f1oz y la Directora Regional de Sercotec Cinthya Pantanalli.<\/p>\n<p style=\"font-weight: 400; text-align: justify;\">Justamente la Directora Regional de Sercotec Cinthya Pantanalli, explic\u00f3 en qu\u00e9 consiste este fondo concursable en su versi\u00f3n 2021: \u201cel programa Crece viene a responder las inquietudes de las personas que son propietarias o est\u00e1n a cargo de Pymes y que no hab\u00edan tenido p\u00e9rdidas por los efectos econ\u00f3micos de la pandemia. Esta iniciativa va dirigida justamente para todas aquellas empresas que pagan impuestos en primera categor\u00eda. Entre la cuales se incluyen a aquellas con inicio de actividades hasta el 30 de junio del 2019 (empresas antiguas) y que no han tenido a la fecha aumento de sus ventas; y Empresas nuevas, a partir del 1 de julio de 2019. A \u00e9stas no se les solicitar\u00e1 aumento en sus ventas ya que basta que comprueben que desde que iniciaron actividades han facturado al menos 35 unidades de fomento\u201d.<\/p>\n<p style=\"font-weight: 400; text-align: justify;\">La directora Pantanalli agreg\u00f3 que \u201ceste fondo concursable entrega hasta 5 millones de pesos, de co- financiamiento que se puede destinar tanto en gestiones de acci\u00f3n empresarial como a infraestructura y equipamiento. Para todos aquellos interesados les hacemos un llamado a postular a trav\u00e9s de la plataforma de Sercotec.cl hasta el 24 de agosto a las 15 horas, fecha y hora donde se cierra el proceso\u201d, culmin\u00f3 la directora del ente t\u00e9cnico.<\/p>\n<p style=\"font-weight: 400; text-align: justify;\">Por su parte el Seremi de Econom\u00eda Carlos Pacheco, manifest\u00f3 que \u201cla regi\u00f3n de Ays\u00e9n ha sido una de las primeras regiones junto con Magallanes en tener altas tasas de vacunaci\u00f3n, lo que permite mayores libertades de funcionamiento de la econom\u00eda local (aforos), como tambi\u00e9n de desplazamiento (alto nivel de pases de movilidad en la poblaci\u00f3n). Como regi\u00f3n tenemos un gran desaf\u00edo: No quedarnos atr\u00e1s en la recuperaci\u00f3n econ\u00f3mica y tenemos el deber como Gobierno de seguir apoyando ahora m\u00e1s que nunca a nuestras Micros, peque\u00f1as y medianas empresas ya que son el motor y coraz\u00f3n de nuestra econom\u00eda local. Es por esto que hacemos un llamado a ser par parte del programa Crece de Sercotec, as\u00ed como tambi\u00e9n a trav\u00e9s de los m\u00faltiples financiamientos de fomento productivo que este segundo semestre se desarrollan y ejecutan por medio de Corfo y otros programas de fomento productivo que debemos sacar adelante\u201d, asegur\u00f3 la autoridad econ\u00f3mica regional.<\/p>\n<p style=\"font-weight: 400; text-align: justify;\"><strong>Programa Crece<\/strong><\/p>\n<p style=\"font-weight: 400; text-align: justify;\">Consiste en un subsidio no reembolsable que permite a las empresas beneficiadas formular e implementar un Plan de Trabajo, que puede incluir: Acciones de Gesti\u00f3n Empresarial (gastos en promoci\u00f3n, publicidad y difusi\u00f3n) e Inversiones, que permitan potenciar su crecimiento, consolidaci\u00f3n y\/o el acceso a nuevos negocios.<\/p>\n<p style=\"font-weight: 400; text-align: justify;\">Con el subsidio entregado por Sercotec y el aporte empresarial pueden adquirir: activos fijos (tangibles e intangibles); capital de trabajo (materias primas y materiales, mercader\u00eda), nuevas contrataciones y arriendos; gastos en promoci\u00f3n, publicidad y difusi\u00f3n, servicios de terceros esenciales para el funcionamiento del negocio y habilitaci\u00f3n de infraestructura.<\/p>\n<p style=\"font-weight: 400; text-align: justify;\">Sercotec financiar\u00e1 las acciones de gesti\u00f3n empresarial y\/o inversiones identificadas en el plan de trabajo, por un valor desde los $4 millones de hasta $5.000.000 netos. Para Acciones de Gesti\u00f3n Empresarial (gastos en promoci\u00f3n, publicidad y difusi\u00f3n) se deber\u00e1 considerar un monto m\u00e1ximo de $1.000.000. Asimismo, cada empresa deber\u00e1 financiar cualquier impuesto asociado a su proyecto.<\/p>\n<p style=\"font-weight: 400; text-align: justify;\">Es importante destacar que en esta convocatoria quedan excluidas de participar aquellas empresas beneficiarias de las convocatorias React\u00edvate de cualquier fuente de financiamiento (crisis sanitaria).<\/p>\n<\/div><\/section><\/div><div  style='height:50px' class='hr hr-invisible   avia-builder-el-6  el_after_av_one_full  el_before_av_social_share '><span class='hr-inner ' ><span class='hr-inner-style'><\/span><\/span><\/div><\/p>\n<div  class='av-social-sharing-box  avia-builder-el-7  el_after_av_hr  el_before_av_hr  '><div class='av-share-box'><h5 class='av-share-link-description av-no-toc '>Compartir esta noticia<\/h5><ul class='av-share-box-list noLightbox'><li class='av-share-link av-social-link-facebook' ><a target=\"_blank\" aria-label=\"Compartir en Facebook\" href='https:\/\/www.facebook.com\/sharer.php?u=https:\/\/radiorevelacionfm.cl\/?p=7687&#038;t=Realizan%20lanzamiento%20del%20fondo%20concursable%20%C2%ABCrece%C2%BB%20de%20Sercotec' aria-hidden='false' data-av_icon='\ue8f3' data-av_iconfont='entypo-fontello' title='' data-avia-related-tooltip='Compartir en Facebook' rel=\"noopener\"><span class='avia_hidden_link_text'>Compartir en Facebook<\/span><\/a><\/li><li class='av-share-link av-social-link-twitter' ><a target=\"_blank\" aria-label=\"Compartir en Twitter\" href='https:\/\/twitter.com\/share?text=Realizan%20lanzamiento%20del%20fondo%20concursable%20%C2%ABCrece%C2%BB%20de%20Sercotec&#038;url=https:\/\/radiorevelacionfm.cl\/?p=7687' aria-hidden='false' data-av_icon='\ue8f1' data-av_iconfont='entypo-fontello' title='' data-avia-related-tooltip='Compartir en Twitter' rel=\"noopener\"><span class='avia_hidden_link_text'>Compartir en Twitter<\/span><\/a><\/li><li class='av-share-link av-social-link-whatsapp' ><a target=\"_blank\" aria-label=\"Compartir en Whatsapp\" href='https:\/\/api.whatsapp.com\/send?text=https:\/\/radiorevelacionfm.cl\/?p=7687' aria-hidden='false' data-av_icon='\uf232' data-av_iconfont='entypo-fontello' title='' data-avia-related-tooltip='Compartir en Whatsapp' rel=\"noopener\"><span class='avia_hidden_link_text'>Compartir en Whatsapp<\/span><\/a><\/li><li class='av-share-link av-social-link-linkedin' ><a target=\"_blank\" aria-label=\"Compartir en LinkedIn\" href='https:\/\/linkedin.com\/shareArticle?mini=true&#038;title=Realizan%20lanzamiento%20del%20fondo%20concursable%20%C2%ABCrece%C2%BB%20de%20Sercotec&#038;url=https:\/\/radiorevelacionfm.cl\/?p=7687' aria-hidden='false' data-av_icon='\ue8fc' data-av_iconfont='entypo-fontello' title='' data-avia-related-tooltip='Compartir en LinkedIn' rel=\"noopener\"><span class='avia_hidden_link_text'>Compartir en LinkedIn<\/span><\/a><\/li><li class='av-share-link av-social-link-mail' ><a  aria-label=\"Compartir por correo\" href='mailto:?subject=Realizan%20lanzamiento%20del%20fondo%20concursable%20%C2%ABCrece%C2%BB%20de%20Sercotec&#038;body=https:\/\/radiorevelacionfm.cl\/?p=7687' aria-hidden='false' data-av_icon='\ue805' data-av_iconfont='entypo-fontello' title='' data-avia-related-tooltip='Compartir por correo'><span class='avia_hidden_link_text'>Compartir por correo<\/span><\/a><\/li><\/ul><\/div><\/div>\n<div  style='height:50px' class='hr hr-invisible   avia-builder-el-8  el_after_av_social_share  el_before_av_comments_list '><span class='hr-inner ' ><span class='hr-inner-style'><\/span><\/span><\/div>\n<div  class='av-buildercomment  av-blog-meta-html-info-disabled av-blog-meta-tag-disabled  '><\/div>\n","protected":false},"excerpt":{"rendered":"","protected":false},"author":1,"featured_media":7688,"comment_status":"open","ping_status":"open","sticky":false,"template":"","format":"standard","meta":{"footnotes":""},"categories":[37],"tags":[],"class_list":["post-7687","post","type-post","status-publish","format-standard","has-post-thumbnail","hentry","category-economia"],"jetpack_featured_media_url":"https:\/\/radiorevelacionfm.cl\/wp-content\/uploads\/2021\/08\/LANZAMIENTO-PROGRAMA-CRECE-2021-SERCOTEC-3-1-1.jpeg","_links":{"self":[{"href":"https:\/\/radiorevelacionfm.cl\/index.php?rest_route=\/wp\/v2\/posts\/7687","targetHints":{"allow":["GET"]}}],"collection":[{"href":"https:\/\/radiorevelacionfm.cl\/index.php?rest_route=\/wp\/v2\/posts"}],"about":[{"href":"https:\/\/radiorevelacionfm.cl\/index.php?rest_route=\/wp\/v2\/types\/post"}],"author":[{"embeddable":true,"href":"https:\/\/radiorevelacionfm.cl\/index.php?rest_route=\/wp\/v2\/users\/1"}],"replies":[{"embeddable":true,"href":"https:\/\/radiorevelacionfm.cl\/index.php?rest_route=%2Fwp%2Fv2%2Fcomments&post=7687"}],"version-history":[{"count":1,"href":"https:\/\/radiorevelacionfm.cl\/index.php?rest_route=\/wp\/v2\/posts\/7687\/revisions"}],"predecessor-version":[{"id":7689,"href":"https:\/\/radiorevelacionfm.cl\/index.php?rest_route=\/wp\/v2\/posts\/7687\/revisions\/7689"}],"wp:featuredmedia":[{"embeddable":true,"href":"https:\/\/radiorevelacionfm.cl\/index.php?rest_route=\/wp\/v2\/media\/7688"}],"wp:attachment":[{"href":"https:\/\/radiorevelacionfm.cl\/index.php?rest_route=%2Fwp%2Fv2%2Fmedia&parent=7687"}],"wp:term":[{"taxonomy":"category","embeddable":true,"href":"https:\/\/radiorevelacionfm.cl\/index.php?rest_route=%2Fwp%2Fv2%2Fcategories&post=7687"},{"taxonomy":"post_tag","embeddable":true,"href":"https:\/\/radiorevelacionfm.cl\/index.php?rest_route=%2Fwp%2Fv2%2Ftags&post=7687"}],"curies":[{"name":"wp","href":"https:\/\/api.w.org\/{rel}","templated":true}]}}