{"id":7679,"date":"2021-08-19T18:59:19","date_gmt":"2021-08-19T21:59:19","guid":{"rendered":"https:\/\/radiorevelacionfm.cl\/?p=7679"},"modified":"2021-08-19T19:21:31","modified_gmt":"2021-08-19T22:21:31","slug":"anef-rechaza-despidos-que-afecta-a-9-funcionarios-a-contrata-del-gobierno-regional-de-aysen","status":"publish","type":"post","link":"https:\/\/radiorevelacionfm.cl\/?p=7679","title":{"rendered":"ANEF rechaza despidos que afectan a 9 funcionarios a contrata del Gobierno Regional de Ays\u00e9n"},"content":{"rendered":"<div class=\"flex_column av_one_full  flex_column_div av-zero-column-padding first  avia-builder-el-0  el_before_av_one_full  avia-builder-el-first  \" style='border-radius:0px; '><div  class='avia-image-container  av-styling-    avia-builder-el-1  avia-builder-el-no-sibling  avia-align-center '  itemprop=\"image\" itemscope=\"itemscope\" itemtype=\"https:\/\/schema.org\/ImageObject\"  ><div class='avia-image-container-inner'><div class='avia-image-overlay-wrap'><img decoding=\"async\" class='wp-image-7684 avia-img-lazy-loading-not-7684 avia_image' src=\"https:\/\/radiorevelacionfm.cl\/wp-content\/uploads\/2021\/08\/Gob-Regional-1.jpg\" alt='' title='Gob Regional (1)' height=\"383\" width=\"512\"  itemprop=\"thumbnailUrl\" srcset=\"https:\/\/radiorevelacionfm.cl\/wp-content\/uploads\/2021\/08\/Gob-Regional-1.jpg 512w, https:\/\/radiorevelacionfm.cl\/wp-content\/uploads\/2021\/08\/Gob-Regional-1-300x224.jpg 300w\" sizes=\"(max-width: 512px) 100vw, 512px\" \/><\/div><\/div><\/div><\/div><div class=\"flex_column av_one_full  flex_column_div av-zero-column-padding first  avia-builder-el-2  el_after_av_one_full  el_before_av_one_full  column-top-margin\" style='border-radius:0px; '><section class=\"av_textblock_section \"  itemscope=\"itemscope\" itemtype=\"https:\/\/schema.org\/BlogPosting\" itemprop=\"blogPost\" ><div class='avia_textblock  '   itemprop=\"text\" ><p style=\"text-align: center;\"><strong><span style=\"font-size: 18pt;\">ANEF rechaza despidos que afectan a 9 funcionarios a contrata del Gobierno Regional de Ays\u00e9n<\/span><\/strong><\/p>\n<div id=\"gtx-trans\" style=\"position: absolute; left: -50px; top: 4.31534px;\">\n<div class=\"gtx-trans-icon\"><\/div>\n<\/div>\n<\/div><\/section><\/div><\/p>\n<div class=\"flex_column av_one_full  flex_column_div av-zero-column-padding first  avia-builder-el-4  el_after_av_one_full  el_before_av_hr  column-top-margin\" style='border-radius:0px; '><section class=\"av_textblock_section \"  itemscope=\"itemscope\" itemtype=\"https:\/\/schema.org\/BlogPosting\" itemprop=\"blogPost\" ><div class='avia_textblock  '   itemprop=\"text\" ><p style=\"text-align: justify;\">Profunda molestia existe al interior de la Asociaci\u00f3n de Funcionarios y Funcionarias del Gobierno Regional de Ays\u00e9n y en la ANEF Regional Ays\u00e9n, al enterarse el d\u00eda 17 de agosto de despidos de trabajadores y trabajadoras del servicio administrativo de este importante y estrat\u00e9gico servicio p\u00fablico de la regi\u00f3n.<\/p>\n<p style=\"text-align: justify;\">Nueve son los funcionarios y las funcionarias despedidos en las cuatro provincias de la regi\u00f3n, a quienes se les inform\u00f3 telef\u00f3nicamente que a partir de ese mismo d\u00eda dejaban de ser funcionarios del GORE Ays\u00e9n, bloqueando adem\u00e1s conjuntamente sus cuentas de correos personales institucionales.<\/p>\n<p style=\"text-align: justify;\">Seg\u00fan lo informado por la Directiva de esta Asociaci\u00f3n de Funcionarios, el d\u00eda mi\u00e9rcoles 18, se reuni\u00f3 de manera extraordinaria en asamblea, esta asociaci\u00f3n trat\u00f3 como \u00fanico punto estos despidos, acordando una serie de medidas que se van a adoptar, frente a esta grave situaci\u00f3n, debido en primer lugar, a la forma en que se lleva adelante estos, y en segundo t\u00e9rmino a que no se le otorga al funcionario la opci\u00f3n administrativa de uso de sus vacaciones o d\u00edas administrativos pendientes, y el incumplimiento del compromiso a los funcionarios, por parte de la Gobernadora Regional Andrea Mac\u00edas, de trabajar de manera arm\u00f3nica, inclusiva y con respeto a las personas; lo que con esta actitud ha dejado de manifiesto que no se cumpli\u00f3.<\/p>\n<p style=\"text-align: justify;\">De los nueve funcionarios del Gobierno Regional de Ays\u00e9n, 5 de ellos son profesionales, 3 administrativos y 1 t\u00e9cnico, todos contratados bajo la modalidad a contrata, los cuales son renovados anualmente, y a los que se les pone t\u00e9rmino anticipado de su trabajo en el mes de agosto y habiendo pasado s\u00f3lo un mes de la asunci\u00f3n de funciones de esta nueva administraci\u00f3n encabezada por una Gobernadora Socialista Andrea Mac\u00edas, lo que sin lugar a dudas, ha provocado la indignaci\u00f3n y preocupaci\u00f3n de esta asociaci\u00f3n que representa el 90% de los funcionarios y funcionarias de este Gobierno Regional, por lo que pudiera ocurrir durante el \u00faltimo cuatrimestre del a\u00f1o.<\/p>\n<p style=\"text-align: justify;\">Para los y las trabajadores que adem\u00e1s se encuentran vinculados a la ANEF Regional, les parece que este tipo de pr\u00e1cticas, despidos de funcionarios que no desempe\u00f1an cargos de confianza pol\u00edtica, si no funciones habituales y permanentes, no deben estar al arbitrio y o capricho de la autoridad o administraci\u00f3n de turno, que sin justificaci\u00f3n legal o de hecho, son v\u00edctimas de despidos, que carecen de fundamento, sin evaluaci\u00f3n de desempe\u00f1o, sin ser objeto de sumario, y que de revertirse, como ha sido la t\u00f3nica en los \u00faltimos a\u00f1os en la justicia, significan al estado un mayor costo y gasto fiscal que el pretendido beneficio que se pretende obtener, y que revelan que los despidos en este \u00e1mbito obedecen a criterios pol\u00edticos y no a antecedentes objetivos relativos al desempe\u00f1o laboral, que cualquiera autoridad debiera observar y encuadrarse.<\/p>\n<p style=\"text-align: justify;\">Los y las funcionarios agremiados del GORE y la ANEF, en definitiva, rechazan estos despidos arbitrarios e injustificados y entregan su solidaridad y orientaci\u00f3n jur\u00eddica a los trabajadores desvinculados a objeto que se restablezcan sus derechos, se reconsidere esta decisi\u00f3n o la justicia la rectifique y exigen a la nueva autoridad regional que cesen inmediatamente estos actos de despidos, discriminaci\u00f3n y afectaci\u00f3n de la funci\u00f3n p\u00fablica puesto que empa\u00f1an el inicio de una gesti\u00f3n que apelaba a la descentralizaci\u00f3n, pero con estricto respeto a los trabajadores y a la comunidad regional.<\/p>\n<\/div><\/section><\/div>\n<div  style='height:50px' class='hr hr-invisible   avia-builder-el-6  el_after_av_one_full  el_before_av_social_share '><span class='hr-inner ' ><span class='hr-inner-style'><\/span><\/span><\/div>\n<div  class='av-social-sharing-box  avia-builder-el-7  el_after_av_hr  el_before_av_hr  '><div class='av-share-box'><h5 class='av-share-link-description av-no-toc '>Compartir esta noticia<\/h5><ul class='av-share-box-list noLightbox'><li class='av-share-link av-social-link-facebook' ><a target=\"_blank\" aria-label=\"Compartir en Facebook\" href='https:\/\/www.facebook.com\/sharer.php?u=https:\/\/radiorevelacionfm.cl\/?p=7679&#038;t=ANEF%20rechaza%20despidos%20que%20afectan%20a%209%20funcionarios%20a%20contrata%20del%20Gobierno%20Regional%20de%20Ays%C3%A9n' aria-hidden='false' data-av_icon='\ue8f3' data-av_iconfont='entypo-fontello' title='' data-avia-related-tooltip='Compartir en Facebook' rel=\"noopener\"><span class='avia_hidden_link_text'>Compartir en Facebook<\/span><\/a><\/li><li class='av-share-link av-social-link-twitter' ><a target=\"_blank\" aria-label=\"Compartir en Twitter\" href='https:\/\/twitter.com\/share?text=ANEF%20rechaza%20despidos%20que%20afectan%20a%209%20funcionarios%20a%20contrata%20del%20Gobierno%20Regional%20de%20Ays%C3%A9n&#038;url=https:\/\/radiorevelacionfm.cl\/?p=7679' aria-hidden='false' data-av_icon='\ue8f1' data-av_iconfont='entypo-fontello' title='' data-avia-related-tooltip='Compartir en Twitter' rel=\"noopener\"><span class='avia_hidden_link_text'>Compartir en Twitter<\/span><\/a><\/li><li class='av-share-link av-social-link-whatsapp' ><a target=\"_blank\" aria-label=\"Compartir en Whatsapp\" href='https:\/\/api.whatsapp.com\/send?text=https:\/\/radiorevelacionfm.cl\/?p=7679' aria-hidden='false' data-av_icon='\uf232' data-av_iconfont='entypo-fontello' title='' data-avia-related-tooltip='Compartir en Whatsapp' rel=\"noopener\"><span class='avia_hidden_link_text'>Compartir en Whatsapp<\/span><\/a><\/li><li class='av-share-link av-social-link-linkedin' ><a target=\"_blank\" aria-label=\"Compartir en LinkedIn\" href='https:\/\/linkedin.com\/shareArticle?mini=true&#038;title=ANEF%20rechaza%20despidos%20que%20afectan%20a%209%20funcionarios%20a%20contrata%20del%20Gobierno%20Regional%20de%20Ays%C3%A9n&#038;url=https:\/\/radiorevelacionfm.cl\/?p=7679' aria-hidden='false' data-av_icon='\ue8fc' data-av_iconfont='entypo-fontello' title='' data-avia-related-tooltip='Compartir en LinkedIn' rel=\"noopener\"><span class='avia_hidden_link_text'>Compartir en LinkedIn<\/span><\/a><\/li><li class='av-share-link av-social-link-mail' ><a  aria-label=\"Compartir por correo\" href='mailto:?subject=ANEF%20rechaza%20despidos%20que%20afectan%20a%209%20funcionarios%20a%20contrata%20del%20Gobierno%20Regional%20de%20Ays%C3%A9n&#038;body=https:\/\/radiorevelacionfm.cl\/?p=7679' aria-hidden='false' data-av_icon='\ue805' data-av_iconfont='entypo-fontello' title='' data-avia-related-tooltip='Compartir por correo'><span class='avia_hidden_link_text'>Compartir por correo<\/span><\/a><\/li><\/ul><\/div><\/div>\n<div  style='height:50px' class='hr hr-invisible   avia-builder-el-8  el_after_av_social_share  el_before_av_comments_list '><span class='hr-inner ' ><span class='hr-inner-style'><\/span><\/span><\/div>\n<div  class='av-buildercomment  av-blog-meta-html-info-disabled av-blog-meta-tag-disabled  '><\/div>\n","protected":false},"excerpt":{"rendered":"","protected":false},"author":1,"featured_media":7685,"comment_status":"open","ping_status":"open","sticky":false,"template":"","format":"standard","meta":{"footnotes":""},"categories":[38],"tags":[],"class_list":["post-7679","post","type-post","status-publish","format-standard","has-post-thumbnail","hentry","category-regional"],"jetpack_featured_media_url":"https:\/\/radiorevelacionfm.cl\/wp-content\/uploads\/2021\/08\/gob-regional2-1_optimized.jpg","_links":{"self":[{"href":"https:\/\/radiorevelacionfm.cl\/index.php?rest_route=\/wp\/v2\/posts\/7679","targetHints":{"allow":["GET"]}}],"collection":[{"href":"https:\/\/radiorevelacionfm.cl\/index.php?rest_route=\/wp\/v2\/posts"}],"about":[{"href":"https:\/\/radiorevelacionfm.cl\/index.php?rest_route=\/wp\/v2\/types\/post"}],"author":[{"embeddable":true,"href":"https:\/\/radiorevelacionfm.cl\/index.php?rest_route=\/wp\/v2\/users\/1"}],"replies":[{"embeddable":true,"href":"https:\/\/radiorevelacionfm.cl\/index.php?rest_route=%2Fwp%2Fv2%2Fcomments&post=7679"}],"version-history":[{"count":4,"href":"https:\/\/radiorevelacionfm.cl\/index.php?rest_route=\/wp\/v2\/posts\/7679\/revisions"}],"predecessor-version":[{"id":7686,"href":"https:\/\/radiorevelacionfm.cl\/index.php?rest_route=\/wp\/v2\/posts\/7679\/revisions\/7686"}],"wp:featuredmedia":[{"embeddable":true,"href":"https:\/\/radiorevelacionfm.cl\/index.php?rest_route=\/wp\/v2\/media\/7685"}],"wp:attachment":[{"href":"https:\/\/radiorevelacionfm.cl\/index.php?rest_route=%2Fwp%2Fv2%2Fmedia&parent=7679"}],"wp:term":[{"taxonomy":"category","embeddable":true,"href":"https:\/\/radiorevelacionfm.cl\/index.php?rest_route=%2Fwp%2Fv2%2Fcategories&post=7679"},{"taxonomy":"post_tag","embeddable":true,"href":"https:\/\/radiorevelacionfm.cl\/index.php?rest_route=%2Fwp%2Fv2%2Ftags&post=7679"}],"curies":[{"name":"wp","href":"https:\/\/api.w.org\/{rel}","templated":true}]}}