{"id":7672,"date":"2021-08-19T18:20:43","date_gmt":"2021-08-19T21:20:43","guid":{"rendered":"https:\/\/radiorevelacionfm.cl\/?p=7672"},"modified":"2021-08-19T18:26:36","modified_gmt":"2021-08-19T21:26:36","slug":"abiertas-postulaciones-para-recambio-de-calefactores-en-puerto-aysen-y-cochrane","status":"publish","type":"post","link":"https:\/\/radiorevelacionfm.cl\/?p=7672","title":{"rendered":"Abiertas postulaciones para recambio de calefactores en Puerto Ays\u00e9n y Cochrane"},"content":{"rendered":"<div class=\"flex_column av_one_full  flex_column_div av-zero-column-padding first  avia-builder-el-0  el_before_av_one_full  avia-builder-el-first  \" style='border-radius:0px; '><div  class='avia-image-container  av-styling-    avia-builder-el-1  avia-builder-el-no-sibling  avia-align-center '  itemprop=\"image\" itemscope=\"itemscope\" itemtype=\"https:\/\/schema.org\/ImageObject\"  ><div class='avia-image-container-inner'><div class='avia-image-overlay-wrap'><img decoding=\"async\" class='wp-image-7677 avia-img-lazy-loading-not-7677 avia_image' src=\"https:\/\/radiorevelacionfm.cl\/wp-content\/uploads\/2021\/08\/SMA-visita0-1-1.jpg\" alt='' title='SMA visita0 (1) (1)' height=\"600\" width=\"1034\"  itemprop=\"thumbnailUrl\" srcset=\"https:\/\/radiorevelacionfm.cl\/wp-content\/uploads\/2021\/08\/SMA-visita0-1-1.jpg 1034w, https:\/\/radiorevelacionfm.cl\/wp-content\/uploads\/2021\/08\/SMA-visita0-1-1-300x174.jpg 300w, https:\/\/radiorevelacionfm.cl\/wp-content\/uploads\/2021\/08\/SMA-visita0-1-1-1030x598.jpg 1030w, https:\/\/radiorevelacionfm.cl\/wp-content\/uploads\/2021\/08\/SMA-visita0-1-1-768x446.jpg 768w, https:\/\/radiorevelacionfm.cl\/wp-content\/uploads\/2021\/08\/SMA-visita0-1-1-705x409.jpg 705w, https:\/\/radiorevelacionfm.cl\/wp-content\/uploads\/2021\/08\/SMA-visita0-1-1-600x348.jpg 600w\" sizes=\"(max-width: 1034px) 100vw, 1034px\" \/><\/div><\/div><\/div><\/div><div class=\"flex_column av_one_full  flex_column_div av-zero-column-padding first  avia-builder-el-2  el_after_av_one_full  el_before_av_one_full  column-top-margin\" style='border-radius:0px; '><section class=\"av_textblock_section \"  itemscope=\"itemscope\" itemtype=\"https:\/\/schema.org\/BlogPosting\" itemprop=\"blogPost\" ><div class='avia_textblock  '   itemprop=\"text\" ><p style=\"text-align: center;\"><strong><span style=\"font-size: 18pt;\">Abiertas postulaciones para recambio de calefactores en Puerto Ays\u00e9n y Cochrane\u00a0<\/span><\/strong><\/p>\n<div id=\"gtx-trans\" style=\"position: absolute; left: -50px; top: 4.31534px;\">\n<div class=\"gtx-trans-icon\"><\/div>\n<\/div>\n<\/div><\/section><\/div><\/p>\n<div class=\"flex_column av_one_full  flex_column_div av-zero-column-padding first  avia-builder-el-4  el_after_av_one_full  el_before_av_hr  column-top-margin\" style='border-radius:0px; '><section class=\"av_textblock_section \"  itemscope=\"itemscope\" itemtype=\"https:\/\/schema.org\/BlogPosting\" itemprop=\"blogPost\" ><div class='avia_textblock  '   itemprop=\"text\" ><p style=\"text-align: justify;\">Autoridades anunciaron a las familias de Puerto Ays\u00e9n y Cochrane que ya se encuentra disponible la plataforma para postular al recambio de calefactores.<\/p>\n<p style=\"text-align: justify;\">El subsecretario del Medio Ambiente, Javier Naranjo, que se encuentra de visita en la regi\u00f3n de Ays\u00e9n, explic\u00f3 que \u201cbuscamos impulsar un trabajo multisectorial para combatir la contaminaci\u00f3n en la Regi\u00f3n de Ays\u00e9n y reducir la pobreza energ\u00e9tica, con soluciones amigables con el medio ambiente. Hemos avanzado sustantivamente en calidad del aire: desde el a\u00f1o 2016 a la fecha hemos logrado disminuir en un 70% los episodios cr\u00edticos. El programa de recambio de calefactores ha sido todo un \u00e9xito en Coyhaique, ya llevamos m\u00e1s de 8 mil recambios en la ciudad, cerca de la mitad de los calefactores que nos hemos propuesto, lo que es parte del plan de descontaminaci\u00f3n atmosf\u00e9rica. A\u00fan tenemos que seguir trabajando todos en conjunto\u201d.<\/p>\n<p style=\"text-align: justify;\">Por su parte el Seremi MINVU, Diego Silva destac\u00f3 el avance de los subsidios t\u00e9rmicos \u201ccuando iniciamos el Gobierno quer\u00edamos alcanzar 800 subsidios, hoy estamos llegando 1.346\u201d mencionando adem\u00e1s el programa piloto casa sustentable que incluye revestimiento t\u00e9rmico para 14 viviendas con recambio el\u00e9ctrico de calefacci\u00f3n y que visit\u00f3 adem\u00e1s con las autoridades nacionales de medio Ambiente y Energ\u00eda.<\/p>\n<p style=\"text-align: justify;\">Las postulaciones podr\u00e1n realizarse en la p\u00e1gina web <strong><a href=\"https:\/\/calefactores.mma.gob.cl\/\" target=\"_blank\" rel=\"noopener\">calefactores.mma.gob.cl<\/a> <\/strong>hasta el 2 de septiembre y en las oficinas de las delegaciones provinciales correspondientes.<\/p>\n<p style=\"text-align: justify;\">En primera instancia se considera un total de 450 calefactores a pellet y a parafina, para Puerto Ays\u00e9n (300) y Cochrane (150), por lo que las autoridades realizaron el llamado a postular a trav\u00e9s de la web.<\/p>\n<\/div><\/section><\/div>\n<div  style='height:50px' class='hr hr-invisible   avia-builder-el-6  el_after_av_one_full  el_before_av_social_share '><span class='hr-inner ' ><span class='hr-inner-style'><\/span><\/span><\/div>\n<div  class='av-social-sharing-box  avia-builder-el-7  el_after_av_hr  el_before_av_hr  '><div class='av-share-box'><h5 class='av-share-link-description av-no-toc '>Compartir esta noticia<\/h5><ul class='av-share-box-list noLightbox'><li class='av-share-link av-social-link-facebook' ><a target=\"_blank\" aria-label=\"Compartir en Facebook\" href='https:\/\/www.facebook.com\/sharer.php?u=https:\/\/radiorevelacionfm.cl\/?p=7672&#038;t=Abiertas%20postulaciones%20para%20recambio%20de%20calefactores%20en%20Puerto%20Ays%C3%A9n%20y%20Cochrane' aria-hidden='false' data-av_icon='\ue8f3' data-av_iconfont='entypo-fontello' title='' data-avia-related-tooltip='Compartir en Facebook' rel=\"noopener\"><span class='avia_hidden_link_text'>Compartir en Facebook<\/span><\/a><\/li><li class='av-share-link av-social-link-twitter' ><a target=\"_blank\" aria-label=\"Compartir en Twitter\" href='https:\/\/twitter.com\/share?text=Abiertas%20postulaciones%20para%20recambio%20de%20calefactores%20en%20Puerto%20Ays%C3%A9n%20y%20Cochrane&#038;url=https:\/\/radiorevelacionfm.cl\/?p=7672' aria-hidden='false' data-av_icon='\ue8f1' data-av_iconfont='entypo-fontello' title='' data-avia-related-tooltip='Compartir en Twitter' rel=\"noopener\"><span class='avia_hidden_link_text'>Compartir en Twitter<\/span><\/a><\/li><li class='av-share-link av-social-link-whatsapp' ><a target=\"_blank\" aria-label=\"Compartir en Whatsapp\" href='https:\/\/api.whatsapp.com\/send?text=https:\/\/radiorevelacionfm.cl\/?p=7672' aria-hidden='false' data-av_icon='\uf232' data-av_iconfont='entypo-fontello' title='' data-avia-related-tooltip='Compartir en Whatsapp' rel=\"noopener\"><span class='avia_hidden_link_text'>Compartir en Whatsapp<\/span><\/a><\/li><li class='av-share-link av-social-link-linkedin' ><a target=\"_blank\" aria-label=\"Compartir en LinkedIn\" href='https:\/\/linkedin.com\/shareArticle?mini=true&#038;title=Abiertas%20postulaciones%20para%20recambio%20de%20calefactores%20en%20Puerto%20Ays%C3%A9n%20y%20Cochrane&#038;url=https:\/\/radiorevelacionfm.cl\/?p=7672' aria-hidden='false' data-av_icon='\ue8fc' data-av_iconfont='entypo-fontello' title='' data-avia-related-tooltip='Compartir en LinkedIn' rel=\"noopener\"><span class='avia_hidden_link_text'>Compartir en LinkedIn<\/span><\/a><\/li><li class='av-share-link av-social-link-mail' ><a  aria-label=\"Compartir por correo\" href='mailto:?subject=Abiertas%20postulaciones%20para%20recambio%20de%20calefactores%20en%20Puerto%20Ays%C3%A9n%20y%20Cochrane&#038;body=https:\/\/radiorevelacionfm.cl\/?p=7672' aria-hidden='false' data-av_icon='\ue805' data-av_iconfont='entypo-fontello' title='' data-avia-related-tooltip='Compartir por correo'><span class='avia_hidden_link_text'>Compartir por correo<\/span><\/a><\/li><\/ul><\/div><\/div>\n<div  style='height:50px' class='hr hr-invisible   avia-builder-el-8  el_after_av_social_share  el_before_av_comments_list '><span class='hr-inner ' ><span class='hr-inner-style'><\/span><\/span><\/div>\n<div  class='av-buildercomment  av-blog-meta-html-info-disabled av-blog-meta-tag-disabled  '><\/div>\n","protected":false},"excerpt":{"rendered":"","protected":false},"author":1,"featured_media":7677,"comment_status":"open","ping_status":"open","sticky":false,"template":"","format":"standard","meta":{"footnotes":""},"categories":[39],"tags":[],"class_list":["post-7672","post","type-post","status-publish","format-standard","has-post-thumbnail","hentry","category-medio-ambiente"],"jetpack_featured_media_url":"https:\/\/radiorevelacionfm.cl\/wp-content\/uploads\/2021\/08\/SMA-visita0-1-1.jpg","_links":{"self":[{"href":"https:\/\/radiorevelacionfm.cl\/index.php?rest_route=\/wp\/v2\/posts\/7672","targetHints":{"allow":["GET"]}}],"collection":[{"href":"https:\/\/radiorevelacionfm.cl\/index.php?rest_route=\/wp\/v2\/posts"}],"about":[{"href":"https:\/\/radiorevelacionfm.cl\/index.php?rest_route=\/wp\/v2\/types\/post"}],"author":[{"embeddable":true,"href":"https:\/\/radiorevelacionfm.cl\/index.php?rest_route=\/wp\/v2\/users\/1"}],"replies":[{"embeddable":true,"href":"https:\/\/radiorevelacionfm.cl\/index.php?rest_route=%2Fwp%2Fv2%2Fcomments&post=7672"}],"version-history":[{"count":3,"href":"https:\/\/radiorevelacionfm.cl\/index.php?rest_route=\/wp\/v2\/posts\/7672\/revisions"}],"predecessor-version":[{"id":7678,"href":"https:\/\/radiorevelacionfm.cl\/index.php?rest_route=\/wp\/v2\/posts\/7672\/revisions\/7678"}],"wp:featuredmedia":[{"embeddable":true,"href":"https:\/\/radiorevelacionfm.cl\/index.php?rest_route=\/wp\/v2\/media\/7677"}],"wp:attachment":[{"href":"https:\/\/radiorevelacionfm.cl\/index.php?rest_route=%2Fwp%2Fv2%2Fmedia&parent=7672"}],"wp:term":[{"taxonomy":"category","embeddable":true,"href":"https:\/\/radiorevelacionfm.cl\/index.php?rest_route=%2Fwp%2Fv2%2Fcategories&post=7672"},{"taxonomy":"post_tag","embeddable":true,"href":"https:\/\/radiorevelacionfm.cl\/index.php?rest_route=%2Fwp%2Fv2%2Ftags&post=7672"}],"curies":[{"name":"wp","href":"https:\/\/api.w.org\/{rel}","templated":true}]}}