{"id":7669,"date":"2021-08-20T10:35:24","date_gmt":"2021-08-20T13:35:24","guid":{"rendered":"https:\/\/radiorevelacionfm.cl\/?p=7669"},"modified":"2021-08-20T10:35:24","modified_gmt":"2021-08-20T13:35:24","slug":"fosis-da-a-conocer-nuevo-consejo-regional-de-la-sociedad-civil-de-transicion","status":"publish","type":"post","link":"https:\/\/radiorevelacionfm.cl\/?p=7669","title":{"rendered":"FOSIS da a conocer nuevo Consejo Regional de la Sociedad Civil de Transici\u00f3n"},"content":{"rendered":"<div class=\"flex_column av_one_full  flex_column_div av-zero-column-padding first  avia-builder-el-0  el_before_av_one_full  avia-builder-el-first  \" style='border-radius:0px; '><div  class='avia-image-container  av-styling-    avia-builder-el-1  avia-builder-el-no-sibling  avia-align-center '  itemprop=\"image\" itemscope=\"itemscope\" itemtype=\"https:\/\/schema.org\/ImageObject\"  ><div class='avia-image-container-inner'><div class='avia-image-overlay-wrap'><img decoding=\"async\" class='wp-image-7670 avia-img-lazy-loading-not-7670 avia_image' src=\"https:\/\/radiorevelacionfm.cl\/wp-content\/uploads\/2021\/08\/COSOC-FOSIS-Aysen-1-1.jpeg\" alt='' title='COSOC FOSIS Ays\u00e9n (1) (1)' height=\"600\" width=\"1065\"  itemprop=\"thumbnailUrl\" srcset=\"https:\/\/radiorevelacionfm.cl\/wp-content\/uploads\/2021\/08\/COSOC-FOSIS-Aysen-1-1.jpeg 1065w, https:\/\/radiorevelacionfm.cl\/wp-content\/uploads\/2021\/08\/COSOC-FOSIS-Aysen-1-1-300x169.jpeg 300w, https:\/\/radiorevelacionfm.cl\/wp-content\/uploads\/2021\/08\/COSOC-FOSIS-Aysen-1-1-1030x580.jpeg 1030w, https:\/\/radiorevelacionfm.cl\/wp-content\/uploads\/2021\/08\/COSOC-FOSIS-Aysen-1-1-768x433.jpeg 768w, https:\/\/radiorevelacionfm.cl\/wp-content\/uploads\/2021\/08\/COSOC-FOSIS-Aysen-1-1-705x397.jpeg 705w, https:\/\/radiorevelacionfm.cl\/wp-content\/uploads\/2021\/08\/COSOC-FOSIS-Aysen-1-1-600x338.jpeg 600w\" sizes=\"(max-width: 1065px) 100vw, 1065px\" \/><\/div><\/div><\/div><\/div><div class=\"flex_column av_one_full  flex_column_div av-zero-column-padding first  avia-builder-el-2  el_after_av_one_full  el_before_av_one_full  column-top-margin\" style='border-radius:0px; '><section class=\"av_textblock_section \"  itemscope=\"itemscope\" itemtype=\"https:\/\/schema.org\/BlogPosting\" itemprop=\"blogPost\" ><div class='avia_textblock  '   itemprop=\"text\" ><p style=\"text-align: center;\"><strong><span style=\"font-size: 18pt;\">FOSIS da a conocer nuevo Consejo Regional de la Sociedad Civil de Transici\u00f3n<\/span><\/strong><\/p>\n<div id=\"gtx-trans\" style=\"position: absolute; left: -50px; top: 4.31534px;\">\n<div class=\"gtx-trans-icon\"><\/div>\n<\/div>\n<\/div><\/section><\/div><div class=\"flex_column av_one_full  flex_column_div av-zero-column-padding first  avia-builder-el-4  el_after_av_one_full  el_before_av_hr  column-top-margin\" style='border-radius:0px; '><section class=\"av_textblock_section \"  itemscope=\"itemscope\" itemtype=\"https:\/\/schema.org\/BlogPosting\" itemprop=\"blogPost\" ><div class='avia_textblock  '   itemprop=\"text\" ><p style=\"text-align: justify;\">El FOSIS lanz\u00f3 su Consejo Regional de la Sociedad Civil de Transici\u00f3n, una iniciativa de participaci\u00f3n ciudadana para fomentar en regiones un mayor compromiso para logar un pa\u00eds m\u00e1s justo y solidario.<\/p>\n<p style=\"text-align: justify;\">La iniciativa fue lanzada en el marco del D\u00eda de la Solidaridad en Chile, fecha que conmemora el fallecimiento del Padre Alberto Hurtado, figura reconocida por su justicia social que falleci\u00f3 este d\u00eda en 1952.<\/p>\n<p style=\"text-align: justify;\">La Ministra Karla Rubilar, expres\u00f3 que \u201choy hacemos el lanzamiento del Consejo Regional de la Sociedad Civil de Transici\u00f3n, promovido por el FOSIS. La fecha no es casual, porque hoy conmemoramos el D\u00eda de la Solidaridad, lo cual realza y da sentido a esta nueva iniciativa. Estoy convencida de que la solidaridad no es un fin en s\u00ed misma. Por el contrario, me parece que se trata de un medio destinado a hacer que logremos el prop\u00f3sito de construir un pa\u00eds m\u00e1s justo y fraterno, especialmente con quienes m\u00e1s lo necesitan\u201d.<\/p>\n<p style=\"text-align: justify;\">Este consejo dar\u00e1 m\u00e1s fuerza a las regiones en la colaboraci\u00f3n p\u00fablico-privada, fomentando la participaci\u00f3n de la sociedad civil en las pol\u00edticas de Gobierno para la superaci\u00f3n de la pobreza y permite descentralizar el desaf\u00edo para apoyar a la poblaci\u00f3n m\u00e1s vulnerable de Chile.<\/p>\n<p style=\"text-align: justify;\">\u201cEste proyecto se enmarca en la Ley de Participaci\u00f3n Ciudadana, pero nos permite ir m\u00e1s all\u00e1 en la medida que planteamos una instancia poco com\u00fan en el Estado, abriendo las puertas del FOSIS a organizaciones de todo el pa\u00eds, sometiendo a discusi\u00f3n nuestra acci\u00f3n como servicio y el desarrollo de nuestros programas para dar cumplimiento a la misi\u00f3n de contribuir a la superaci\u00f3n de la pobreza y vulnerabilidad social de personas, familias y comunidades\u201d, destac\u00f3 el Director Nacional del FOSIS, Felipe Bettancourt.<\/p>\n<p style=\"text-align: justify;\">Mar\u00eda Soledad Vera, Directora Regional (S) del FOSIS, particip\u00f3 de esta instancia y destac\u00f3 que \u201cconstituir este COSOC de Transici\u00f3n es un hito hist\u00f3rico para el FOSIS y una acci\u00f3n concreta para vincularnos de manera m\u00e1s efectiva con distintas organizaciones presentes en nuestro territorio, las cuales tienen pertinencia en las tem\u00e1ticas de intervenci\u00f3n abordadas por nuestro servicio. Esta iniciativa nos permitir\u00e1 construir conjuntamente pol\u00edticas p\u00fablicas que atiendan las necesidades particulares de las familias m\u00e1s vulnerables de la regi\u00f3n de Ays\u00e9n.\u201d<\/p>\n<p style=\"text-align: justify;\">La iniciativa integra la participaci\u00f3n en las pol\u00edticas de Gobierno a actores clave en la superaci\u00f3n de la pobreza, como la Fundaci\u00f3n Hogar de Cristo, Fundaci\u00f3n para la Superaci\u00f3n de la Pobreza, Fundaci\u00f3n San Vicente de Paul, Corporaci\u00f3n para el Desarrollo de Ays\u00e9n y la Universidad de Ays\u00e9n.<\/p>\n<\/div><\/section><\/div><div  style='height:50px' class='hr hr-invisible   avia-builder-el-6  el_after_av_one_full  el_before_av_social_share '><span class='hr-inner ' ><span class='hr-inner-style'><\/span><\/span><\/div><\/p>\n<div  class='av-social-sharing-box  avia-builder-el-7  el_after_av_hr  el_before_av_hr  '><div class='av-share-box'><h5 class='av-share-link-description av-no-toc '>Compartir esta noticia<\/h5><ul class='av-share-box-list noLightbox'><li class='av-share-link av-social-link-facebook' ><a target=\"_blank\" aria-label=\"Compartir en Facebook\" href='https:\/\/www.facebook.com\/sharer.php?u=https:\/\/radiorevelacionfm.cl\/?p=7669&#038;t=FOSIS%20da%20a%20conocer%20nuevo%20Consejo%20Regional%20de%20la%20Sociedad%20Civil%20de%20Transici%C3%B3n' aria-hidden='false' data-av_icon='\ue8f3' data-av_iconfont='entypo-fontello' title='' data-avia-related-tooltip='Compartir en Facebook' rel=\"noopener\"><span class='avia_hidden_link_text'>Compartir en Facebook<\/span><\/a><\/li><li class='av-share-link av-social-link-twitter' ><a target=\"_blank\" aria-label=\"Compartir en Twitter\" href='https:\/\/twitter.com\/share?text=FOSIS%20da%20a%20conocer%20nuevo%20Consejo%20Regional%20de%20la%20Sociedad%20Civil%20de%20Transici%C3%B3n&#038;url=https:\/\/radiorevelacionfm.cl\/?p=7669' aria-hidden='false' data-av_icon='\ue8f1' data-av_iconfont='entypo-fontello' title='' data-avia-related-tooltip='Compartir en Twitter' rel=\"noopener\"><span class='avia_hidden_link_text'>Compartir en Twitter<\/span><\/a><\/li><li class='av-share-link av-social-link-whatsapp' ><a target=\"_blank\" aria-label=\"Compartir en Whatsapp\" href='https:\/\/api.whatsapp.com\/send?text=https:\/\/radiorevelacionfm.cl\/?p=7669' aria-hidden='false' data-av_icon='\uf232' data-av_iconfont='entypo-fontello' title='' data-avia-related-tooltip='Compartir en Whatsapp' rel=\"noopener\"><span class='avia_hidden_link_text'>Compartir en Whatsapp<\/span><\/a><\/li><li class='av-share-link av-social-link-linkedin' ><a target=\"_blank\" aria-label=\"Compartir en LinkedIn\" href='https:\/\/linkedin.com\/shareArticle?mini=true&#038;title=FOSIS%20da%20a%20conocer%20nuevo%20Consejo%20Regional%20de%20la%20Sociedad%20Civil%20de%20Transici%C3%B3n&#038;url=https:\/\/radiorevelacionfm.cl\/?p=7669' aria-hidden='false' data-av_icon='\ue8fc' data-av_iconfont='entypo-fontello' title='' data-avia-related-tooltip='Compartir en LinkedIn' rel=\"noopener\"><span class='avia_hidden_link_text'>Compartir en LinkedIn<\/span><\/a><\/li><li class='av-share-link av-social-link-mail' ><a  aria-label=\"Compartir por correo\" href='mailto:?subject=FOSIS%20da%20a%20conocer%20nuevo%20Consejo%20Regional%20de%20la%20Sociedad%20Civil%20de%20Transici%C3%B3n&#038;body=https:\/\/radiorevelacionfm.cl\/?p=7669' aria-hidden='false' data-av_icon='\ue805' data-av_iconfont='entypo-fontello' title='' data-avia-related-tooltip='Compartir por correo'><span class='avia_hidden_link_text'>Compartir por correo<\/span><\/a><\/li><\/ul><\/div><\/div>\n<div  style='height:50px' class='hr hr-invisible   avia-builder-el-8  el_after_av_social_share  el_before_av_comments_list '><span class='hr-inner ' ><span class='hr-inner-style'><\/span><\/span><\/div>\n<div  class='av-buildercomment  av-blog-meta-html-info-disabled av-blog-meta-tag-disabled  '><\/div>\n","protected":false},"excerpt":{"rendered":"","protected":false},"author":1,"featured_media":7670,"comment_status":"open","ping_status":"open","sticky":false,"template":"","format":"standard","meta":{"footnotes":""},"categories":[38],"tags":[],"class_list":["post-7669","post","type-post","status-publish","format-standard","has-post-thumbnail","hentry","category-regional"],"jetpack_featured_media_url":"https:\/\/radiorevelacionfm.cl\/wp-content\/uploads\/2021\/08\/COSOC-FOSIS-Aysen-1-1.jpeg","_links":{"self":[{"href":"https:\/\/radiorevelacionfm.cl\/index.php?rest_route=\/wp\/v2\/posts\/7669","targetHints":{"allow":["GET"]}}],"collection":[{"href":"https:\/\/radiorevelacionfm.cl\/index.php?rest_route=\/wp\/v2\/posts"}],"about":[{"href":"https:\/\/radiorevelacionfm.cl\/index.php?rest_route=\/wp\/v2\/types\/post"}],"author":[{"embeddable":true,"href":"https:\/\/radiorevelacionfm.cl\/index.php?rest_route=\/wp\/v2\/users\/1"}],"replies":[{"embeddable":true,"href":"https:\/\/radiorevelacionfm.cl\/index.php?rest_route=%2Fwp%2Fv2%2Fcomments&post=7669"}],"version-history":[{"count":1,"href":"https:\/\/radiorevelacionfm.cl\/index.php?rest_route=\/wp\/v2\/posts\/7669\/revisions"}],"predecessor-version":[{"id":7671,"href":"https:\/\/radiorevelacionfm.cl\/index.php?rest_route=\/wp\/v2\/posts\/7669\/revisions\/7671"}],"wp:featuredmedia":[{"embeddable":true,"href":"https:\/\/radiorevelacionfm.cl\/index.php?rest_route=\/wp\/v2\/media\/7670"}],"wp:attachment":[{"href":"https:\/\/radiorevelacionfm.cl\/index.php?rest_route=%2Fwp%2Fv2%2Fmedia&parent=7669"}],"wp:term":[{"taxonomy":"category","embeddable":true,"href":"https:\/\/radiorevelacionfm.cl\/index.php?rest_route=%2Fwp%2Fv2%2Fcategories&post=7669"},{"taxonomy":"post_tag","embeddable":true,"href":"https:\/\/radiorevelacionfm.cl\/index.php?rest_route=%2Fwp%2Fv2%2Ftags&post=7669"}],"curies":[{"name":"wp","href":"https:\/\/api.w.org\/{rel}","templated":true}]}}