{"id":7663,"date":"2021-08-19T15:41:09","date_gmt":"2021-08-19T18:41:09","guid":{"rendered":"https:\/\/radiorevelacionfm.cl\/?p=7663"},"modified":"2021-08-19T15:41:09","modified_gmt":"2021-08-19T18:41:09","slug":"con-firma-de-acta-mop-pone-en-marcha-construccion-del-primer-aeropuerto-concesionado-en-la-region-de-aysen","status":"publish","type":"post","link":"https:\/\/radiorevelacionfm.cl\/?p=7663","title":{"rendered":"Con firma de acta MOP pone en marcha construcci\u00f3n del primer aeropuerto concesionado en la regi\u00f3n de Ays\u00e9n"},"content":{"rendered":"<div class=\"flex_column av_one_full  flex_column_div av-zero-column-padding first  avia-builder-el-0  el_before_av_one_full  avia-builder-el-first  \" style='border-radius:0px; '><div  class='avia-image-container  av-styling-    avia-builder-el-1  avia-builder-el-no-sibling  avia-align-center '  itemprop=\"image\" itemscope=\"itemscope\" itemtype=\"https:\/\/schema.org\/ImageObject\"  ><div class='avia-image-container-inner'><div class='avia-image-overlay-wrap'><img decoding=\"async\" class='wp-image-7664 avia-img-lazy-loading-not-7664 avia_image' src=\"https:\/\/radiorevelacionfm.cl\/wp-content\/uploads\/2021\/08\/aeropuerto1-1-1.jpg\" alt='' title='aeropuerto1 (1) (1)' height=\"600\" width=\"1254\"  itemprop=\"thumbnailUrl\" srcset=\"https:\/\/radiorevelacionfm.cl\/wp-content\/uploads\/2021\/08\/aeropuerto1-1-1.jpg 1254w, https:\/\/radiorevelacionfm.cl\/wp-content\/uploads\/2021\/08\/aeropuerto1-1-1-300x144.jpg 300w, https:\/\/radiorevelacionfm.cl\/wp-content\/uploads\/2021\/08\/aeropuerto1-1-1-1030x493.jpg 1030w, https:\/\/radiorevelacionfm.cl\/wp-content\/uploads\/2021\/08\/aeropuerto1-1-1-768x367.jpg 768w, https:\/\/radiorevelacionfm.cl\/wp-content\/uploads\/2021\/08\/aeropuerto1-1-1-705x337.jpg 705w, https:\/\/radiorevelacionfm.cl\/wp-content\/uploads\/2021\/08\/aeropuerto1-1-1-600x287.jpg 600w\" sizes=\"(max-width: 1254px) 100vw, 1254px\" \/><\/div><\/div><\/div><\/div><div class=\"flex_column av_one_full  flex_column_div av-zero-column-padding first  avia-builder-el-2  el_after_av_one_full  el_before_av_one_full  column-top-margin\" style='border-radius:0px; '><section class=\"av_textblock_section \"  itemscope=\"itemscope\" itemtype=\"https:\/\/schema.org\/BlogPosting\" itemprop=\"blogPost\" ><div class='avia_textblock  '   itemprop=\"text\" ><p style=\"text-align: center;\"><strong><span style=\"font-size: 18pt;\">Con firma de acta MOP pone en marcha construcci\u00f3n del primer aeropuerto concesionado en la regi\u00f3n de Ays\u00e9n<\/span><\/strong><\/p>\n<div id=\"gtx-trans\" style=\"position: absolute; left: -50px; top: 4.31534px;\">\n<div class=\"gtx-trans-icon\"><\/div>\n<\/div>\n<\/div><\/section><\/div><div class=\"flex_column av_one_full  flex_column_div av-zero-column-padding first  avia-builder-el-4  el_after_av_one_full  el_before_av_hr  column-top-margin\" style='border-radius:0px; '><section class=\"av_textblock_section \"  itemscope=\"itemscope\" itemtype=\"https:\/\/schema.org\/BlogPosting\" itemprop=\"blogPost\" ><div class='avia_textblock  '   itemprop=\"text\" ><p style=\"text-align: justify;\">El cumplimiento de un importante paso en el proceso de mejorar las condiciones de conectividad a\u00e9rea de los habitantes de la regi\u00f3n de Ays\u00e9n dio el gobierno del presidente Sebasti\u00e1n Pi\u00f1era con la firma del Acta de Traspaso por parte de la Direcci\u00f3n General de Concesiones del MOP del actual Terminal A\u00e9reo de Balmaceda a la empresa concesionaria Consorcio Austral Aeropuertos \u2013conformado por la empresa Cointer Chile S.A. y la empresa Concesionaria de Aeropuertos del Sur SPA- para iniciar el contrato de concesi\u00f3n de la Red Aeroportuaria Austral, que incluye el Aer\u00f3dromo de Balmaceda y el Aeropuerto Carlos Ib\u00e1\u00f1ez del Campo en la regi\u00f3n de Magallanes y Ant\u00e1rtica Chilena, as\u00ed lo dio a conocer hoy el Secretario Regional Ministerial de Obras P\u00fablicas N\u00e9stor Mera Mu\u00f1oz, quien enfatiz\u00f3 que con ello se cumple un importante hito para el gobierno con esta obra, que \u00a0ser\u00e1 la primera concesionada en la regi\u00f3n de Ays\u00e9n.<\/p>\n<p style=\"text-align: justify;\">\u201cEstamos muy contentos porque dimos inicio a algo muy esperado por la regi\u00f3n de Ays\u00e9n. Hoy 19 de agosto parte la concesi\u00f3n del Aer\u00f3dromo de Balmaceda, es decir, hasta esta semana la Direcci\u00f3n General de Aeron\u00e1utica Civil en la regi\u00f3n de Ays\u00e9n eran los encargados de administrar el Terminal A\u00e9reo de Balmaceda y a partir del 19 de agosto el \u00e1rea comercial del Aer\u00f3dromo pasa a la administraci\u00f3n de la empresa concesionaria para que ellos puedan empezar a cumplir la labor que les corresponde. Entonces, a partir del 19 de agosto, con la Concesionaria tendremos relaci\u00f3n por al menos los pr\u00f3ximos 25 a\u00f1os, porque ellos estar\u00e1n a cargo de la construcci\u00f3n del nuevo Aeropuerto de Balmaceda y nuestra Direcci\u00f3n Regional de Aeropuertos estar\u00e1 a cargo de la conservaci\u00f3n y\/o construcci\u00f3n de las pistas del Aeropuerto. Este a\u00f1o la Concesionaria realizar\u00e1 todo el dise\u00f1o de ingenier\u00eda de detalles que considera el proyecto y el pr\u00f3ximo a\u00f1o comenzar\u00e1 la construcci\u00f3n del nuevo Aeropuerto, lo que ser\u00e1 un cambio sustantivo para la regi\u00f3n de Ays\u00e9n, para el desarrollo productivo, econ\u00f3mico, social, tur\u00edstico y de crecimiento de la comunidad de Balmaceda que se encuentra ubicada aleda\u00f1a al Aer\u00f3dromo la cual se debe sentir parte del desarrollo que tiene la localidad. En suma, estamos muy contentos porque con esto traemos m\u00e1s desarrollo,\u00a0 empleo y \u00a0la primera concesi\u00f3n en la historia a la regi\u00f3n de Ays\u00e9n que esperamos de frutos muy productivos para todos los ayseninos y para todos quienes nos visitan de otras partes del pa\u00eds y del mundo\u201d, destac\u00f3 N\u00e9stor Mera Mu\u00f1oz.<\/p>\n<p style=\"text-align: justify;\">La Delegada Presidencial Regional Margarita Ossa Rojas resalt\u00f3 que hoy a la comunidad de Balmaceda se le entreg\u00f3 una muy buena noticia. \u201cLa regi\u00f3n de Ays\u00e9n tiene una historia de aislamiento muy dura, muy compleja y el ingreso a nuestra regi\u00f3n como es el caso de Balmaceda es una puerta fundamental para el desarrollo de nuestra regi\u00f3n. Ha costado, Ays\u00e9n poco a poco est\u00e1 menos aislada y en el gobierno del presidente Sebasti\u00e1n Pi\u00f1era se nos ha puesto como misi\u00f3n fundamental beneficiar el desarrollo regional, mejorar el ingreso de turistas y mejorar la calidad de vida de las personas. A veces\u00a0 estamos en Santiago, conversamos y cuesta creer que no podemos salir o acceder a nuestra regi\u00f3n debido a las condiciones clim\u00e1ticas por lo tanto,\u00a0 accesos como este, puentes en materia de infraestructura mejoran la calidad de vida de las personas y ese es el sentido de nuestro gobierno, eso es en lo que hemos estado trabajando en un poco m\u00e1s de tres a\u00f1os y medio, eso es lo que vamos a seguir trabajando; lo evidenciamos durante la pandemia, tenemos que tener accesos expeditos a nuestra regi\u00f3n, de calidad, ser puerta hacia y desde nuestra regi\u00f3n y por eso estamos muy contentos y les agradecemos profundamente a la empresa y cuenten con nosotros porque sabemos que esto se inicia desde hoy y esperamos que tengan una excelente relaci\u00f3n de trabajo con el Ministerio de Obras P\u00fablicas\u201d.<\/p>\n<p style=\"text-align: justify;\">El nuevo Aeropuerto de Balmaceda tendr\u00e1 una superficie construida de 12.391 m2 lo que representa un 454% de incremento en esta \u00e1rea comparada con la edificaci\u00f3n actual que s\u00f3lo cuenta con 2.235m2; aumentar\u00e1 la capacidad con 81 nuevos estacionamientos de veh\u00edculos a los que se suman 173 actuales, lo que permitir\u00e1 completar 272 estacionamientos lo que representa un incremento de 57%; los estacionamientos para aeronaves comerciales se duplicar\u00e1n, pasando de tres a seis y se crean 13 nuevos estacionamientos para aviaci\u00f3n general, y se podr\u00e1 atender a 1.2 millones de pasajeros al a\u00f1o; el actual Terminal de Pasajeros pasar\u00e1 a ser el Terminal de Carga y el nuevo Terminal de Pasajeros contar\u00e1 con cinco puentes de embarque (hoy existen solo 2) y 17 counters para aerol\u00edneas (hoy existen 10) y habr\u00e1 2 cintas de nuevas de retiro de equipaje. La inversi\u00f3n total en la concesi\u00f3n de la Red Aeroportuaria Austral -que incluye la infraestructura a\u00e9rea de Balmaceda y el Aeropuerto Carlos Ib\u00e1\u00f1ez del Campo de la regi\u00f3n de Magallanes y Ant\u00e1rtica Chilena- alcanza los 166 millones de d\u00f3lares y de esta cifra el 60% de los recursos son para el nuevo Aeropuerto de Balmaceda.<\/p>\n<p style=\"text-align: justify;\">Por su parte, el Director del Consorcio Austral Aeropuertos Gonzalo Curubelo indic\u00f3 que \u201ca partir del 19 de agosto comenzamos a operar el Aer\u00f3dromo de Balmaceda y tenemos un plazo m\u00e1ximo para partir \u00a0que es mayo del a\u00f1o 2023 con la construcci\u00f3n, la que tendr\u00e1 una vida de 25 hasta posiblemente 32 a\u00f1os. Estamos muy felices por ello. Apoyamos a este gobierno a trav\u00e9s del MOP y del sistema de Concesiones. Tenemos plena confianza de la reactivaci\u00f3n econ\u00f3mica que ya estamos viendo que se est\u00e1 dando y estamos muy confiados de ello, y tambi\u00e9n del tr\u00e1fico a\u00e9reo estamos convencidos de su reactivaci\u00f3n. El proceso de licitaci\u00f3n del MOP que empez\u00f3 a fines del a\u00f1o 2019 y durante el a\u00f1o 2020 en el que les toc\u00f3 vivir al MOP una pandemia independientemente de ello, sentimos que este proceso ha sido muy \u00e1gil, muy expedito y estamos c\u00f3modos con todo el proceso que dio fruto a esta concesi\u00f3n y que seamos nosotros los adjudicatarios del contrato. Seguramente esto va a impactar fuertemente a la ciudad de Balmaceda porque va a generar empleo directo e indirecto en la etapa de construcci\u00f3n y empleo directo que se va a mantener durante su etapa de operaci\u00f3n y empleo tambi\u00e9n que se genera a partir de hoy con la operaci\u00f3n y tambi\u00e9n seguramente va a impactar favorablemente en la conectividad desde y hacia Balmaceda y hacia la regi\u00f3n de Ays\u00e9n y desde nuestro lugar nos pone muy felices poder colaborar\u201d.<\/p>\n<p style=\"text-align: justify;\">En tanto, el Jefe del Aer\u00f3dromo de Balmaceda, Andr\u00e9s Murillo se\u00f1al\u00f3 \u201cA partir de hoy la Direcci\u00f3n General de Aeron\u00e1utica Civil se va a dedicar netamente a lo que es aeron\u00e1utica, vale decir, a la seguridad de aviaci\u00f3n, meteorolog\u00eda, tr\u00e1nsito a\u00e9reo, servicio de extinci\u00f3n de incendios en caso de una emergencia, y dejamos de encargarnos del \u00e1rea comercial del Terminal de Pasajeros y esta funci\u00f3n se la entregamos a la concesionaria para que ellos inviertan mayores recursos para poder construir una infraestructura adecuada a la demanda que tiene esta regi\u00f3n, la que en relaci\u00f3n al resto del pa\u00eds ven\u00eda en escalada de incremento de pasajeros transportados\u00a0 de un 13% a 14 % anual, lo que es muy interesante porque en alg\u00fan momento la pandemia tendr\u00e1 que disminuir y nuevamente se tendr\u00e1 que retomar la actividad tur\u00edstica, por lo tanto todo lo que va a ocurrir de aqu\u00ed en adelante es bastante bueno para la regi\u00f3n\u201d.<\/p>\n<\/div><\/section><\/div><div  style='height:50px' class='hr hr-invisible   avia-builder-el-6  el_after_av_one_full  el_before_av_social_share '><span class='hr-inner ' ><span class='hr-inner-style'><\/span><\/span><\/div><\/p>\n<div  class='av-social-sharing-box  avia-builder-el-7  el_after_av_hr  el_before_av_hr  '><div class='av-share-box'><h5 class='av-share-link-description av-no-toc '>Compartir esta noticia<\/h5><ul class='av-share-box-list noLightbox'><li class='av-share-link av-social-link-facebook' ><a target=\"_blank\" aria-label=\"Compartir en Facebook\" href='https:\/\/www.facebook.com\/sharer.php?u=https:\/\/radiorevelacionfm.cl\/?p=7663&#038;t=Con%20firma%20de%20acta%20MOP%20pone%20en%20marcha%20construcci%C3%B3n%20del%20primer%20aeropuerto%20concesionado%20en%20la%20regi%C3%B3n%20de%20Ays%C3%A9n' aria-hidden='false' data-av_icon='\ue8f3' data-av_iconfont='entypo-fontello' title='' data-avia-related-tooltip='Compartir en Facebook' rel=\"noopener\"><span class='avia_hidden_link_text'>Compartir en Facebook<\/span><\/a><\/li><li class='av-share-link av-social-link-twitter' ><a target=\"_blank\" aria-label=\"Compartir en Twitter\" href='https:\/\/twitter.com\/share?text=Con%20firma%20de%20acta%20MOP%20pone%20en%20marcha%20construcci%C3%B3n%20del%20primer%20aeropuerto%20concesionado%20en%20la%20regi%C3%B3n%20de%20Ays%C3%A9n&#038;url=https:\/\/radiorevelacionfm.cl\/?p=7663' aria-hidden='false' data-av_icon='\ue8f1' data-av_iconfont='entypo-fontello' title='' data-avia-related-tooltip='Compartir en Twitter' rel=\"noopener\"><span class='avia_hidden_link_text'>Compartir en Twitter<\/span><\/a><\/li><li class='av-share-link av-social-link-whatsapp' ><a target=\"_blank\" aria-label=\"Compartir en Whatsapp\" href='https:\/\/api.whatsapp.com\/send?text=https:\/\/radiorevelacionfm.cl\/?p=7663' aria-hidden='false' data-av_icon='\uf232' data-av_iconfont='entypo-fontello' title='' data-avia-related-tooltip='Compartir en Whatsapp' rel=\"noopener\"><span class='avia_hidden_link_text'>Compartir en Whatsapp<\/span><\/a><\/li><li class='av-share-link av-social-link-linkedin' ><a target=\"_blank\" aria-label=\"Compartir en LinkedIn\" href='https:\/\/linkedin.com\/shareArticle?mini=true&#038;title=Con%20firma%20de%20acta%20MOP%20pone%20en%20marcha%20construcci%C3%B3n%20del%20primer%20aeropuerto%20concesionado%20en%20la%20regi%C3%B3n%20de%20Ays%C3%A9n&#038;url=https:\/\/radiorevelacionfm.cl\/?p=7663' aria-hidden='false' data-av_icon='\ue8fc' data-av_iconfont='entypo-fontello' title='' data-avia-related-tooltip='Compartir en LinkedIn' rel=\"noopener\"><span class='avia_hidden_link_text'>Compartir en LinkedIn<\/span><\/a><\/li><li class='av-share-link av-social-link-mail' ><a  aria-label=\"Compartir por correo\" href='mailto:?subject=Con%20firma%20de%20acta%20MOP%20pone%20en%20marcha%20construcci%C3%B3n%20del%20primer%20aeropuerto%20concesionado%20en%20la%20regi%C3%B3n%20de%20Ays%C3%A9n&#038;body=https:\/\/radiorevelacionfm.cl\/?p=7663' aria-hidden='false' data-av_icon='\ue805' data-av_iconfont='entypo-fontello' title='' data-avia-related-tooltip='Compartir por correo'><span class='avia_hidden_link_text'>Compartir por correo<\/span><\/a><\/li><\/ul><\/div><\/div>\n<div  style='height:50px' class='hr hr-invisible   avia-builder-el-8  el_after_av_social_share  el_before_av_comments_list '><span class='hr-inner ' ><span class='hr-inner-style'><\/span><\/span><\/div>\n<div  class='av-buildercomment  av-blog-meta-html-info-disabled av-blog-meta-tag-disabled  '><\/div>\n","protected":false},"excerpt":{"rendered":"","protected":false},"author":1,"featured_media":7664,"comment_status":"open","ping_status":"open","sticky":false,"template":"","format":"standard","meta":{"footnotes":""},"categories":[38],"tags":[],"class_list":["post-7663","post","type-post","status-publish","format-standard","has-post-thumbnail","hentry","category-regional"],"jetpack_featured_media_url":"https:\/\/radiorevelacionfm.cl\/wp-content\/uploads\/2021\/08\/aeropuerto1-1-1.jpg","_links":{"self":[{"href":"https:\/\/radiorevelacionfm.cl\/index.php?rest_route=\/wp\/v2\/posts\/7663","targetHints":{"allow":["GET"]}}],"collection":[{"href":"https:\/\/radiorevelacionfm.cl\/index.php?rest_route=\/wp\/v2\/posts"}],"about":[{"href":"https:\/\/radiorevelacionfm.cl\/index.php?rest_route=\/wp\/v2\/types\/post"}],"author":[{"embeddable":true,"href":"https:\/\/radiorevelacionfm.cl\/index.php?rest_route=\/wp\/v2\/users\/1"}],"replies":[{"embeddable":true,"href":"https:\/\/radiorevelacionfm.cl\/index.php?rest_route=%2Fwp%2Fv2%2Fcomments&post=7663"}],"version-history":[{"count":1,"href":"https:\/\/radiorevelacionfm.cl\/index.php?rest_route=\/wp\/v2\/posts\/7663\/revisions"}],"predecessor-version":[{"id":7665,"href":"https:\/\/radiorevelacionfm.cl\/index.php?rest_route=\/wp\/v2\/posts\/7663\/revisions\/7665"}],"wp:featuredmedia":[{"embeddable":true,"href":"https:\/\/radiorevelacionfm.cl\/index.php?rest_route=\/wp\/v2\/media\/7664"}],"wp:attachment":[{"href":"https:\/\/radiorevelacionfm.cl\/index.php?rest_route=%2Fwp%2Fv2%2Fmedia&parent=7663"}],"wp:term":[{"taxonomy":"category","embeddable":true,"href":"https:\/\/radiorevelacionfm.cl\/index.php?rest_route=%2Fwp%2Fv2%2Fcategories&post=7663"},{"taxonomy":"post_tag","embeddable":true,"href":"https:\/\/radiorevelacionfm.cl\/index.php?rest_route=%2Fwp%2Fv2%2Ftags&post=7663"}],"curies":[{"name":"wp","href":"https:\/\/api.w.org\/{rel}","templated":true}]}}