{"id":7657,"date":"2021-08-19T16:31:54","date_gmt":"2021-08-19T19:31:54","guid":{"rendered":"https:\/\/radiorevelacionfm.cl\/?p=7657"},"modified":"2021-08-19T17:24:53","modified_gmt":"2021-08-19T20:24:53","slug":"comision-de-infraestructura-del-core-destaco-avances-y-desafios-en-ruta-7-sur","status":"publish","type":"post","link":"https:\/\/radiorevelacionfm.cl\/?p=7657","title":{"rendered":"Comisi\u00f3n de Infraestructura del CORE destac\u00f3 avances y desaf\u00edos en Ruta 7 Sur"},"content":{"rendered":"<div class=\"flex_column av_one_full  flex_column_div av-zero-column-padding first  avia-builder-el-0  el_before_av_one_full  avia-builder-el-first  \" style='border-radius:0px; '><div  class='avia-image-container  av-styling-    avia-builder-el-1  avia-builder-el-no-sibling  avia-align-center '  itemprop=\"image\" itemscope=\"itemscope\" itemtype=\"https:\/\/schema.org\/ImageObject\"  ><div class='avia-image-container-inner'><div class='avia-image-overlay-wrap'><img decoding=\"async\" class='wp-image-7658 avia-img-lazy-loading-not-7658 avia_image' src=\"https:\/\/radiorevelacionfm.cl\/wp-content\/uploads\/2021\/08\/CORE-2021-08-11-1-1.jpeg\" alt='' title='CORE 2021-08-11 (1) (1)' height=\"600\" width=\"961\"  itemprop=\"thumbnailUrl\" srcset=\"https:\/\/radiorevelacionfm.cl\/wp-content\/uploads\/2021\/08\/CORE-2021-08-11-1-1.jpeg 961w, https:\/\/radiorevelacionfm.cl\/wp-content\/uploads\/2021\/08\/CORE-2021-08-11-1-1-300x187.jpeg 300w, https:\/\/radiorevelacionfm.cl\/wp-content\/uploads\/2021\/08\/CORE-2021-08-11-1-1-768x480.jpeg 768w, https:\/\/radiorevelacionfm.cl\/wp-content\/uploads\/2021\/08\/CORE-2021-08-11-1-1-705x440.jpeg 705w, https:\/\/radiorevelacionfm.cl\/wp-content\/uploads\/2021\/08\/CORE-2021-08-11-1-1-600x375.jpeg 600w\" sizes=\"(max-width: 961px) 100vw, 961px\" \/><\/div><\/div><\/div><\/div><div class=\"flex_column av_one_full  flex_column_div av-zero-column-padding first  avia-builder-el-2  el_after_av_one_full  el_before_av_one_full  column-top-margin\" style='border-radius:0px; '><section class=\"av_textblock_section \"  itemscope=\"itemscope\" itemtype=\"https:\/\/schema.org\/BlogPosting\" itemprop=\"blogPost\" ><div class='avia_textblock  '   itemprop=\"text\" ><p class=\"v1MsoNormal\" align=\"center\"><span style=\"font-size: 18pt;\"><b><span lang=\"ES-MX\">Comisi\u00f3n de Infraestructura del CORE <\/span><\/b><b><span lang=\"ES-MX\">destac\u00f3 avances y desaf\u00edos en Ruta 7 Sur<\/span><\/b><\/span><\/p>\n<p class=\"v1MsoNormal\"><b><span lang=\"ES-MX\">\u00a0<\/span><\/b><\/p>\n<div id=\"gtx-trans\" style=\"position: absolute; left: -50px; top: 4.31534px;\">\n<div class=\"gtx-trans-icon\"><\/div>\n<\/div>\n<\/div><\/section><\/div><div class=\"flex_column av_one_full  flex_column_div av-zero-column-padding first  avia-builder-el-4  el_after_av_one_full  el_before_av_hr  column-top-margin\" style='border-radius:0px; '><section class=\"av_textblock_section \"  itemscope=\"itemscope\" itemtype=\"https:\/\/schema.org\/BlogPosting\" itemprop=\"blogPost\" ><div class='avia_textblock  '   itemprop=\"text\" ><p class=\"v1MsoNormal\" style=\"text-align: justify;\"><span lang=\"ES-MX\">Los avances y desaf\u00edos en el mejoramiento de la Ruta 7 Sur, en especial aquellos que forman parte del Convenio de Programaci\u00f3n entre el Gobierno Regional de Ays\u00e9n y el Ministerio de Obras P\u00fablicas, analiz\u00f3 la comisi\u00f3n de Infraestructura del Consejo Regional (CORE).<\/span><\/p>\n<p class=\"v1MsoNormal\" style=\"text-align: justify;\"><span lang=\"ES-MX\">La instancia es presidida por el consejero Jorge Abello e integrada por los consejeros Ra\u00fal Rudolphi, Carlos Campos, Washington Medina y Carlos Quintul, quienes se reunieron con el seremi de Obras P\u00fablicas, N\u00e9stor Mera, y analizaron los proyectos a cargo de la Direcci\u00f3n de Arquitectura del MOP como Unidad T\u00e9cnica.\u00a0<\/span><\/p>\n<p class=\"v1MsoNormal\" style=\"text-align: justify;\"><span lang=\"ES-MX\">\u00abSe nos ha entregado informaci\u00f3n tanto del Gobierno Regional como del seremi de Obras P\u00fablicas y sus equipos t\u00e9cnicos, donde observamos avances y proyecciones muy importantes, que van a dar un impulso y dinamismo econ\u00f3mico relevante al sur de nuestra regi\u00f3n y sus comunidades. Respecto de la Direcci\u00f3n de Arquitectura, se nos han explicado algunas situaciones de contingencia, otras coyunturales, que enfrenta esta direcci\u00f3n por el atraso de algunas licitaciones, pero donde se est\u00e1n tomando las prevenciones para sacar adelante las obras y las licitaciones pendientes\u00bb, indic\u00f3 Jorge Abello.\u00a0\u00a0<\/span><\/p>\n<p class=\"v1MsoNormal\" style=\"text-align: justify;\"><span lang=\"ES-MX\">El vicepresidente de la Comisi\u00f3n, Ra\u00fal Rudolphi, destac\u00f3 el trabajo colaborativo para favorecer el di\u00e1logo y tomar las mejores decisiones para el territorio. \u00abAgradezco al seremi de Obras P\u00fablicas, N\u00e9stor Mera por la informaci\u00f3n oportuna y clara de la inversi\u00f3n y presupuesto sectorial y, por supuesto, a la Gobernadora Regional, Andrea Mac\u00edas, y su equipo. De este trabajo observamos que podr\u00eda existir espacio para sumar recursos frescos del MOP, adelantando inversiones para estimular las econom\u00edas locales de la zona sur, a trav\u00e9s de la generaci\u00f3n de empleos y demanda por servicios. Para concretar esto, sostendremos en los pr\u00f3ximos d\u00edas reuniones con autoridades nacionales, espero y conf\u00edo que podemos traer buenas noticias\u00bb, indic\u00f3.<\/span><\/p>\n<p class=\"v1MsoNormal\" style=\"text-align: justify;\"><span lang=\"ES-MX\">Carlos Campos a\u00f1adi\u00f3 que \u00abla agenda de trabajo permanente de la Comisi\u00f3n ya permiti\u00f3 importantes logros, destacando la ejecuci\u00f3n en marcha del trayecto El Traro-Cochrane, con una inversi\u00f3n de 13 mil 600 millones de pesos, que permitir\u00e1 avanzar en los primeros 5,4 kil\u00f3metros de pavimentaci\u00f3n de la Ruta 7 Sur en la provincia Capit\u00e1n Prat.<\/span><\/p>\n<p class=\"v1MsoNormal\" style=\"text-align: justify;\"><span lang=\"ES-MX\">El consejero Carlos Quintul enfatiz\u00f3 en \u00abla informaci\u00f3n entregada por Vialidad, sobre la toma de raz\u00f3n por parte de Contralor\u00eda del tramo Puente El Belga-Tranquilo\u2013Las Antenas, por lo tanto, se puede avanzar al contrato con la empresa Santa Fe, que se adjudic\u00f3 la ejecuci\u00f3n de 14 kil\u00f3metros por 17 mil millones de pesos\u00bb.<\/span><\/p>\n<p class=\"v1MsoNormal\" style=\"text-align: justify;\"><span lang=\"ES-MX\">Washington Medina acot\u00f3 que una de las principales inquietudes, fue la continuidad de las obras de pavimentaci\u00f3n del trayecto Laguna Verde &#8211; Alcantarillada Cascada, comuna de R\u00edo Ib\u00e1\u00f1ez, donde la empresa Brotec se declar\u00f3 en quiebra y tras el t\u00e9rmino anticipado de contrato, Vialidad est\u00e1 en condiciones de volver a licitar los 16,5 kil\u00f3metros.<\/span><\/p>\n<p class=\"v1MsoNormal\" style=\"text-align: justify;\"><span lang=\"ES-MX\">\u00abLuego de varias reuniones y gestiones, se ha tomado la decisi\u00f3n por parte del Gobierno Regional de Ays\u00e9n de concretar la disponibilidad presupuestaria para esta relevante obra de infraestructura vial. Esperamos, por cierto, las gestiones administrativas oportunas, para avanzar lo m\u00e1s pronto posible al segundo proceso de licitaci\u00f3n p\u00fablica\u00bb, indic\u00f3.<\/span><\/p>\n<p class=\"v1MsoNormal\" style=\"text-align: justify;\"><span lang=\"ES-MX\">Los consejeros enfatizaron en que existen gestiones pendientes para tener, al menos, un tercer contrato en la Ruta 7 Sur el primer trimestre de 2022 y conversaciones para concretar presupuestos de otras iniciativas de la zona sur que son muy significativas y estrat\u00e9gicas para el desarrollo social y productivo, no solo para las comunidades del sur, sino para toda la regi\u00f3n.<\/span><\/p>\n<\/div><\/section><\/div><div  style='height:50px' class='hr hr-invisible   avia-builder-el-6  el_after_av_one_full  el_before_av_social_share '><span class='hr-inner ' ><span class='hr-inner-style'><\/span><\/span><\/div><\/p>\n<div  class='av-social-sharing-box  avia-builder-el-7  el_after_av_hr  el_before_av_hr  '><div class='av-share-box'><h5 class='av-share-link-description av-no-toc '>Compartir esta noticia<\/h5><ul class='av-share-box-list noLightbox'><li class='av-share-link av-social-link-facebook' ><a target=\"_blank\" aria-label=\"Compartir en Facebook\" href='https:\/\/www.facebook.com\/sharer.php?u=https:\/\/radiorevelacionfm.cl\/?p=7657&#038;t=Comisi%C3%B3n%20de%20Infraestructura%20del%20CORE%20destac%C3%B3%20avances%20y%20desaf%C3%ADos%20en%20Ruta%207%20Sur' aria-hidden='false' data-av_icon='\ue8f3' data-av_iconfont='entypo-fontello' title='' data-avia-related-tooltip='Compartir en Facebook' rel=\"noopener\"><span class='avia_hidden_link_text'>Compartir en Facebook<\/span><\/a><\/li><li class='av-share-link av-social-link-twitter' ><a target=\"_blank\" aria-label=\"Compartir en Twitter\" href='https:\/\/twitter.com\/share?text=Comisi%C3%B3n%20de%20Infraestructura%20del%20CORE%20destac%C3%B3%20avances%20y%20desaf%C3%ADos%20en%20Ruta%207%20Sur&#038;url=https:\/\/radiorevelacionfm.cl\/?p=7657' aria-hidden='false' data-av_icon='\ue8f1' data-av_iconfont='entypo-fontello' title='' data-avia-related-tooltip='Compartir en Twitter' rel=\"noopener\"><span class='avia_hidden_link_text'>Compartir en Twitter<\/span><\/a><\/li><li class='av-share-link av-social-link-whatsapp' ><a target=\"_blank\" aria-label=\"Compartir en Whatsapp\" href='https:\/\/api.whatsapp.com\/send?text=https:\/\/radiorevelacionfm.cl\/?p=7657' aria-hidden='false' data-av_icon='\uf232' data-av_iconfont='entypo-fontello' title='' data-avia-related-tooltip='Compartir en Whatsapp' rel=\"noopener\"><span class='avia_hidden_link_text'>Compartir en Whatsapp<\/span><\/a><\/li><li class='av-share-link av-social-link-linkedin' ><a target=\"_blank\" aria-label=\"Compartir en LinkedIn\" href='https:\/\/linkedin.com\/shareArticle?mini=true&#038;title=Comisi%C3%B3n%20de%20Infraestructura%20del%20CORE%20destac%C3%B3%20avances%20y%20desaf%C3%ADos%20en%20Ruta%207%20Sur&#038;url=https:\/\/radiorevelacionfm.cl\/?p=7657' aria-hidden='false' data-av_icon='\ue8fc' data-av_iconfont='entypo-fontello' title='' data-avia-related-tooltip='Compartir en LinkedIn' rel=\"noopener\"><span class='avia_hidden_link_text'>Compartir en LinkedIn<\/span><\/a><\/li><li class='av-share-link av-social-link-mail' ><a  aria-label=\"Compartir por correo\" href='mailto:?subject=Comisi%C3%B3n%20de%20Infraestructura%20del%20CORE%20destac%C3%B3%20avances%20y%20desaf%C3%ADos%20en%20Ruta%207%20Sur&#038;body=https:\/\/radiorevelacionfm.cl\/?p=7657' aria-hidden='false' data-av_icon='\ue805' data-av_iconfont='entypo-fontello' title='' data-avia-related-tooltip='Compartir por correo'><span class='avia_hidden_link_text'>Compartir por correo<\/span><\/a><\/li><\/ul><\/div><\/div>\n<div  style='height:50px' class='hr hr-invisible   avia-builder-el-8  el_after_av_social_share  el_before_av_comments_list '><span class='hr-inner ' ><span class='hr-inner-style'><\/span><\/span><\/div>\n<div  class='av-buildercomment  av-blog-meta-html-info-disabled av-blog-meta-tag-disabled  '><\/div>\n","protected":false},"excerpt":{"rendered":"","protected":false},"author":1,"featured_media":7658,"comment_status":"open","ping_status":"open","sticky":false,"template":"","format":"standard","meta":{"footnotes":""},"categories":[38],"tags":[],"class_list":["post-7657","post","type-post","status-publish","format-standard","has-post-thumbnail","hentry","category-regional"],"jetpack_featured_media_url":"https:\/\/radiorevelacionfm.cl\/wp-content\/uploads\/2021\/08\/CORE-2021-08-11-1-1.jpeg","_links":{"self":[{"href":"https:\/\/radiorevelacionfm.cl\/index.php?rest_route=\/wp\/v2\/posts\/7657","targetHints":{"allow":["GET"]}}],"collection":[{"href":"https:\/\/radiorevelacionfm.cl\/index.php?rest_route=\/wp\/v2\/posts"}],"about":[{"href":"https:\/\/radiorevelacionfm.cl\/index.php?rest_route=\/wp\/v2\/types\/post"}],"author":[{"embeddable":true,"href":"https:\/\/radiorevelacionfm.cl\/index.php?rest_route=\/wp\/v2\/users\/1"}],"replies":[{"embeddable":true,"href":"https:\/\/radiorevelacionfm.cl\/index.php?rest_route=%2Fwp%2Fv2%2Fcomments&post=7657"}],"version-history":[{"count":1,"href":"https:\/\/radiorevelacionfm.cl\/index.php?rest_route=\/wp\/v2\/posts\/7657\/revisions"}],"predecessor-version":[{"id":7659,"href":"https:\/\/radiorevelacionfm.cl\/index.php?rest_route=\/wp\/v2\/posts\/7657\/revisions\/7659"}],"wp:featuredmedia":[{"embeddable":true,"href":"https:\/\/radiorevelacionfm.cl\/index.php?rest_route=\/wp\/v2\/media\/7658"}],"wp:attachment":[{"href":"https:\/\/radiorevelacionfm.cl\/index.php?rest_route=%2Fwp%2Fv2%2Fmedia&parent=7657"}],"wp:term":[{"taxonomy":"category","embeddable":true,"href":"https:\/\/radiorevelacionfm.cl\/index.php?rest_route=%2Fwp%2Fv2%2Fcategories&post=7657"},{"taxonomy":"post_tag","embeddable":true,"href":"https:\/\/radiorevelacionfm.cl\/index.php?rest_route=%2Fwp%2Fv2%2Ftags&post=7657"}],"curies":[{"name":"wp","href":"https:\/\/api.w.org\/{rel}","templated":true}]}}