{"id":7650,"date":"2021-08-19T11:56:13","date_gmt":"2021-08-19T14:56:13","guid":{"rendered":"https:\/\/radiorevelacionfm.cl\/?p=7650"},"modified":"2021-08-19T11:56:13","modified_gmt":"2021-08-19T14:56:13","slug":"raul-marin-balmaceda-contara-con-internet-de-alta-velocidad-mediante-fibra-optica","status":"publish","type":"post","link":"https:\/\/radiorevelacionfm.cl\/?p=7650","title":{"rendered":"Ra\u00fal Mar\u00edn Balmaceda contar\u00e1 con Internet de alta velocidad mediante Fibra \u00d3ptica"},"content":{"rendered":"<div class=\"flex_column av_one_full  flex_column_div av-zero-column-padding first  avia-builder-el-0  el_before_av_one_full  avia-builder-el-first  \" style='border-radius:0px; '><div  class='avia-image-container  av-styling-    avia-builder-el-1  avia-builder-el-no-sibling  avia-align-center '  itemprop=\"image\" itemscope=\"itemscope\" itemtype=\"https:\/\/schema.org\/ImageObject\"  ><div class='avia-image-container-inner'><div class='avia-image-overlay-wrap'><img decoding=\"async\" class='wp-image-7651 avia-img-lazy-loading-not-7651 avia_image' src=\"https:\/\/radiorevelacionfm.cl\/wp-content\/uploads\/2021\/08\/DSC_4763i-1-1.jpg\" alt='' title='DSC_4763i (1) (1)' height=\"600\" width=\"1012\"  itemprop=\"thumbnailUrl\" srcset=\"https:\/\/radiorevelacionfm.cl\/wp-content\/uploads\/2021\/08\/DSC_4763i-1-1.jpg 1012w, https:\/\/radiorevelacionfm.cl\/wp-content\/uploads\/2021\/08\/DSC_4763i-1-1-300x178.jpg 300w, https:\/\/radiorevelacionfm.cl\/wp-content\/uploads\/2021\/08\/DSC_4763i-1-1-768x455.jpg 768w, https:\/\/radiorevelacionfm.cl\/wp-content\/uploads\/2021\/08\/DSC_4763i-1-1-705x418.jpg 705w, https:\/\/radiorevelacionfm.cl\/wp-content\/uploads\/2021\/08\/DSC_4763i-1-1-600x356.jpg 600w\" sizes=\"(max-width: 1012px) 100vw, 1012px\" \/><\/div><\/div><\/div><\/div><div class=\"flex_column av_one_full  flex_column_div av-zero-column-padding first  avia-builder-el-2  el_after_av_one_full  el_before_av_one_full  column-top-margin\" style='border-radius:0px; '><section class=\"av_textblock_section \"  itemscope=\"itemscope\" itemtype=\"https:\/\/schema.org\/BlogPosting\" itemprop=\"blogPost\" ><div class='avia_textblock  '   itemprop=\"text\" ><p style=\"text-align: center;\"><span style=\"font-size: 18pt;\"><b>Ra\u00fal Mar\u00edn Balmaceda contar\u00e1 con Internet de alta velocidad mediante Fibra \u00d3ptica<\/b><\/span><\/p>\n<div id=\"gtx-trans\" style=\"position: absolute; left: -50px; top: 4.31534px;\">\n<div class=\"gtx-trans-icon\"><\/div>\n<\/div>\n<\/div><\/section><\/div><div class=\"flex_column av_one_full  flex_column_div av-zero-column-padding first  avia-builder-el-4  el_after_av_one_full  el_before_av_hr  column-top-margin\" style='border-radius:0px; '><section class=\"av_textblock_section \"  itemscope=\"itemscope\" itemtype=\"https:\/\/schema.org\/BlogPosting\" itemprop=\"blogPost\" ><div class='avia_textblock  '   itemprop=\"text\" ><p style=\"font-weight: 400; text-align: justify;\">Mediante una video llamada del subsecretario de Telecomunicaciones Francisco Moreno, seremiTT Fabi\u00e1n Rojas, alcalde Francisco Roncagliolo y concejal Cristian Jaramillo; se anunci\u00f3 oficialmente una noticia muy esperada: la pr\u00f3xima conexi\u00f3n de Fibra \u00d3ptica hacia Ra\u00fal Mar\u00edn Balmaceda.<\/p>\n<p style=\"font-weight: 400; text-align: justify;\">En la instancia se inform\u00f3 que la Subsecretar\u00eda de Telecomunicaciones (SUBTEL) adjudic\u00f3 la Zona Sur del proyecto Fibra \u00d3ptica en Complejos Fronterizos (FOCF) a la empresa Telef\u00f3nica del Sur, beneficiando con conectividad a 10 localidades de las regiones de Los R\u00edos, Los Lagos, Ays\u00e9n y Magallanes. Dentro de esta propuesta se logr\u00f3 \u00a0incorporar dos puntos de interconexi\u00f3n y dos trazados de fibra \u00f3ptica no exigibles en bases de concurso, con lo que se podr\u00e1 entregar esta infraestructura de telecomunicaciones a las localidades de La Junta y Ra\u00fal Mar\u00edn Balmaceda.<\/p>\n<p style=\"font-weight: 400; text-align: justify;\">Moreno adem\u00e1s se refiri\u00f3 a las medidas que se han desarrollado a nivel nacional y que tendr\u00e1n su correlato en la comuna de Cisnes. Por ejemplo, el plan \u201cConectividad para la educaci\u00f3n 2030\u201d, que en la regi\u00f3n entregar\u00e1 internet gratuito a 81 escuelas y colegios, beneficiar\u00e1 a los establecimientos cisnenses: Madre de la Divina Providencia, Nuestra Se\u00f1ora de la Divina Providencia, Amanda Labarca, Eusebio Ibar, Guido G\u00f3mez Mu\u00f1oz, Escuela Hamburgo y Liceo Arturo Prat Chac\u00f3n.<\/p>\n<p style=\"font-weight: 400; text-align: justify;\">Adem\u00e1s, por las contraprestaciones de la licitaci\u00f3n 5G, en Ays\u00e9n se implementar\u00e1 Internet de alta velocidad en 11 localidades rurales y extremas. Entre ellas, figura el sector de Las Chacras, tambi\u00e9n de la comuna de Cisnes.<\/p>\n<p style=\"font-weight: 400; text-align: justify;\">\u201cTenemos una geograf\u00eda dif\u00edcil pero esa no es raz\u00f3n para quedarnos de brazos cruzados. Como Subtel estamos preocupados y ocupados de c\u00f3mo mejoramos las conexiones en el pa\u00eds. Despu\u00e9s de 16 meses de pandemia sabemos lo importante que es contar con conectividad que no s\u00f3lo permita una comunicaci\u00f3n b\u00e1sica. Sino que tambi\u00e9n permita realizar nuestras labores cotidianas, pensando tambi\u00e9n en las micro, peque\u00f1as y medianas empresas. Pensando en los estudiantes de Ays\u00e9n que requieran la conectividad para continuar sus estudios\u201d, reflexion\u00f3 la autoridad de Telecomunicaciones.<\/p>\n<p style=\"font-weight: 400; text-align: justify;\">A nivel regional, el seremi de la cartera expuso la compleja situaci\u00f3n que viven hasta hoy los vecinos de Ra\u00fal Mar\u00edn Balmaceda en t\u00e9rminos de su acceso a las telecomunicaciones y el impacto que este proyecto tendr\u00e1 en sus vidas: \u201cVa a permitir mejorar la calidad de vida de cientos de vecinos que durante a\u00f1os han sufrido por las deficiencias de conectividad en esa zona. Hoy es un d\u00eda de alegr\u00eda para los vecinos que han luchado para que la modernidad, que los separa 75 km de La Junta, les llegue tambi\u00e9n a ellos. La pandemia nos ha puesto esta exigencia y por eso como Ministerio de Transportes y Telecomunicaciones estamos dando una respuesta para que nuestros vecinos est\u00e9n m\u00e1s conectados.\u201d<\/p>\n<p style=\"font-weight: 400; text-align: justify;\">En su rol de cabecera comunal, el edil de Cisnes reconoci\u00f3 el trabajo desarrollado por el Ministerio de Transportes y Telecomunicaciones y en particular, el que se haya acogido el requerimiento de conectividad para las zonas extremas de Ays\u00e9n. \u201cEl trabajo colaborativo, el no s\u00f3lo predicar lo que se quiere hacer, sino que hacer los esfuerzos y el trabajo necesario para que las cosas se vayan cumpliendo, creo que ha sido fundamental en este tiempo. Una necesidad anhelada por los vecinos, mejorar la conectividad telef\u00f3nica, el traspaso de datos y varias cosas que nivelen la cancha en el sentido comunicacional y que permita que zonas aisladas como las nuestras puedan acceder\u00a0 a esto que ya no es un beneficio, sino parte de las necesidades b\u00e1sicas de las familias\u201d, concluy\u00f3 el alcalde.<\/p>\n<p style=\"font-weight: 400; text-align: justify;\"><strong>Resto del proyecto<\/strong><\/p>\n<p style=\"font-weight: 400; text-align: justify;\">El proyecto Fibra \u00d3ptica en Complejos Fronterizos (FOCF) desplegar\u00e1 una red de fibra \u00f3ptica en distintas zonas del pa\u00eds, con la finalidad que las empresas de telecomunicaciones puedan acceder a estas redes y llevar su oferta a las distintas localidades y complejos por donde pasar\u00e1n los distintos trazados, mejorando su conectividad.<\/p>\n<p style=\"font-weight: 400; text-align: justify;\">El concurso\u00a0 p\u00fablico para adjudicar este proyecto contempla 3 zonas geogr\u00e1ficas; Norte, Centro y Sur. Para la ejecuci\u00f3n de esta \u00faltima zona se invertir\u00e1n m\u00e1s de $3.900 millones de pesos que subsidiar\u00e1 el Estado a la empresa adjudicataria.<\/p>\n<\/div><\/section><\/div><div  style='height:50px' class='hr hr-invisible   avia-builder-el-6  el_after_av_one_full  el_before_av_social_share '><span class='hr-inner ' ><span class='hr-inner-style'><\/span><\/span><\/div><\/p>\n<div  class='av-social-sharing-box  avia-builder-el-7  el_after_av_hr  el_before_av_hr  '><div class='av-share-box'><h5 class='av-share-link-description av-no-toc '>Compartir esta noticia<\/h5><ul class='av-share-box-list noLightbox'><li class='av-share-link av-social-link-facebook' ><a target=\"_blank\" aria-label=\"Compartir en Facebook\" href='https:\/\/www.facebook.com\/sharer.php?u=https:\/\/radiorevelacionfm.cl\/?p=7650&#038;t=Ra%C3%BAl%20Mar%C3%ADn%20Balmaceda%20contar%C3%A1%20con%20Internet%20de%20alta%20velocidad%20mediante%20Fibra%20%C3%93ptica' aria-hidden='false' data-av_icon='\ue8f3' data-av_iconfont='entypo-fontello' title='' data-avia-related-tooltip='Compartir en Facebook' rel=\"noopener\"><span class='avia_hidden_link_text'>Compartir en Facebook<\/span><\/a><\/li><li class='av-share-link av-social-link-twitter' ><a target=\"_blank\" aria-label=\"Compartir en Twitter\" href='https:\/\/twitter.com\/share?text=Ra%C3%BAl%20Mar%C3%ADn%20Balmaceda%20contar%C3%A1%20con%20Internet%20de%20alta%20velocidad%20mediante%20Fibra%20%C3%93ptica&#038;url=https:\/\/radiorevelacionfm.cl\/?p=7650' aria-hidden='false' data-av_icon='\ue8f1' data-av_iconfont='entypo-fontello' title='' data-avia-related-tooltip='Compartir en Twitter' rel=\"noopener\"><span class='avia_hidden_link_text'>Compartir en Twitter<\/span><\/a><\/li><li class='av-share-link av-social-link-whatsapp' ><a target=\"_blank\" aria-label=\"Compartir en Whatsapp\" href='https:\/\/api.whatsapp.com\/send?text=https:\/\/radiorevelacionfm.cl\/?p=7650' aria-hidden='false' data-av_icon='\uf232' data-av_iconfont='entypo-fontello' title='' data-avia-related-tooltip='Compartir en Whatsapp' rel=\"noopener\"><span class='avia_hidden_link_text'>Compartir en Whatsapp<\/span><\/a><\/li><li class='av-share-link av-social-link-linkedin' ><a target=\"_blank\" aria-label=\"Compartir en LinkedIn\" href='https:\/\/linkedin.com\/shareArticle?mini=true&#038;title=Ra%C3%BAl%20Mar%C3%ADn%20Balmaceda%20contar%C3%A1%20con%20Internet%20de%20alta%20velocidad%20mediante%20Fibra%20%C3%93ptica&#038;url=https:\/\/radiorevelacionfm.cl\/?p=7650' aria-hidden='false' data-av_icon='\ue8fc' data-av_iconfont='entypo-fontello' title='' data-avia-related-tooltip='Compartir en LinkedIn' rel=\"noopener\"><span class='avia_hidden_link_text'>Compartir en LinkedIn<\/span><\/a><\/li><li class='av-share-link av-social-link-mail' ><a  aria-label=\"Compartir por correo\" href='mailto:?subject=Ra%C3%BAl%20Mar%C3%ADn%20Balmaceda%20contar%C3%A1%20con%20Internet%20de%20alta%20velocidad%20mediante%20Fibra%20%C3%93ptica&#038;body=https:\/\/radiorevelacionfm.cl\/?p=7650' aria-hidden='false' data-av_icon='\ue805' data-av_iconfont='entypo-fontello' title='' data-avia-related-tooltip='Compartir por correo'><span class='avia_hidden_link_text'>Compartir por correo<\/span><\/a><\/li><\/ul><\/div><\/div>\n<div  style='height:50px' class='hr hr-invisible   avia-builder-el-8  el_after_av_social_share  el_before_av_comments_list '><span class='hr-inner ' ><span class='hr-inner-style'><\/span><\/span><\/div>\n<div  class='av-buildercomment  av-blog-meta-html-info-disabled av-blog-meta-tag-disabled  '><\/div>\n","protected":false},"excerpt":{"rendered":"","protected":false},"author":1,"featured_media":7651,"comment_status":"open","ping_status":"open","sticky":false,"template":"","format":"standard","meta":{"footnotes":""},"categories":[38],"tags":[],"class_list":["post-7650","post","type-post","status-publish","format-standard","has-post-thumbnail","hentry","category-regional"],"jetpack_featured_media_url":"https:\/\/radiorevelacionfm.cl\/wp-content\/uploads\/2021\/08\/DSC_4763i-1-1.jpg","_links":{"self":[{"href":"https:\/\/radiorevelacionfm.cl\/index.php?rest_route=\/wp\/v2\/posts\/7650","targetHints":{"allow":["GET"]}}],"collection":[{"href":"https:\/\/radiorevelacionfm.cl\/index.php?rest_route=\/wp\/v2\/posts"}],"about":[{"href":"https:\/\/radiorevelacionfm.cl\/index.php?rest_route=\/wp\/v2\/types\/post"}],"author":[{"embeddable":true,"href":"https:\/\/radiorevelacionfm.cl\/index.php?rest_route=\/wp\/v2\/users\/1"}],"replies":[{"embeddable":true,"href":"https:\/\/radiorevelacionfm.cl\/index.php?rest_route=%2Fwp%2Fv2%2Fcomments&post=7650"}],"version-history":[{"count":1,"href":"https:\/\/radiorevelacionfm.cl\/index.php?rest_route=\/wp\/v2\/posts\/7650\/revisions"}],"predecessor-version":[{"id":7652,"href":"https:\/\/radiorevelacionfm.cl\/index.php?rest_route=\/wp\/v2\/posts\/7650\/revisions\/7652"}],"wp:featuredmedia":[{"embeddable":true,"href":"https:\/\/radiorevelacionfm.cl\/index.php?rest_route=\/wp\/v2\/media\/7651"}],"wp:attachment":[{"href":"https:\/\/radiorevelacionfm.cl\/index.php?rest_route=%2Fwp%2Fv2%2Fmedia&parent=7650"}],"wp:term":[{"taxonomy":"category","embeddable":true,"href":"https:\/\/radiorevelacionfm.cl\/index.php?rest_route=%2Fwp%2Fv2%2Fcategories&post=7650"},{"taxonomy":"post_tag","embeddable":true,"href":"https:\/\/radiorevelacionfm.cl\/index.php?rest_route=%2Fwp%2Fv2%2Ftags&post=7650"}],"curies":[{"name":"wp","href":"https:\/\/api.w.org\/{rel}","templated":true}]}}