{"id":7646,"date":"2021-08-19T11:45:10","date_gmt":"2021-08-19T14:45:10","guid":{"rendered":"https:\/\/radiorevelacionfm.cl\/?p=7646"},"modified":"2021-08-19T11:45:10","modified_gmt":"2021-08-19T14:45:10","slug":"influenza-equina-sag-recuerda-a-criadores-y-corraleros-cumplir-con-vacuna-obligatoria-para-equinos","status":"publish","type":"post","link":"https:\/\/radiorevelacionfm.cl\/?p=7646","title":{"rendered":"Influenza Equina: SAG recuerda a criadores y corraleros cumplir con vacuna obligatoria para equinos"},"content":{"rendered":"<div class=\"flex_column av_one_full  flex_column_div av-zero-column-padding first  avia-builder-el-0  el_before_av_one_full  avia-builder-el-first  \" style='border-radius:0px; '><div  class='avia-image-container  av-styling-    avia-builder-el-1  avia-builder-el-no-sibling  avia-align-center '  itemprop=\"image\" itemscope=\"itemscope\" itemtype=\"https:\/\/schema.org\/ImageObject\"  ><div class='avia-image-container-inner'><div class='avia-image-overlay-wrap'><img decoding=\"async\" class='wp-image-7648 avia-img-lazy-loading-not-7648 avia_image' src=\"https:\/\/radiorevelacionfm.cl\/wp-content\/uploads\/2021\/08\/sag_e-1_optimized.jpg\" alt='' title='sag_e-(1)_optimized' height=\"600\" width=\"947\"  itemprop=\"thumbnailUrl\" srcset=\"https:\/\/radiorevelacionfm.cl\/wp-content\/uploads\/2021\/08\/sag_e-1_optimized.jpg 947w, https:\/\/radiorevelacionfm.cl\/wp-content\/uploads\/2021\/08\/sag_e-1_optimized-300x190.jpg 300w, https:\/\/radiorevelacionfm.cl\/wp-content\/uploads\/2021\/08\/sag_e-1_optimized-768x487.jpg 768w, https:\/\/radiorevelacionfm.cl\/wp-content\/uploads\/2021\/08\/sag_e-1_optimized-705x447.jpg 705w, https:\/\/radiorevelacionfm.cl\/wp-content\/uploads\/2021\/08\/sag_e-1_optimized-600x380.jpg 600w\" sizes=\"(max-width: 947px) 100vw, 947px\" \/><\/div><\/div><\/div><\/div><div class=\"flex_column av_one_full  flex_column_div av-zero-column-padding first  avia-builder-el-2  el_after_av_one_full  el_before_av_one_full  column-top-margin\" style='border-radius:0px; '><section class=\"av_textblock_section \"  itemscope=\"itemscope\" itemtype=\"https:\/\/schema.org\/BlogPosting\" itemprop=\"blogPost\" ><div class='avia_textblock  '   itemprop=\"text\" ><p style=\"text-align: center;\"><strong><span style=\"font-size: 18pt;\">Influenza Equina: SAG recuerda a criadores y corraleros cumplir con vacuna obligatoria para equinos<\/span><\/strong><\/p>\n<div id=\"gtx-trans\" style=\"position: absolute; left: -50px; top: 4.31534px;\">\n<div class=\"gtx-trans-icon\"><\/div>\n<\/div>\n<\/div><\/section><\/div><div class=\"flex_column av_one_full  flex_column_div av-zero-column-padding first  avia-builder-el-4  el_after_av_one_full  el_before_av_hr  column-top-margin\" style='border-radius:0px; '><section class=\"av_textblock_section \"  itemscope=\"itemscope\" itemtype=\"https:\/\/schema.org\/BlogPosting\" itemprop=\"blogPost\" ><div class='avia_textblock  '   itemprop=\"text\" ><p style=\"text-align: justify;\">Servicio Agr\u00edcola y Ganadero\u00a0les recuerda a todos los criadores y corraleros en general, la publicaci\u00f3n de Resoluci\u00f3n Exenta N\u00b0 5.639 de fecha 18 de agosto de 2020, que declara obligatoria la vacunaci\u00f3n contra influenza equina (IE) para todos los equinos que se movilizan por motivos deportivos, crianzas, reproductivos, competencias o eventos de exhibici\u00f3n.<\/p>\n<p style=\"text-align: justify;\">Durante estos meses se activan las actividades tales como rodeos, eventos, entre otros, en los cuales se congrega un gran n\u00famero de caballos, actividades que favorecen la difusi\u00f3n del virus de la Influenza equina, que se transmite por v\u00eda respiratoria. Esta enfermedad es sumamente contagiosa y las part\u00edculas v\u00edricas se pueden transmitir directamente de un caballo a otro o por contaminaci\u00f3n del equipo, la ropa o por el aire. Una poblaci\u00f3n de caballos sin vacunar, sin exposici\u00f3n previa al virus, tiene una tasa de infecci\u00f3n pr\u00f3xima al 100%, indic\u00f3 Nelly Morales Rosas, Encargada de Protecci\u00f3n Pecuaria SAG Ays\u00e9n.<\/p>\n<p style=\"text-align: justify;\">Las enfermedades respiratorias son muy importantes en los caballos, porque tienen un impacto directo y a menudo sustancial en su rendimiento. La influenza equina es end\u00e9mica en todas las poblaciones de caballos y en todo el mundo se producen brotes de esta enfermedad, la vacunaci\u00f3n es la principal defensa contra la enfermedad y constituye un aspecto importante de la protecci\u00f3n contra los brotes de gripe.<\/p>\n<p style=\"text-align: justify;\">Mat\u00edas Vial Orueta, Director Regional SAG Ays\u00e9n, se\u00f1al\u00f3 \u201cla vacunaci\u00f3n es la mejor herramienta para controlar y prevenir la influenza equina. El movimiento de equinos es sumamente riesgoso si los animales no est\u00e1n vacunados, es por esto que hacemos el llamado a vacunar sus animales\u201d.<\/p>\n<p style=\"text-align: justify;\">Finalmente, recordar que esta resoluci\u00f3n de vacunaci\u00f3n se estableci\u00f3 como medida obligatoria debido a brotes de influenza equina en poblaci\u00f3n susceptible, afectando a gran parte del territorio nacional, por ende, el Servicio Agr\u00edcola y Ganadero se encontrar\u00e1 fiscalizando en terreno los certificados de vacunaci\u00f3n vigente de IE de los equinos que se trasladen o movilicen por los motivos y fines que indica dicha resoluci\u00f3n.<\/p>\n<\/div><\/section><\/div><div  style='height:50px' class='hr hr-invisible   avia-builder-el-6  el_after_av_one_full  el_before_av_social_share '><span class='hr-inner ' ><span class='hr-inner-style'><\/span><\/span><\/div><\/p>\n<div  class='av-social-sharing-box  avia-builder-el-7  el_after_av_hr  el_before_av_hr  '><div class='av-share-box'><h5 class='av-share-link-description av-no-toc '>Compartir esta noticia<\/h5><ul class='av-share-box-list noLightbox'><li class='av-share-link av-social-link-facebook' ><a target=\"_blank\" aria-label=\"Compartir en Facebook\" href='https:\/\/www.facebook.com\/sharer.php?u=https:\/\/radiorevelacionfm.cl\/?p=7646&#038;t=Influenza%20Equina%3A%20SAG%20recuerda%20a%20criadores%20y%20corraleros%20cumplir%20con%20vacuna%20obligatoria%20para%20equinos' aria-hidden='false' data-av_icon='\ue8f3' data-av_iconfont='entypo-fontello' title='' data-avia-related-tooltip='Compartir en Facebook' rel=\"noopener\"><span class='avia_hidden_link_text'>Compartir en Facebook<\/span><\/a><\/li><li class='av-share-link av-social-link-twitter' ><a target=\"_blank\" aria-label=\"Compartir en Twitter\" href='https:\/\/twitter.com\/share?text=Influenza%20Equina%3A%20SAG%20recuerda%20a%20criadores%20y%20corraleros%20cumplir%20con%20vacuna%20obligatoria%20para%20equinos&#038;url=https:\/\/radiorevelacionfm.cl\/?p=7646' aria-hidden='false' data-av_icon='\ue8f1' data-av_iconfont='entypo-fontello' title='' data-avia-related-tooltip='Compartir en Twitter' rel=\"noopener\"><span class='avia_hidden_link_text'>Compartir en Twitter<\/span><\/a><\/li><li class='av-share-link av-social-link-whatsapp' ><a target=\"_blank\" aria-label=\"Compartir en Whatsapp\" href='https:\/\/api.whatsapp.com\/send?text=https:\/\/radiorevelacionfm.cl\/?p=7646' aria-hidden='false' data-av_icon='\uf232' data-av_iconfont='entypo-fontello' title='' data-avia-related-tooltip='Compartir en Whatsapp' rel=\"noopener\"><span class='avia_hidden_link_text'>Compartir en Whatsapp<\/span><\/a><\/li><li class='av-share-link av-social-link-linkedin' ><a target=\"_blank\" aria-label=\"Compartir en LinkedIn\" href='https:\/\/linkedin.com\/shareArticle?mini=true&#038;title=Influenza%20Equina%3A%20SAG%20recuerda%20a%20criadores%20y%20corraleros%20cumplir%20con%20vacuna%20obligatoria%20para%20equinos&#038;url=https:\/\/radiorevelacionfm.cl\/?p=7646' aria-hidden='false' data-av_icon='\ue8fc' data-av_iconfont='entypo-fontello' title='' data-avia-related-tooltip='Compartir en LinkedIn' rel=\"noopener\"><span class='avia_hidden_link_text'>Compartir en LinkedIn<\/span><\/a><\/li><li class='av-share-link av-social-link-mail' ><a  aria-label=\"Compartir por correo\" href='mailto:?subject=Influenza%20Equina%3A%20SAG%20recuerda%20a%20criadores%20y%20corraleros%20cumplir%20con%20vacuna%20obligatoria%20para%20equinos&#038;body=https:\/\/radiorevelacionfm.cl\/?p=7646' aria-hidden='false' data-av_icon='\ue805' data-av_iconfont='entypo-fontello' title='' data-avia-related-tooltip='Compartir por correo'><span class='avia_hidden_link_text'>Compartir por correo<\/span><\/a><\/li><\/ul><\/div><\/div>\n<div  style='height:50px' class='hr hr-invisible   avia-builder-el-8  el_after_av_social_share  el_before_av_comments_list '><span class='hr-inner ' ><span class='hr-inner-style'><\/span><\/span><\/div>\n<div  class='av-buildercomment  av-blog-meta-html-info-disabled av-blog-meta-tag-disabled  '><\/div>\n","protected":false},"excerpt":{"rendered":"","protected":false},"author":1,"featured_media":7648,"comment_status":"open","ping_status":"open","sticky":false,"template":"","format":"standard","meta":{"footnotes":""},"categories":[58],"tags":[],"class_list":["post-7646","post","type-post","status-publish","format-standard","has-post-thumbnail","hentry","category-agricultura"],"jetpack_featured_media_url":"https:\/\/radiorevelacionfm.cl\/wp-content\/uploads\/2021\/08\/sag_e-1_optimized.jpg","_links":{"self":[{"href":"https:\/\/radiorevelacionfm.cl\/index.php?rest_route=\/wp\/v2\/posts\/7646","targetHints":{"allow":["GET"]}}],"collection":[{"href":"https:\/\/radiorevelacionfm.cl\/index.php?rest_route=\/wp\/v2\/posts"}],"about":[{"href":"https:\/\/radiorevelacionfm.cl\/index.php?rest_route=\/wp\/v2\/types\/post"}],"author":[{"embeddable":true,"href":"https:\/\/radiorevelacionfm.cl\/index.php?rest_route=\/wp\/v2\/users\/1"}],"replies":[{"embeddable":true,"href":"https:\/\/radiorevelacionfm.cl\/index.php?rest_route=%2Fwp%2Fv2%2Fcomments&post=7646"}],"version-history":[{"count":1,"href":"https:\/\/radiorevelacionfm.cl\/index.php?rest_route=\/wp\/v2\/posts\/7646\/revisions"}],"predecessor-version":[{"id":7649,"href":"https:\/\/radiorevelacionfm.cl\/index.php?rest_route=\/wp\/v2\/posts\/7646\/revisions\/7649"}],"wp:featuredmedia":[{"embeddable":true,"href":"https:\/\/radiorevelacionfm.cl\/index.php?rest_route=\/wp\/v2\/media\/7648"}],"wp:attachment":[{"href":"https:\/\/radiorevelacionfm.cl\/index.php?rest_route=%2Fwp%2Fv2%2Fmedia&parent=7646"}],"wp:term":[{"taxonomy":"category","embeddable":true,"href":"https:\/\/radiorevelacionfm.cl\/index.php?rest_route=%2Fwp%2Fv2%2Fcategories&post=7646"},{"taxonomy":"post_tag","embeddable":true,"href":"https:\/\/radiorevelacionfm.cl\/index.php?rest_route=%2Fwp%2Fv2%2Ftags&post=7646"}],"curies":[{"name":"wp","href":"https:\/\/api.w.org\/{rel}","templated":true}]}}