{"id":7638,"date":"2021-08-19T10:31:54","date_gmt":"2021-08-19T13:31:54","guid":{"rendered":"https:\/\/radiorevelacionfm.cl\/?p=7638"},"modified":"2021-08-19T10:31:54","modified_gmt":"2021-08-19T13:31:54","slug":"subsecretario-de-energia-destaca-aprobacion-de-nueva-regulacion-para-uso-de-lena-como-combustible-domiciliario-certificado","status":"publish","type":"post","link":"https:\/\/radiorevelacionfm.cl\/?p=7638","title":{"rendered":"Subsecretario de Energ\u00eda destaca aprobaci\u00f3n de nueva regulaci\u00f3n para uso de le\u00f1a como combustible domiciliario certificado"},"content":{"rendered":"<div class=\"flex_column av_one_full  flex_column_div av-zero-column-padding first  avia-builder-el-0  el_before_av_one_full  avia-builder-el-first  \" style='border-radius:0px; '><div  class='avia-image-container  av-styling-    avia-builder-el-1  avia-builder-el-no-sibling  avia-align-center '  itemprop=\"image\" itemscope=\"itemscope\" itemtype=\"https:\/\/schema.org\/ImageObject\"  ><div class='avia-image-container-inner'><div class='avia-image-overlay-wrap'><img decoding=\"async\" class='wp-image-7639 avia-img-lazy-loading-not-7639 avia_image' src=\"https:\/\/radiorevelacionfm.cl\/wp-content\/uploads\/2021\/08\/Casa-Sustentable0-1-1.jpg\" alt='' title='Casa Sustentable0 (1) (1)' height=\"600\" width=\"1187\"  itemprop=\"thumbnailUrl\" srcset=\"https:\/\/radiorevelacionfm.cl\/wp-content\/uploads\/2021\/08\/Casa-Sustentable0-1-1.jpg 1187w, https:\/\/radiorevelacionfm.cl\/wp-content\/uploads\/2021\/08\/Casa-Sustentable0-1-1-300x152.jpg 300w, https:\/\/radiorevelacionfm.cl\/wp-content\/uploads\/2021\/08\/Casa-Sustentable0-1-1-1030x521.jpg 1030w, https:\/\/radiorevelacionfm.cl\/wp-content\/uploads\/2021\/08\/Casa-Sustentable0-1-1-768x388.jpg 768w, https:\/\/radiorevelacionfm.cl\/wp-content\/uploads\/2021\/08\/Casa-Sustentable0-1-1-705x356.jpg 705w, https:\/\/radiorevelacionfm.cl\/wp-content\/uploads\/2021\/08\/Casa-Sustentable0-1-1-600x303.jpg 600w\" sizes=\"(max-width: 1187px) 100vw, 1187px\" \/><\/div><\/div><\/div><\/div><div class=\"flex_column av_one_full  flex_column_div av-zero-column-padding first  avia-builder-el-2  el_after_av_one_full  el_before_av_one_full  column-top-margin\" style='border-radius:0px; '><section class=\"av_textblock_section \"  itemscope=\"itemscope\" itemtype=\"https:\/\/schema.org\/BlogPosting\" itemprop=\"blogPost\" ><div class='avia_textblock  '   itemprop=\"text\" ><p style=\"text-align: center;\"><strong><span style=\"font-size: 18pt;\">Subsecretario de Energ\u00eda destaca aprobaci\u00f3n de nueva regulaci\u00f3n para uso de le\u00f1a como combustible domiciliario certificado<\/span><\/strong><\/p>\n<div id=\"gtx-trans\" style=\"position: absolute; left: -50px; top: 4.31534px;\">\n<div class=\"gtx-trans-icon\"><\/div>\n<\/div>\n<\/div><\/section><\/div><div class=\"flex_column av_one_full  flex_column_div av-zero-column-padding first  avia-builder-el-4  el_after_av_one_full  el_before_av_hr  column-top-margin\" style='border-radius:0px; '><section class=\"av_textblock_section \"  itemscope=\"itemscope\" itemtype=\"https:\/\/schema.org\/BlogPosting\" itemprop=\"blogPost\" ><div class='avia_textblock  '   itemprop=\"text\" ><p style=\"text-align: justify;\">Desde su arribo a la regi\u00f3n, el Subsecretario de Energ\u00eda, Francisco L\u00f3pez, aprovech\u00f3 cada minuto del d\u00eda, para participar en diversas actividades junto a su par de Medio Ambiente, Javier Naranjo.<\/p>\n<p style=\"text-align: justify;\">De esta manera en su primera jornada en Ays\u00e9n, expuso en la \u201cMesa COVID19 \u2013 Calidad del Aire\u201d, sobre el proyecto que regula los biocombustibles s\u00f3lidos (los BCS), como la le\u00f1a, el pellet, las briquetas, el carb\u00f3n vegetal o los desechos agr\u00edcolas, que fue aprobado el pasado martes 17 de agosto con 109 votos a favor, en la C\u00e1mara de Diputados.<\/p>\n<p style=\"text-align: justify;\">El Subsecretario Francisco L\u00f3pez, indic\u00f3 que \u201cel proyecto viene a regular la calidad de la le\u00f1a, especialmente su humedad, porque la le\u00f1a h\u00fameda emite muchos gases contaminantes. Esto cuidar\u00e1 la salud de los chilenos y nuestro medio ambiente, y permitir\u00e1 a las familias dar un uso m\u00e1s eficiente de este energ\u00e9tico. Cabe destacar que m\u00e1s de un 70% de las familias de Rancagua a Ays\u00e9n utilizan le\u00f1a. Al ocuparla con una humedad de 30% en comparaci\u00f3n a una de 25%, las emisiones aumentan en 5 veces, por eso la necesidad de avanzar en una producci\u00f3n moderna y sustentable de le\u00f1a\u201d.<\/p>\n<p style=\"text-align: justify;\">As\u00ed tambi\u00e9n, L\u00f3pez explic\u00f3 que \u201cen el proyecto tambi\u00e9n nos preocupamos de los productores y comercializadores, quienes recibir\u00e1n apoyo de diversos programas para adecuarse a las nuevas reglas. Terminaremos con la competencia injusta que existe entre vendedores de le\u00f1a h\u00fameda (de menor poder calor\u00edfico y m\u00e1s contaminante) y quienes venden le\u00f1a seca\u201d.<\/p>\n<p style=\"text-align: justify;\">Por su parte el Seremi de Energ\u00eda, Juan Luis Amen\u00e1bar destac\u00f3 que \u201cesta es una excelente noticia para nuestra regi\u00f3n, ya que el proyecto -que ahora pasar\u00e1 a su \u00faltimo tr\u00e1mite legislativo en el Senado- apunta directamente a evitar los problemas de salud de la comunidad. Adem\u00e1s significar\u00e1 un ahorro econ\u00f3mico porque permitir\u00e1 comprar le\u00f1a seca con un poder calor\u00edfico 14% mayor que la le\u00f1a h\u00fameda, evitar\u00e1 el pago de le\u00f1a h\u00fameda al precio de le\u00f1a seca, y, adem\u00e1s, la regulaci\u00f3n del formato de venta permitir\u00e1 a los usuarios finales comparar precios. Asimismo, favorecer\u00e1 el medio ambiente porque disminuir\u00e1 significativamente la emisi\u00f3n de contaminantes\u201d.<\/p>\n<p style=\"text-align: justify;\">El proceso para dictar las exigencias de producci\u00f3n y venta de los BCS se establecer\u00e1 en un reglamento participativo. En \u00e9l podr\u00e1n participar los productores, las municipalidades, organizaciones ambientales, entre otros entes interesados. Adem\u00e1s, una vez que se hayan dictado las exigencias, el proyecto entrar\u00e1 en vigencia gradualmente.<\/p>\n<p style=\"text-align: justify;\">Actualmente, existen varios programas que apoyan a los peque\u00f1os productores, como Le\u00f1a Seca (infraestructura, maquinaria y capacitaciones), Centros integrales de Biomasa y el Sello de Calidad (reconocimiento a productores de le\u00f1a seca). El Estado dar\u00e1 apoyo financiero y t\u00e9cnico a los peque\u00f1os y medianos productores.<\/p>\n<p style=\"text-align: justify;\">Posteriormente, el Subsecretario L\u00f3pez, junto al Subsecretario de Medio Ambiente, Javier Naranjo, el Seremi de Energ\u00eda, Juan Luis Amen\u00e1bar, el Seremi de Vivienda, Diego Silva y la Seremi de Medio Ambiente, M\u00f3nica Sald\u00edas, se trasladaron hasta el sector de la poblaci\u00f3n Marchant, a visitar las obras del proyecto Casa sustentable, que consiste en la entrega conjunta del subsidio de aislaci\u00f3n t\u00e9rmica y el de recambio al sistema de calefacci\u00f3n, con el objetivo de disminuir los altos niveles de contaminaci\u00f3n atmosf\u00e9rica que se observan en ciudades de la zona centro y sur del pa\u00eds.<\/p>\n<p style=\"text-align: justify;\">Continuando con la jornada, la autoridad nacional de energ\u00eda, se reuni\u00f3 con representantes del gremio de taxistas, para darles a conocer el programa \u201cMi Taxi El\u00e9ctrico\u201d, iniciativa del Ministerio de Energ\u00eda, implementado por la Agencia de Sostenibilidad Energ\u00e9tica, que busca dar apoyo concreto para que due\u00f1os de taxis b\u00e1sicos puedan cambiar su veh\u00edculo por uno el\u00e9ctrico.<\/p>\n<p style=\"text-align: justify;\">Finalmente, y en el marco de la Charla PDA de Educaci\u00f3n Ambiental, cerr\u00f3 la jornada reuni\u00e9ndose con los vecinos y vecinas de la Junta de Vecinos Padre Antonio Ronchi, con \u00a0quienes convers\u00f3 y dio a conocer el trabajo que se encuentra realizando el Ministerio de Energ\u00eda, para avanza en el cambio de matriz energ\u00e9tica y avanzar hac\u00eda una regi\u00f3n m\u00e1s sustentable y limpia.<\/p>\n<\/div><\/section><\/div><div  style='height:50px' class='hr hr-invisible   avia-builder-el-6  el_after_av_one_full  el_before_av_social_share '><span class='hr-inner ' ><span class='hr-inner-style'><\/span><\/span><\/div><\/p>\n<div  class='av-social-sharing-box  avia-builder-el-7  el_after_av_hr  el_before_av_hr  '><div class='av-share-box'><h5 class='av-share-link-description av-no-toc '>Compartir esta noticia<\/h5><ul class='av-share-box-list noLightbox'><li class='av-share-link av-social-link-facebook' ><a target=\"_blank\" aria-label=\"Compartir en Facebook\" href='https:\/\/www.facebook.com\/sharer.php?u=https:\/\/radiorevelacionfm.cl\/?p=7638&#038;t=Subsecretario%20de%20Energ%C3%ADa%20destaca%20aprobaci%C3%B3n%20de%20nueva%20regulaci%C3%B3n%20para%20uso%20de%20le%C3%B1a%20como%20combustible%20domiciliario%20certificado' aria-hidden='false' data-av_icon='\ue8f3' data-av_iconfont='entypo-fontello' title='' data-avia-related-tooltip='Compartir en Facebook' rel=\"noopener\"><span class='avia_hidden_link_text'>Compartir en Facebook<\/span><\/a><\/li><li class='av-share-link av-social-link-twitter' ><a target=\"_blank\" aria-label=\"Compartir en Twitter\" href='https:\/\/twitter.com\/share?text=Subsecretario%20de%20Energ%C3%ADa%20destaca%20aprobaci%C3%B3n%20de%20nueva%20regulaci%C3%B3n%20para%20uso%20de%20le%C3%B1a%20como%20combustible%20domiciliario%20certificado&#038;url=https:\/\/radiorevelacionfm.cl\/?p=7638' aria-hidden='false' data-av_icon='\ue8f1' data-av_iconfont='entypo-fontello' title='' data-avia-related-tooltip='Compartir en Twitter' rel=\"noopener\"><span class='avia_hidden_link_text'>Compartir en Twitter<\/span><\/a><\/li><li class='av-share-link av-social-link-whatsapp' ><a target=\"_blank\" aria-label=\"Compartir en Whatsapp\" href='https:\/\/api.whatsapp.com\/send?text=https:\/\/radiorevelacionfm.cl\/?p=7638' aria-hidden='false' data-av_icon='\uf232' data-av_iconfont='entypo-fontello' title='' data-avia-related-tooltip='Compartir en Whatsapp' rel=\"noopener\"><span class='avia_hidden_link_text'>Compartir en Whatsapp<\/span><\/a><\/li><li class='av-share-link av-social-link-linkedin' ><a target=\"_blank\" aria-label=\"Compartir en LinkedIn\" href='https:\/\/linkedin.com\/shareArticle?mini=true&#038;title=Subsecretario%20de%20Energ%C3%ADa%20destaca%20aprobaci%C3%B3n%20de%20nueva%20regulaci%C3%B3n%20para%20uso%20de%20le%C3%B1a%20como%20combustible%20domiciliario%20certificado&#038;url=https:\/\/radiorevelacionfm.cl\/?p=7638' aria-hidden='false' data-av_icon='\ue8fc' data-av_iconfont='entypo-fontello' title='' data-avia-related-tooltip='Compartir en LinkedIn' rel=\"noopener\"><span class='avia_hidden_link_text'>Compartir en LinkedIn<\/span><\/a><\/li><li class='av-share-link av-social-link-mail' ><a  aria-label=\"Compartir por correo\" href='mailto:?subject=Subsecretario%20de%20Energ%C3%ADa%20destaca%20aprobaci%C3%B3n%20de%20nueva%20regulaci%C3%B3n%20para%20uso%20de%20le%C3%B1a%20como%20combustible%20domiciliario%20certificado&#038;body=https:\/\/radiorevelacionfm.cl\/?p=7638' aria-hidden='false' data-av_icon='\ue805' data-av_iconfont='entypo-fontello' title='' data-avia-related-tooltip='Compartir por correo'><span class='avia_hidden_link_text'>Compartir por correo<\/span><\/a><\/li><\/ul><\/div><\/div>\n<div  style='height:50px' class='hr hr-invisible   avia-builder-el-8  el_after_av_social_share  el_before_av_comments_list '><span class='hr-inner ' ><span class='hr-inner-style'><\/span><\/span><\/div>\n<div  class='av-buildercomment  av-blog-meta-html-info-disabled av-blog-meta-tag-disabled  '><\/div>\n","protected":false},"excerpt":{"rendered":"","protected":false},"author":1,"featured_media":7639,"comment_status":"open","ping_status":"open","sticky":false,"template":"","format":"standard","meta":{"footnotes":""},"categories":[39],"tags":[],"class_list":["post-7638","post","type-post","status-publish","format-standard","has-post-thumbnail","hentry","category-medio-ambiente"],"jetpack_featured_media_url":"https:\/\/radiorevelacionfm.cl\/wp-content\/uploads\/2021\/08\/Casa-Sustentable0-1-1.jpg","_links":{"self":[{"href":"https:\/\/radiorevelacionfm.cl\/index.php?rest_route=\/wp\/v2\/posts\/7638","targetHints":{"allow":["GET"]}}],"collection":[{"href":"https:\/\/radiorevelacionfm.cl\/index.php?rest_route=\/wp\/v2\/posts"}],"about":[{"href":"https:\/\/radiorevelacionfm.cl\/index.php?rest_route=\/wp\/v2\/types\/post"}],"author":[{"embeddable":true,"href":"https:\/\/radiorevelacionfm.cl\/index.php?rest_route=\/wp\/v2\/users\/1"}],"replies":[{"embeddable":true,"href":"https:\/\/radiorevelacionfm.cl\/index.php?rest_route=%2Fwp%2Fv2%2Fcomments&post=7638"}],"version-history":[{"count":1,"href":"https:\/\/radiorevelacionfm.cl\/index.php?rest_route=\/wp\/v2\/posts\/7638\/revisions"}],"predecessor-version":[{"id":7640,"href":"https:\/\/radiorevelacionfm.cl\/index.php?rest_route=\/wp\/v2\/posts\/7638\/revisions\/7640"}],"wp:featuredmedia":[{"embeddable":true,"href":"https:\/\/radiorevelacionfm.cl\/index.php?rest_route=\/wp\/v2\/media\/7639"}],"wp:attachment":[{"href":"https:\/\/radiorevelacionfm.cl\/index.php?rest_route=%2Fwp%2Fv2%2Fmedia&parent=7638"}],"wp:term":[{"taxonomy":"category","embeddable":true,"href":"https:\/\/radiorevelacionfm.cl\/index.php?rest_route=%2Fwp%2Fv2%2Fcategories&post=7638"},{"taxonomy":"post_tag","embeddable":true,"href":"https:\/\/radiorevelacionfm.cl\/index.php?rest_route=%2Fwp%2Fv2%2Ftags&post=7638"}],"curies":[{"name":"wp","href":"https:\/\/api.w.org\/{rel}","templated":true}]}}