{"id":7635,"date":"2021-08-18T23:03:29","date_gmt":"2021-08-19T02:03:29","guid":{"rendered":"https:\/\/radiorevelacionfm.cl\/?p=7635"},"modified":"2021-08-18T23:03:29","modified_gmt":"2021-08-19T02:03:29","slug":"en-cochrane-realizan-retiro-de-chatarra-vehicular-desde-distintos-puntos-de-la-ciudad","status":"publish","type":"post","link":"https:\/\/radiorevelacionfm.cl\/?p=7635","title":{"rendered":"En Cochrane realizan retiro de chatarra vehicular desde distintos puntos de la ciudad"},"content":{"rendered":"<div class=\"flex_column av_one_full  flex_column_div av-zero-column-padding first  avia-builder-el-0  el_before_av_one_full  avia-builder-el-first  \" style='border-radius:0px; '><div  class='avia-image-container  av-styling-    avia-builder-el-1  avia-builder-el-no-sibling  avia-align-center '  itemprop=\"image\" itemscope=\"itemscope\" itemtype=\"https:\/\/schema.org\/ImageObject\"  ><div class='avia-image-container-inner'><div class='avia-image-overlay-wrap'><img decoding=\"async\" class='wp-image-7636 avia-img-lazy-loading-not-7636 avia_image' src=\"https:\/\/radiorevelacionfm.cl\/wp-content\/uploads\/2021\/08\/Retiro-Chatarra-1-1.jpg\" alt='' title='Retiro Chatarra (1) (1)' height=\"600\" width=\"1331\"  itemprop=\"thumbnailUrl\" srcset=\"https:\/\/radiorevelacionfm.cl\/wp-content\/uploads\/2021\/08\/Retiro-Chatarra-1-1.jpg 1331w, https:\/\/radiorevelacionfm.cl\/wp-content\/uploads\/2021\/08\/Retiro-Chatarra-1-1-300x135.jpg 300w, https:\/\/radiorevelacionfm.cl\/wp-content\/uploads\/2021\/08\/Retiro-Chatarra-1-1-1030x464.jpg 1030w, https:\/\/radiorevelacionfm.cl\/wp-content\/uploads\/2021\/08\/Retiro-Chatarra-1-1-768x346.jpg 768w, https:\/\/radiorevelacionfm.cl\/wp-content\/uploads\/2021\/08\/Retiro-Chatarra-1-1-705x318.jpg 705w, https:\/\/radiorevelacionfm.cl\/wp-content\/uploads\/2021\/08\/Retiro-Chatarra-1-1-600x270.jpg 600w\" sizes=\"(max-width: 1331px) 100vw, 1331px\" \/><\/div><\/div><\/div><\/div><div class=\"flex_column av_one_full  flex_column_div av-zero-column-padding first  avia-builder-el-2  el_after_av_one_full  el_before_av_one_full  column-top-margin\" style='border-radius:0px; '><section class=\"av_textblock_section \"  itemscope=\"itemscope\" itemtype=\"https:\/\/schema.org\/BlogPosting\" itemprop=\"blogPost\" ><div class='avia_textblock  '   itemprop=\"text\" ><p style=\"text-align: center;\"><strong><span style=\"font-size: 18pt;\">En Cochrane realizan retiro de chatarra vehicular desde distintos puntos de la ciudad<\/span><\/strong><\/p>\n<div id=\"gtx-trans\" style=\"position: absolute; left: -50px; top: 4.31534px;\">\n<div class=\"gtx-trans-icon\"><\/div>\n<\/div>\n<\/div><\/section><\/div><div class=\"flex_column av_one_full  flex_column_div av-zero-column-padding first  avia-builder-el-4  el_after_av_one_full  el_before_av_hr  column-top-margin\" style='border-radius:0px; '><section class=\"av_textblock_section \"  itemscope=\"itemscope\" itemtype=\"https:\/\/schema.org\/BlogPosting\" itemprop=\"blogPost\" ><div class='avia_textblock  '   itemprop=\"text\" ><p style=\"text-align: justify;\">El Departamento de Obras de la Municipalidad de Cochrane retir\u00f3 los \u00faltimos d\u00edas los restos de varios veh\u00edculos siniestrados y desarmados, que por largo tiempo permanecieron abandonados en la v\u00eda p\u00fablica, generando molestias, impidiendo la visibilidad a conductores y peatones, adem\u00e1s de generar una mala imagen de la comuna.<\/p>\n<p style=\"text-align: justify;\">El operativo se desarroll\u00f3 en varios puntos de la ciudad, incluso en la Carretera Austral, a unos 25 kil\u00f3metros de la ciudad, en donde se retiraron autom\u00f3viles destruidos hace mucho tiempo.<\/p>\n<div class=\"code-block code-block-6\" style=\"text-align: justify;\">\n<div id=\"sas_99435\">La chatarra fue dispuesta en el parque de maquinaria municipal. En ese recinto el alcalde de Cochrane, Jorge Calder\u00f3n, explic\u00f3 el objetivo del operativo. \u201cEs chatarra vehicular que a trav\u00e9s del Departamento de Obras de la Municipalidad hemos comenzado a retirar, no solamente de las calles de la ciudad, sino que tambi\u00e9n de la ruta 7. Esta ha sido una queja permanente de las vecinas y vecinos. Y tambi\u00e9n es un tema que hemos conversado en el seno del Concejo municipal de nuestra comuna\u201d.<\/div>\n<\/div>\n<div><\/div>\n<div style=\"text-align: justify;\">La medida adoptada gener\u00f3 una amplia reacci\u00f3n por parte de la comunidad, la que destac\u00f3 la acci\u00f3n expresando frases como: \u201cImpiden la visibilidad y pueden generar accidentes\u201d, \u201cSe agradece. Varios veh\u00edculos por a\u00f1os obstaculizando el paso y la visibilidad en la calles\u201d, \u201cGracias Dios, por fin. Nuestro pueblo es muy bello, adem\u00e1s tur\u00edstico\u201d,\u00a0 \u201cMe parece excelente, Cochrane es bello, debemos apreciarlo como tal, la limpieza es fundamental, en todo sentido\u201d, entre otras expresiones.<\/div>\n<div>\n<p style=\"text-align: justify;\">El alcalde de Cochrane indic\u00f3 que la administraci\u00f3n est\u00e1 cumpliendo con un compromiso. \u201cPor distintas razones, primero porque queremos resguardar la seguridad de todos quienes habitamos nuestra comuna. Y tambi\u00e9n porque nos interesa mantener un entorno agradable, un Cochrane bello y para eso no solamente estamos generando acciones desde el municipio sino que tambi\u00e9n le pedimos la cooperaci\u00f3n a cada uno de nuestros vecinos y vecinas. A cada uno de los que habitamos esta comuna en mantener no solamente el orden y la limpieza, sino tambi\u00e9n el cuidado de nuestro entorno\u201d.<\/p>\n<p style=\"text-align: justify;\">Finalmente, la autoridad comunal comunic\u00f3 que estos operativos continuar\u00e1n realiz\u00e1ndose peri\u00f3dicamente.<\/p>\n<\/div>\n<\/div><\/section><\/div><div  style='height:50px' class='hr hr-invisible   avia-builder-el-6  el_after_av_one_full  el_before_av_social_share '><span class='hr-inner ' ><span class='hr-inner-style'><\/span><\/span><\/div><\/p>\n<div  class='av-social-sharing-box  avia-builder-el-7  el_after_av_hr  el_before_av_hr  '><div class='av-share-box'><h5 class='av-share-link-description av-no-toc '>Compartir esta noticia<\/h5><ul class='av-share-box-list noLightbox'><li class='av-share-link av-social-link-facebook' ><a target=\"_blank\" aria-label=\"Compartir en Facebook\" href='https:\/\/www.facebook.com\/sharer.php?u=https:\/\/radiorevelacionfm.cl\/?p=7635&#038;t=En%20Cochrane%20realizan%20retiro%20de%20chatarra%20vehicular%20desde%20distintos%20puntos%20de%20la%20ciudad' aria-hidden='false' data-av_icon='\ue8f3' data-av_iconfont='entypo-fontello' title='' data-avia-related-tooltip='Compartir en Facebook' rel=\"noopener\"><span class='avia_hidden_link_text'>Compartir en Facebook<\/span><\/a><\/li><li class='av-share-link av-social-link-twitter' ><a target=\"_blank\" aria-label=\"Compartir en Twitter\" href='https:\/\/twitter.com\/share?text=En%20Cochrane%20realizan%20retiro%20de%20chatarra%20vehicular%20desde%20distintos%20puntos%20de%20la%20ciudad&#038;url=https:\/\/radiorevelacionfm.cl\/?p=7635' aria-hidden='false' data-av_icon='\ue8f1' data-av_iconfont='entypo-fontello' title='' data-avia-related-tooltip='Compartir en Twitter' rel=\"noopener\"><span class='avia_hidden_link_text'>Compartir en Twitter<\/span><\/a><\/li><li class='av-share-link av-social-link-whatsapp' ><a target=\"_blank\" aria-label=\"Compartir en Whatsapp\" href='https:\/\/api.whatsapp.com\/send?text=https:\/\/radiorevelacionfm.cl\/?p=7635' aria-hidden='false' data-av_icon='\uf232' data-av_iconfont='entypo-fontello' title='' data-avia-related-tooltip='Compartir en Whatsapp' rel=\"noopener\"><span class='avia_hidden_link_text'>Compartir en Whatsapp<\/span><\/a><\/li><li class='av-share-link av-social-link-linkedin' ><a target=\"_blank\" aria-label=\"Compartir en LinkedIn\" href='https:\/\/linkedin.com\/shareArticle?mini=true&#038;title=En%20Cochrane%20realizan%20retiro%20de%20chatarra%20vehicular%20desde%20distintos%20puntos%20de%20la%20ciudad&#038;url=https:\/\/radiorevelacionfm.cl\/?p=7635' aria-hidden='false' data-av_icon='\ue8fc' data-av_iconfont='entypo-fontello' title='' data-avia-related-tooltip='Compartir en LinkedIn' rel=\"noopener\"><span class='avia_hidden_link_text'>Compartir en LinkedIn<\/span><\/a><\/li><li class='av-share-link av-social-link-mail' ><a  aria-label=\"Compartir por correo\" href='mailto:?subject=En%20Cochrane%20realizan%20retiro%20de%20chatarra%20vehicular%20desde%20distintos%20puntos%20de%20la%20ciudad&#038;body=https:\/\/radiorevelacionfm.cl\/?p=7635' aria-hidden='false' data-av_icon='\ue805' data-av_iconfont='entypo-fontello' title='' data-avia-related-tooltip='Compartir por correo'><span class='avia_hidden_link_text'>Compartir por correo<\/span><\/a><\/li><\/ul><\/div><\/div>\n<div  style='height:50px' class='hr hr-invisible   avia-builder-el-8  el_after_av_social_share  el_before_av_comments_list '><span class='hr-inner ' ><span class='hr-inner-style'><\/span><\/span><\/div>\n<div  class='av-buildercomment  av-blog-meta-html-info-disabled av-blog-meta-tag-disabled  '><\/div>\n","protected":false},"excerpt":{"rendered":"","protected":false},"author":1,"featured_media":7636,"comment_status":"open","ping_status":"open","sticky":false,"template":"","format":"standard","meta":{"footnotes":""},"categories":[38],"tags":[],"class_list":["post-7635","post","type-post","status-publish","format-standard","has-post-thumbnail","hentry","category-regional"],"jetpack_featured_media_url":"https:\/\/radiorevelacionfm.cl\/wp-content\/uploads\/2021\/08\/Retiro-Chatarra-1-1.jpg","_links":{"self":[{"href":"https:\/\/radiorevelacionfm.cl\/index.php?rest_route=\/wp\/v2\/posts\/7635","targetHints":{"allow":["GET"]}}],"collection":[{"href":"https:\/\/radiorevelacionfm.cl\/index.php?rest_route=\/wp\/v2\/posts"}],"about":[{"href":"https:\/\/radiorevelacionfm.cl\/index.php?rest_route=\/wp\/v2\/types\/post"}],"author":[{"embeddable":true,"href":"https:\/\/radiorevelacionfm.cl\/index.php?rest_route=\/wp\/v2\/users\/1"}],"replies":[{"embeddable":true,"href":"https:\/\/radiorevelacionfm.cl\/index.php?rest_route=%2Fwp%2Fv2%2Fcomments&post=7635"}],"version-history":[{"count":1,"href":"https:\/\/radiorevelacionfm.cl\/index.php?rest_route=\/wp\/v2\/posts\/7635\/revisions"}],"predecessor-version":[{"id":7637,"href":"https:\/\/radiorevelacionfm.cl\/index.php?rest_route=\/wp\/v2\/posts\/7635\/revisions\/7637"}],"wp:featuredmedia":[{"embeddable":true,"href":"https:\/\/radiorevelacionfm.cl\/index.php?rest_route=\/wp\/v2\/media\/7636"}],"wp:attachment":[{"href":"https:\/\/radiorevelacionfm.cl\/index.php?rest_route=%2Fwp%2Fv2%2Fmedia&parent=7635"}],"wp:term":[{"taxonomy":"category","embeddable":true,"href":"https:\/\/radiorevelacionfm.cl\/index.php?rest_route=%2Fwp%2Fv2%2Fcategories&post=7635"},{"taxonomy":"post_tag","embeddable":true,"href":"https:\/\/radiorevelacionfm.cl\/index.php?rest_route=%2Fwp%2Fv2%2Ftags&post=7635"}],"curies":[{"name":"wp","href":"https:\/\/api.w.org\/{rel}","templated":true}]}}