{"id":7632,"date":"2021-08-21T11:08:34","date_gmt":"2021-08-21T14:08:34","guid":{"rendered":"https:\/\/radiorevelacionfm.cl\/?p=7632"},"modified":"2021-08-21T12:08:42","modified_gmt":"2021-08-21T15:08:42","slug":"compania-andina-cochrane-realiza-instruccion-de-montana-en-guadal-y-cordon-esmeralda","status":"publish","type":"post","link":"https:\/\/radiorevelacionfm.cl\/?p=7632","title":{"rendered":"Compa\u00f1\u00eda Andina \u201cCochrane\u201d realiza instrucci\u00f3n de monta\u00f1a en Guadal y Cord\u00f3n Esmeralda"},"content":{"rendered":"<div  style='height:50px' class='hr hr-invisible   avia-builder-el-0  el_before_av_comments_list  avia-builder-el-first '><span class='hr-inner ' ><span class='hr-inner-style'><\/span><\/span><\/div>\n<div  class='av-buildercomment  av-blog-meta-html-info-disabled av-blog-meta-tag-disabled  '><\/div>\n<div class=\"flex_column av_one_full  flex_column_div av-zero-column-padding first  avia-builder-el-2  el_after_av_comments_list  el_before_av_one_full  \" style='border-radius:0px; '><div  class='avia-image-container  av-styling-    avia-builder-el-3  avia-builder-el-no-sibling  avia-align-center '  itemprop=\"image\" itemscope=\"itemscope\" itemtype=\"https:\/\/schema.org\/ImageObject\"  ><div class='avia-image-container-inner'><div class='avia-image-overlay-wrap'><img decoding=\"async\" class='wp-image-7738 avia-img-lazy-loading-not-7738 avia_image' src=\"https:\/\/radiorevelacionfm.cl\/wp-content\/uploads\/2021\/08\/Ejercito-C5-1-1.jpg\" alt='' title='Ejercito C5 (1) (1)' height=\"600\" width=\"802\"  itemprop=\"thumbnailUrl\" srcset=\"https:\/\/radiorevelacionfm.cl\/wp-content\/uploads\/2021\/08\/Ejercito-C5-1-1.jpg 802w, https:\/\/radiorevelacionfm.cl\/wp-content\/uploads\/2021\/08\/Ejercito-C5-1-1-300x224.jpg 300w, https:\/\/radiorevelacionfm.cl\/wp-content\/uploads\/2021\/08\/Ejercito-C5-1-1-768x575.jpg 768w, https:\/\/radiorevelacionfm.cl\/wp-content\/uploads\/2021\/08\/Ejercito-C5-1-1-705x527.jpg 705w, https:\/\/radiorevelacionfm.cl\/wp-content\/uploads\/2021\/08\/Ejercito-C5-1-1-600x449.jpg 600w\" sizes=\"(max-width: 802px) 100vw, 802px\" \/><\/div><\/div><\/div><\/div><div class=\"flex_column av_one_full  flex_column_div av-zero-column-padding first  avia-builder-el-4  el_after_av_one_full  el_before_av_one_full  column-top-margin\" style='border-radius:0px; '><section class=\"av_textblock_section \"  itemscope=\"itemscope\" itemtype=\"https:\/\/schema.org\/BlogPosting\" itemprop=\"blogPost\" ><div class='avia_textblock  '   itemprop=\"text\" ><p style=\"text-align: center;\"><strong><span style=\"font-size: 18pt;\">Compa\u00f1\u00eda Andina \u201cCochrane\u201d realiza instrucci\u00f3n de monta\u00f1a en Guadal y Cord\u00f3n Esmeralda<\/span><\/strong><\/p>\n<div id=\"gtx-trans\" style=\"position: absolute; left: -50px; top: 4.31534px;\">\n<div class=\"gtx-trans-icon\"><\/div>\n<\/div>\n<\/div><\/section><\/div><div class=\"flex_column av_one_full  flex_column_div av-zero-column-padding first  avia-builder-el-6  el_after_av_one_full  el_before_av_hr  column-top-margin\" style='border-radius:0px; '><section class=\"av_textblock_section \"  itemscope=\"itemscope\" itemtype=\"https:\/\/schema.org\/BlogPosting\" itemprop=\"blogPost\" ><div class='avia_textblock  '   itemprop=\"text\" ><p style=\"text-align: justify;\">En la Zona General Puerto Guadal Sector \u201cLos Valles\u201d Fundo \u201c San Luis\u201d y en el Cord\u00f3n Esmeralda ubicado en la comuna de Cochrane, los Soldados de Tropa Profesional de la unidad operativa de la Compa\u00f1\u00eda Andina Divisionaria N\u00b020 \u201cCochrane\u201d, se encuentran realizando la Fase de Formaci\u00f3n del Soldado Monta\u00f1\u00e9s (FFSM), correspondiente a la campa\u00f1a invernal de instrucci\u00f3n.<span id=\"more-90466\"><\/span><\/p>\n<p style=\"text-align: justify;\">En este contexto, los efectivos adquieren conocimientos tales como construcci\u00f3n de refugios, \u00a0desplazamiento en terrenos nevados sobre esqu\u00edes, supervivencia en zona de monta\u00f1a, entre otras t\u00e9cnicas. En tal sentido y con el prop\u00f3sito de verificar la eficiencia del entrenamiento que reciben los Soldados de Tropa Profesional de esta Unidad durante la campa\u00f1a invernal, se traslad\u00f3 hasta la zona de instrucci\u00f3n en Puerto Guadal, el Comandante en Jefe de la IV Divisi\u00f3n de Ej\u00e9rcito, General de Brigada Luis Felipe Astorga.<\/p>\n<p style=\"text-align: justify;\">Cabe destacar que la finalidad de esta actividad es aumentar las capacidades t\u00e1cticas y t\u00e9cnicas de la unidad militar y as\u00ed contar con personal especializado para operar en situaciones de emergencias y cat\u00e1strofes, en escenarios geogr\u00e1ficos de dif\u00edcil acceso y bajo un clima adverso, considerando que nuestra Regi\u00f3n de Ays\u00e9n es muy visitada por turistas y exploradores.<\/p>\n<\/div><\/section><\/div><div  style='height:50px' class='hr hr-invisible   avia-builder-el-8  el_after_av_one_full  el_before_av_social_share '><span class='hr-inner ' ><span class='hr-inner-style'><\/span><\/span><\/div><\/p>\n<div  class='av-social-sharing-box  avia-builder-el-9  el_after_av_hr  el_before_av_hr  '><div class='av-share-box'><h5 class='av-share-link-description av-no-toc '>Compartir esta noticia<\/h5><ul class='av-share-box-list noLightbox'><li class='av-share-link av-social-link-facebook' ><a target=\"_blank\" aria-label=\"Compartir en Facebook\" href='https:\/\/www.facebook.com\/sharer.php?u=https:\/\/radiorevelacionfm.cl\/?p=7632&#038;t=Compa%C3%B1%C3%ADa%20Andina%20%E2%80%9CCochrane%E2%80%9D%20realiza%20instrucci%C3%B3n%20de%20monta%C3%B1a%20en%20Guadal%20y%20Cord%C3%B3n%20Esmeralda' aria-hidden='false' data-av_icon='\ue8f3' data-av_iconfont='entypo-fontello' title='' data-avia-related-tooltip='Compartir en Facebook' rel=\"noopener\"><span class='avia_hidden_link_text'>Compartir en Facebook<\/span><\/a><\/li><li class='av-share-link av-social-link-twitter' ><a target=\"_blank\" aria-label=\"Compartir en Twitter\" href='https:\/\/twitter.com\/share?text=Compa%C3%B1%C3%ADa%20Andina%20%E2%80%9CCochrane%E2%80%9D%20realiza%20instrucci%C3%B3n%20de%20monta%C3%B1a%20en%20Guadal%20y%20Cord%C3%B3n%20Esmeralda&#038;url=https:\/\/radiorevelacionfm.cl\/?p=7632' aria-hidden='false' data-av_icon='\ue8f1' data-av_iconfont='entypo-fontello' title='' data-avia-related-tooltip='Compartir en Twitter' rel=\"noopener\"><span class='avia_hidden_link_text'>Compartir en Twitter<\/span><\/a><\/li><li class='av-share-link av-social-link-whatsapp' ><a target=\"_blank\" aria-label=\"Compartir en Whatsapp\" href='https:\/\/api.whatsapp.com\/send?text=https:\/\/radiorevelacionfm.cl\/?p=7632' aria-hidden='false' data-av_icon='\uf232' data-av_iconfont='entypo-fontello' title='' data-avia-related-tooltip='Compartir en Whatsapp' rel=\"noopener\"><span class='avia_hidden_link_text'>Compartir en Whatsapp<\/span><\/a><\/li><li class='av-share-link av-social-link-linkedin' ><a target=\"_blank\" aria-label=\"Compartir en LinkedIn\" href='https:\/\/linkedin.com\/shareArticle?mini=true&#038;title=Compa%C3%B1%C3%ADa%20Andina%20%E2%80%9CCochrane%E2%80%9D%20realiza%20instrucci%C3%B3n%20de%20monta%C3%B1a%20en%20Guadal%20y%20Cord%C3%B3n%20Esmeralda&#038;url=https:\/\/radiorevelacionfm.cl\/?p=7632' aria-hidden='false' data-av_icon='\ue8fc' data-av_iconfont='entypo-fontello' title='' data-avia-related-tooltip='Compartir en LinkedIn' rel=\"noopener\"><span class='avia_hidden_link_text'>Compartir en LinkedIn<\/span><\/a><\/li><li class='av-share-link av-social-link-mail' ><a  aria-label=\"Compartir por correo\" href='mailto:?subject=Compa%C3%B1%C3%ADa%20Andina%20%E2%80%9CCochrane%E2%80%9D%20realiza%20instrucci%C3%B3n%20de%20monta%C3%B1a%20en%20Guadal%20y%20Cord%C3%B3n%20Esmeralda&#038;body=https:\/\/radiorevelacionfm.cl\/?p=7632' aria-hidden='false' data-av_icon='\ue805' data-av_iconfont='entypo-fontello' title='' data-avia-related-tooltip='Compartir por correo'><span class='avia_hidden_link_text'>Compartir por correo<\/span><\/a><\/li><\/ul><\/div><\/div>\n<div  style='height:50px' class='hr hr-invisible   avia-builder-el-10  el_after_av_social_share  el_before_av_comments_list '><span class='hr-inner ' ><span class='hr-inner-style'><\/span><\/span><\/div>\n<div  class='av-buildercomment  av-blog-meta-html-info-disabled av-blog-meta-tag-disabled  '><\/div>\n","protected":false},"excerpt":{"rendered":"","protected":false},"author":1,"featured_media":7738,"comment_status":"open","ping_status":"open","sticky":false,"template":"","format":"standard","meta":{"footnotes":""},"categories":[38],"tags":[],"class_list":["post-7632","post","type-post","status-publish","format-standard","has-post-thumbnail","hentry","category-regional"],"jetpack_featured_media_url":"https:\/\/radiorevelacionfm.cl\/wp-content\/uploads\/2021\/08\/Ejercito-C5-1-1.jpg","_links":{"self":[{"href":"https:\/\/radiorevelacionfm.cl\/index.php?rest_route=\/wp\/v2\/posts\/7632","targetHints":{"allow":["GET"]}}],"collection":[{"href":"https:\/\/radiorevelacionfm.cl\/index.php?rest_route=\/wp\/v2\/posts"}],"about":[{"href":"https:\/\/radiorevelacionfm.cl\/index.php?rest_route=\/wp\/v2\/types\/post"}],"author":[{"embeddable":true,"href":"https:\/\/radiorevelacionfm.cl\/index.php?rest_route=\/wp\/v2\/users\/1"}],"replies":[{"embeddable":true,"href":"https:\/\/radiorevelacionfm.cl\/index.php?rest_route=%2Fwp%2Fv2%2Fcomments&post=7632"}],"version-history":[{"count":3,"href":"https:\/\/radiorevelacionfm.cl\/index.php?rest_route=\/wp\/v2\/posts\/7632\/revisions"}],"predecessor-version":[{"id":7739,"href":"https:\/\/radiorevelacionfm.cl\/index.php?rest_route=\/wp\/v2\/posts\/7632\/revisions\/7739"}],"wp:featuredmedia":[{"embeddable":true,"href":"https:\/\/radiorevelacionfm.cl\/index.php?rest_route=\/wp\/v2\/media\/7738"}],"wp:attachment":[{"href":"https:\/\/radiorevelacionfm.cl\/index.php?rest_route=%2Fwp%2Fv2%2Fmedia&parent=7632"}],"wp:term":[{"taxonomy":"category","embeddable":true,"href":"https:\/\/radiorevelacionfm.cl\/index.php?rest_route=%2Fwp%2Fv2%2Fcategories&post=7632"},{"taxonomy":"post_tag","embeddable":true,"href":"https:\/\/radiorevelacionfm.cl\/index.php?rest_route=%2Fwp%2Fv2%2Ftags&post=7632"}],"curies":[{"name":"wp","href":"https:\/\/api.w.org\/{rel}","templated":true}]}}