{"id":7629,"date":"2021-08-19T10:23:43","date_gmt":"2021-08-19T13:23:43","guid":{"rendered":"https:\/\/radiorevelacionfm.cl\/?p=7629"},"modified":"2021-08-19T10:23:43","modified_gmt":"2021-08-19T13:23:43","slug":"en-aysen-capacitan-a-carabineros-para-abordar-denuncias-en-materia-de-violencia-de-genero","status":"publish","type":"post","link":"https:\/\/radiorevelacionfm.cl\/?p=7629","title":{"rendered":"En Ays\u00e9n capacitan a Carabineros para abordar denuncias en materia de violencia de g\u00e9nero"},"content":{"rendered":"<div class=\"flex_column av_one_full  flex_column_div av-zero-column-padding first  avia-builder-el-0  el_before_av_one_full  avia-builder-el-first  \" style='border-radius:0px; '><div  class='avia-image-container  av-styling-    avia-builder-el-1  avia-builder-el-no-sibling  avia-align-center '  itemprop=\"image\" itemscope=\"itemscope\" itemtype=\"https:\/\/schema.org\/ImageObject\"  ><div class='avia-image-container-inner'><div class='avia-image-overlay-wrap'><img decoding=\"async\" class='wp-image-7630 avia-img-lazy-loading-not-7630 avia_image' src=\"https:\/\/radiorevelacionfm.cl\/wp-content\/uploads\/2021\/08\/IMG-capacitamuni3-1-1.jpeg\" alt='' title='IMG-capacitamuni3 (1) (1)' height=\"600\" width=\"1067\"  itemprop=\"thumbnailUrl\" srcset=\"https:\/\/radiorevelacionfm.cl\/wp-content\/uploads\/2021\/08\/IMG-capacitamuni3-1-1.jpeg 1067w, https:\/\/radiorevelacionfm.cl\/wp-content\/uploads\/2021\/08\/IMG-capacitamuni3-1-1-300x169.jpeg 300w, https:\/\/radiorevelacionfm.cl\/wp-content\/uploads\/2021\/08\/IMG-capacitamuni3-1-1-1030x579.jpeg 1030w, https:\/\/radiorevelacionfm.cl\/wp-content\/uploads\/2021\/08\/IMG-capacitamuni3-1-1-768x432.jpeg 768w, https:\/\/radiorevelacionfm.cl\/wp-content\/uploads\/2021\/08\/IMG-capacitamuni3-1-1-705x396.jpeg 705w, https:\/\/radiorevelacionfm.cl\/wp-content\/uploads\/2021\/08\/IMG-capacitamuni3-1-1-600x337.jpeg 600w\" sizes=\"(max-width: 1067px) 100vw, 1067px\" \/><\/div><\/div><\/div><\/div><div class=\"flex_column av_one_full  flex_column_div av-zero-column-padding first  avia-builder-el-2  el_after_av_one_full  el_before_av_one_full  column-top-margin\" style='border-radius:0px; '><section class=\"av_textblock_section \"  itemscope=\"itemscope\" itemtype=\"https:\/\/schema.org\/BlogPosting\" itemprop=\"blogPost\" ><div class='avia_textblock  '   itemprop=\"text\" ><p style=\"text-align: center;\"><strong><span style=\"font-size: 18pt;\">En Ays\u00e9n capacitan a Carabineros para abordar denuncias en materia de violencia de g\u00e9nero<\/span><\/strong><\/p>\n<div id=\"gtx-trans\" style=\"position: absolute; left: -50px; top: 4.31534px;\">\n<div class=\"gtx-trans-icon\"><\/div>\n<\/div>\n<\/div><\/section><\/div><div class=\"flex_column av_one_full  flex_column_div av-zero-column-padding first  avia-builder-el-4  el_after_av_one_full  el_before_av_hr  column-top-margin\" style='border-radius:0px; '><section class=\"av_textblock_section \"  itemscope=\"itemscope\" itemtype=\"https:\/\/schema.org\/BlogPosting\" itemprop=\"blogPost\" ><div class='avia_textblock  '   itemprop=\"text\" ><p style=\"text-align: justify;\">Con el objetivo de dar un tratamiento integral a las situaciones de violencia contra la mujer y entregar una atenci\u00f3n adecuada a las v\u00edctimas de este y otros flagelos en denuncias relativas a materia de familia. La Ilustre Municipalidad de Ays\u00e9n a trav\u00e9s del Centro de la Mujer Naa Alver\u00e9, efectu\u00f3 una capacitaci\u00f3n a Carabineros de distintos puntos de la Regi\u00f3n de Ays\u00e9n. La instancia fue ampliamente valorada por la instituci\u00f3n uniformada para el fortalecimiento y adaptaci\u00f3n de sus procesos.<\/p>\n<p style=\"text-align: justify;\">En este sentido, Marco Co\u00f1uecar, Jefe de gabinete en la Ilustre Municipalidad de Ays\u00e9n, expres\u00f3 su conformidad con esta iniciativa destacando el alcance obtenido en la convocatoria y el trabajo que realiza el Centro de la Mujer Naa Alver\u00e9. \u201cSabemos que es muy importante y que hoy en d\u00eda necesitamos Carabineros que tengan los elementos y las herramientas para atender casos de violencia intrafamiliar y creo que el desaf\u00edo va a ese punto y nosotros como municipio estamos dispuestos a entregar todos los insumos para que nuestra gente pueda estar mejor\u201d.<\/p>\n<p style=\"text-align: justify;\">Asimismo, Leslie Bruna Bustamante, encargada del Programa de Prevenci\u00f3n en Violencia contra la Mujer del Centro Naa Alver\u00e9, explic\u00f3 lo acontecido relatando que esto es parte de los lineamientos establecidos por el Servicio Nacional de la Mujer y la Equidad de G\u00e9nero. Esto con motivo de que la polic\u00eda uniformada pueda \u201cadquirir herramientas te\u00f3ricas y pr\u00e1cticas para poder abordar la violencia contra las mujeres desde lo m\u00e1s b\u00e1sico, conociendo cu\u00e1les son los tipos de violencia, los micromachismo, la masculinidades y la heteronomatividad que nos invitan a prestar conciencia con respecto a lo que es la Violencia de G\u00e9nero y c\u00f3mo abordarla tambi\u00e9n\u201d.<\/p>\n<p style=\"text-align: justify;\">La profesional aysenina, a\u00f1adi\u00f3 que \u201cesperamos que estos j\u00f3venes carabineros puedan replicar lo aprendido el d\u00eda de hoy, de que puedan compartir y socializar lo aprendido porque la labor social que ellos van a cumplir no solamente parte y nace desde la base de lo que es ser un funcionario p\u00fablico, sino que tambi\u00e9n, la toma de conciencia con respecto la violencia contra las mujeres y el poder dejar de estigmatizar la violencia dentro de nuestra sociedad. Se mostraron muy participativos dentro de la jornada, en una instancia bastante extensa de m\u00e1s de ocho horas donde hemos podido abordar las diferentes tem\u00e1ticas de una forma muy did\u00e1ctica y entretenida para que ellos puedan hacerlo ameno y poder interiorizar y que este aprendizaje sea significativo para ellos\u201d, puntualiz\u00f3 Bruna Bustamante.<\/p>\n<p style=\"text-align: justify;\">Por su parte, el Mayor de Carabineros y Comisario de la 2da Comisar\u00eda de Puerto Ays\u00e9n, Patricio Bustos, relev\u00f3 lo provechoso del encuentro, no tan s\u00f3lo para los funcionarios policiales que laboran en su unidad, sino que para todos los que pudieron ser parte desde distintos lugares de la regi\u00f3n. \u201cEsta instancia lo que nos permite es tener herramientas para poder trabajar con las v\u00edctimas de violencia intrafamiliar. Tenemos muchas medidas cautelares activas en estos momentos donde los carabineros estamos dando fiel cumplimiento para proteger a todas esas v\u00edctimas y por lo tanto, adquirir nuevas herramientas t\u00e9cnicas para poder abordar de mejor forma a las v\u00edctimas de estos hechos son provechosas para poder profesionalizar a\u00fan m\u00e1s nuestra funci\u00f3n policial\u201d.<\/p>\n<p style=\"text-align: justify;\">Finalmente, la Sargento 2do de Carabineros, Giovanna Araya, quien se encuentra a cargo de la Oficina de Violencia Intrafamiliar en Puerto Ays\u00e9n manifest\u00f3 su agradecimiento por la oportunidad brindada para desarrollar esta instancia de manera colaborativa bajo lo establecido por el Servicio Nacional de la Mujer y la Equidad de G\u00e9nero, principalmente por la retroalimentaci\u00f3n que esto trae en sus funciones diarias. Resaltando adem\u00e1s, la convocatoria efectuada que contar\u00e1 para los uniformados participantes con su respectivo certificado.<\/p>\n<\/div><\/section><\/div><div  style='height:50px' class='hr hr-invisible   avia-builder-el-6  el_after_av_one_full  el_before_av_social_share '><span class='hr-inner ' ><span class='hr-inner-style'><\/span><\/span><\/div><\/p>\n<div  class='av-social-sharing-box  avia-builder-el-7  el_after_av_hr  el_before_av_hr  '><div class='av-share-box'><h5 class='av-share-link-description av-no-toc '>Compartir esta noticia<\/h5><ul class='av-share-box-list noLightbox'><li class='av-share-link av-social-link-facebook' ><a target=\"_blank\" aria-label=\"Compartir en Facebook\" href='https:\/\/www.facebook.com\/sharer.php?u=https:\/\/radiorevelacionfm.cl\/?p=7629&#038;t=En%20Ays%C3%A9n%20capacitan%20a%20Carabineros%20para%20abordar%20denuncias%20en%20materia%20de%20violencia%20de%20g%C3%A9nero' aria-hidden='false' data-av_icon='\ue8f3' data-av_iconfont='entypo-fontello' title='' data-avia-related-tooltip='Compartir en Facebook' rel=\"noopener\"><span class='avia_hidden_link_text'>Compartir en Facebook<\/span><\/a><\/li><li class='av-share-link av-social-link-twitter' ><a target=\"_blank\" aria-label=\"Compartir en Twitter\" href='https:\/\/twitter.com\/share?text=En%20Ays%C3%A9n%20capacitan%20a%20Carabineros%20para%20abordar%20denuncias%20en%20materia%20de%20violencia%20de%20g%C3%A9nero&#038;url=https:\/\/radiorevelacionfm.cl\/?p=7629' aria-hidden='false' data-av_icon='\ue8f1' data-av_iconfont='entypo-fontello' title='' data-avia-related-tooltip='Compartir en Twitter' rel=\"noopener\"><span class='avia_hidden_link_text'>Compartir en Twitter<\/span><\/a><\/li><li class='av-share-link av-social-link-whatsapp' ><a target=\"_blank\" aria-label=\"Compartir en Whatsapp\" href='https:\/\/api.whatsapp.com\/send?text=https:\/\/radiorevelacionfm.cl\/?p=7629' aria-hidden='false' data-av_icon='\uf232' data-av_iconfont='entypo-fontello' title='' data-avia-related-tooltip='Compartir en Whatsapp' rel=\"noopener\"><span class='avia_hidden_link_text'>Compartir en Whatsapp<\/span><\/a><\/li><li class='av-share-link av-social-link-linkedin' ><a target=\"_blank\" aria-label=\"Compartir en LinkedIn\" href='https:\/\/linkedin.com\/shareArticle?mini=true&#038;title=En%20Ays%C3%A9n%20capacitan%20a%20Carabineros%20para%20abordar%20denuncias%20en%20materia%20de%20violencia%20de%20g%C3%A9nero&#038;url=https:\/\/radiorevelacionfm.cl\/?p=7629' aria-hidden='false' data-av_icon='\ue8fc' data-av_iconfont='entypo-fontello' title='' data-avia-related-tooltip='Compartir en LinkedIn' rel=\"noopener\"><span class='avia_hidden_link_text'>Compartir en LinkedIn<\/span><\/a><\/li><li class='av-share-link av-social-link-mail' ><a  aria-label=\"Compartir por correo\" href='mailto:?subject=En%20Ays%C3%A9n%20capacitan%20a%20Carabineros%20para%20abordar%20denuncias%20en%20materia%20de%20violencia%20de%20g%C3%A9nero&#038;body=https:\/\/radiorevelacionfm.cl\/?p=7629' aria-hidden='false' data-av_icon='\ue805' data-av_iconfont='entypo-fontello' title='' data-avia-related-tooltip='Compartir por correo'><span class='avia_hidden_link_text'>Compartir por correo<\/span><\/a><\/li><\/ul><\/div><\/div>\n<div  style='height:50px' class='hr hr-invisible   avia-builder-el-8  el_after_av_social_share  el_before_av_comments_list '><span class='hr-inner ' ><span class='hr-inner-style'><\/span><\/span><\/div>\n<div  class='av-buildercomment  av-blog-meta-html-info-disabled av-blog-meta-tag-disabled  '><\/div>\n","protected":false},"excerpt":{"rendered":"","protected":false},"author":1,"featured_media":7630,"comment_status":"open","ping_status":"open","sticky":false,"template":"","format":"standard","meta":{"footnotes":""},"categories":[38],"tags":[],"class_list":["post-7629","post","type-post","status-publish","format-standard","has-post-thumbnail","hentry","category-regional"],"jetpack_featured_media_url":"https:\/\/radiorevelacionfm.cl\/wp-content\/uploads\/2021\/08\/IMG-capacitamuni3-1-1.jpeg","_links":{"self":[{"href":"https:\/\/radiorevelacionfm.cl\/index.php?rest_route=\/wp\/v2\/posts\/7629","targetHints":{"allow":["GET"]}}],"collection":[{"href":"https:\/\/radiorevelacionfm.cl\/index.php?rest_route=\/wp\/v2\/posts"}],"about":[{"href":"https:\/\/radiorevelacionfm.cl\/index.php?rest_route=\/wp\/v2\/types\/post"}],"author":[{"embeddable":true,"href":"https:\/\/radiorevelacionfm.cl\/index.php?rest_route=\/wp\/v2\/users\/1"}],"replies":[{"embeddable":true,"href":"https:\/\/radiorevelacionfm.cl\/index.php?rest_route=%2Fwp%2Fv2%2Fcomments&post=7629"}],"version-history":[{"count":1,"href":"https:\/\/radiorevelacionfm.cl\/index.php?rest_route=\/wp\/v2\/posts\/7629\/revisions"}],"predecessor-version":[{"id":7631,"href":"https:\/\/radiorevelacionfm.cl\/index.php?rest_route=\/wp\/v2\/posts\/7629\/revisions\/7631"}],"wp:featuredmedia":[{"embeddable":true,"href":"https:\/\/radiorevelacionfm.cl\/index.php?rest_route=\/wp\/v2\/media\/7630"}],"wp:attachment":[{"href":"https:\/\/radiorevelacionfm.cl\/index.php?rest_route=%2Fwp%2Fv2%2Fmedia&parent=7629"}],"wp:term":[{"taxonomy":"category","embeddable":true,"href":"https:\/\/radiorevelacionfm.cl\/index.php?rest_route=%2Fwp%2Fv2%2Fcategories&post=7629"},{"taxonomy":"post_tag","embeddable":true,"href":"https:\/\/radiorevelacionfm.cl\/index.php?rest_route=%2Fwp%2Fv2%2Ftags&post=7629"}],"curies":[{"name":"wp","href":"https:\/\/api.w.org\/{rel}","templated":true}]}}