{"id":7623,"date":"2021-08-19T10:30:57","date_gmt":"2021-08-19T13:30:57","guid":{"rendered":"https:\/\/radiorevelacionfm.cl\/?p=7623"},"modified":"2021-08-19T10:44:29","modified_gmt":"2021-08-19T13:44:29","slug":"dar-a-luz-en-tiempos-de-pandemia-el-derecho-de-cada-gestante","status":"publish","type":"post","link":"https:\/\/radiorevelacionfm.cl\/?p=7623","title":{"rendered":"Dar a luz en tiempos de pandemia: El derecho de cada gestante"},"content":{"rendered":"<div class=\"flex_column av_one_full  flex_column_div av-zero-column-padding first  avia-builder-el-0  el_before_av_one_full  avia-builder-el-first  \" style='border-radius:0px; '><div  class='avia-image-container  av-styling-    avia-builder-el-1  avia-builder-el-no-sibling  avia-align-center '  itemprop=\"image\" itemscope=\"itemscope\" itemtype=\"https:\/\/schema.org\/ImageObject\"  ><div class='avia-image-container-inner'><div class='avia-image-overlay-wrap'><img decoding=\"async\" class='wp-image-7624 avia-img-lazy-loading-not-7624 avia_image' src=\"https:\/\/radiorevelacionfm.cl\/wp-content\/uploads\/2021\/08\/Francisca-Concha-Matrona-Supervisora-Preparto-2-1-1.jpg\" alt='' title='Francisca Concha - Matrona Supervisora Preparto (2) (1) (1)' height=\"600\" width=\"697\"  itemprop=\"thumbnailUrl\" srcset=\"https:\/\/radiorevelacionfm.cl\/wp-content\/uploads\/2021\/08\/Francisca-Concha-Matrona-Supervisora-Preparto-2-1-1.jpg 697w, https:\/\/radiorevelacionfm.cl\/wp-content\/uploads\/2021\/08\/Francisca-Concha-Matrona-Supervisora-Preparto-2-1-1-300x258.jpg 300w, https:\/\/radiorevelacionfm.cl\/wp-content\/uploads\/2021\/08\/Francisca-Concha-Matrona-Supervisora-Preparto-2-1-1-600x516.jpg 600w\" sizes=\"(max-width: 697px) 100vw, 697px\" \/><\/div><\/div><\/div><\/div>\n<div class=\"flex_column av_one_full  flex_column_div av-zero-column-padding first  avia-builder-el-2  el_after_av_one_full  el_before_av_one_full  column-top-margin\" style='border-radius:0px; '><section class=\"av_textblock_section \"  itemscope=\"itemscope\" itemtype=\"https:\/\/schema.org\/BlogPosting\" itemprop=\"blogPost\" ><div class='avia_textblock  '   itemprop=\"text\" ><p style=\"text-align: center;\"><span style=\"font-size: 18pt;\"><strong>Dar a luz en tiempos de pandemia: El derecho de cada gestante<\/strong><\/span><\/p>\n<div id=\"gtx-trans\" style=\"position: absolute; left: -50px; top: 4.31534px;\">\n<div class=\"gtx-trans-icon\"><\/div>\n<\/div>\n<\/div><\/section><\/div><div class=\"flex_column av_one_full  flex_column_div av-zero-column-padding first  avia-builder-el-4  el_after_av_one_full  el_before_av_hr  column-top-margin\" style='border-radius:0px; '><section class=\"av_textblock_section \"  itemscope=\"itemscope\" itemtype=\"https:\/\/schema.org\/BlogPosting\" itemprop=\"blogPost\" ><div class='avia_textblock  '   itemprop=\"text\" ><p style=\"text-align: justify;\">Francisca Concha Olave, matrona supervisora Unidad de Prepartos y Reci\u00e9n Nacido Inmediato Hospital Regional Coyhaique.<\/p>\n<p style=\"text-align: justify;\">La organizaci\u00f3n Mundial de la Salud (OMS) recomienda el acompa\u00f1amiento en el parto desde hace m\u00e1s de 30 a\u00f1os. En Chile, en el a\u00f1o 1999 se elabor\u00f3 el \u201cManual de Atenci\u00f3n Personalizada en el Proceso Reproductivo\u201d donde agrupa las diversas pr\u00e1cticas relacionadas con la atenci\u00f3n integral durante el embarazo y el parto. Dentro de estas pr\u00e1cticas, podemos mencionar el contacto piel a piel y la presencia del padre o persona significativa en el parto desde el ingreso al hospital.<\/p>\n<p style=\"text-align: justify;\">Esta pr\u00e1ctica ha demostrado a trav\u00e9s de los a\u00f1os, una disminuci\u00f3n de las tasas de maltrato infantil, mayor participaci\u00f3n del padre en el cuidado del ni\u00f1o\/a, mayor \u00e9xito en lactancia materna durante todo el primer a\u00f1o de vida del beb\u00e9, menor tasa de abandono de reci\u00e9n nacidos\/as, ayuda a mejorar los estados de ansiedad, fortalece los sentimientos de autocontrol y disminuye los \u00edndices de depresi\u00f3n posparto. Gracias a esta evidencia, el acompa\u00f1amiento continuo en el parto se estableci\u00f3 como un derecho para las mujeres y su familia.<\/p>\n<p style=\"text-align: justify;\">En la regi\u00f3n de Ays\u00e9n, desde inicios de la pandemia hasta diciembre 2020, por\u00a0 condiciones de infraestructura, fue suspendido el acompa\u00f1amiento en trabajo de parto y ces\u00e1reas, por lo que 492 mujeres dieron a luz sin un acompa\u00f1ante significativo, solo se autoriz\u00f3 el acceso del acompa\u00f1ante en el momento de un Parto Vaginal. Poco se sab\u00eda de este virus, y con el fin de ser lo m\u00e1s precavidos posible, se tom\u00f3 esta determinaci\u00f3n.<\/p>\n<p style=\"text-align: justify;\">Las matronas del Hospital Regional de Coyhaique, comprometidas en su labor, y preocupadas por el bienestar y seguridad de nuestras usuarias, iniciamos un arduo trabajo para poder brindarles el derecho de acompa\u00f1amiento a estas pacientes en tiempos de Pandemia, tomando las actualizaciones referentes a las atenciones en otros pa\u00edses con normativas basadas en controlar la Pandemia por\u00a0 COVID-19 , creando un nuevo \u201cProtocolo de Acompa\u00f1amiento\u201d, con la finalidad de retomar el acompa\u00f1amiento como derecho.<\/p>\n<p style=\"text-align: justify;\">Gracias a esto, en enero 2021, se reanud\u00f3 el acompa\u00f1amiento para toda gestante que lo solicitara para su trabajo de parto, o parto (vaginal o ces\u00e1rea), contando a la fecha con un total de 521 mujeres que lograron ser acompa\u00f1adas y contenidas en este proceso, influyendo directamente en la satisfacci\u00f3n de la usuaria y su familia.<\/p>\n<p style=\"text-align: justify;\">Para nosotros como equipo de la Unidad de Preparto y Reci\u00e9n Nacido Inmediato, es fundamental resguardar los derechos de las gestantes, para un mejor desarrollo del proceso que ella est\u00e1 viviendo, y somos conscientes que siempre debemos actualizar nuestros procedimientos en virtud de mejorar d\u00eda a d\u00eda la calidad de atenci\u00f3n, especialmente en estos tiempos donde las familias, instituciones y comunidad en general hemos tenido que aprender a vivir bajo otros resguardos en pro de nuestra salud.<\/p>\n<\/div><\/section><\/div><\/p>\n<div  style='height:50px' class='hr hr-invisible   avia-builder-el-6  el_after_av_one_full  el_before_av_social_share '><span class='hr-inner ' ><span class='hr-inner-style'><\/span><\/span><\/div>\n<div  class='av-social-sharing-box  avia-builder-el-7  el_after_av_hr  el_before_av_hr  '><div class='av-share-box'><h5 class='av-share-link-description av-no-toc '>Compartir esta noticia<\/h5><ul class='av-share-box-list noLightbox'><li class='av-share-link av-social-link-facebook' ><a target=\"_blank\" aria-label=\"Compartir en Facebook\" href='https:\/\/www.facebook.com\/sharer.php?u=https:\/\/radiorevelacionfm.cl\/?p=7623&#038;t=Dar%20a%20luz%20en%20tiempos%20de%20pandemia%3A%20El%20derecho%20de%20cada%20gestante' aria-hidden='false' data-av_icon='\ue8f3' data-av_iconfont='entypo-fontello' title='' data-avia-related-tooltip='Compartir en Facebook' rel=\"noopener\"><span class='avia_hidden_link_text'>Compartir en Facebook<\/span><\/a><\/li><li class='av-share-link av-social-link-twitter' ><a target=\"_blank\" aria-label=\"Compartir en Twitter\" href='https:\/\/twitter.com\/share?text=Dar%20a%20luz%20en%20tiempos%20de%20pandemia%3A%20El%20derecho%20de%20cada%20gestante&#038;url=https:\/\/radiorevelacionfm.cl\/?p=7623' aria-hidden='false' data-av_icon='\ue8f1' data-av_iconfont='entypo-fontello' title='' data-avia-related-tooltip='Compartir en Twitter' rel=\"noopener\"><span class='avia_hidden_link_text'>Compartir en Twitter<\/span><\/a><\/li><li class='av-share-link av-social-link-whatsapp' ><a target=\"_blank\" aria-label=\"Compartir en Whatsapp\" href='https:\/\/api.whatsapp.com\/send?text=https:\/\/radiorevelacionfm.cl\/?p=7623' aria-hidden='false' data-av_icon='\uf232' data-av_iconfont='entypo-fontello' title='' data-avia-related-tooltip='Compartir en Whatsapp' rel=\"noopener\"><span class='avia_hidden_link_text'>Compartir en Whatsapp<\/span><\/a><\/li><li class='av-share-link av-social-link-linkedin' ><a target=\"_blank\" aria-label=\"Compartir en LinkedIn\" href='https:\/\/linkedin.com\/shareArticle?mini=true&#038;title=Dar%20a%20luz%20en%20tiempos%20de%20pandemia%3A%20El%20derecho%20de%20cada%20gestante&#038;url=https:\/\/radiorevelacionfm.cl\/?p=7623' aria-hidden='false' data-av_icon='\ue8fc' data-av_iconfont='entypo-fontello' title='' data-avia-related-tooltip='Compartir en LinkedIn' rel=\"noopener\"><span class='avia_hidden_link_text'>Compartir en LinkedIn<\/span><\/a><\/li><li class='av-share-link av-social-link-mail' ><a  aria-label=\"Compartir por correo\" href='mailto:?subject=Dar%20a%20luz%20en%20tiempos%20de%20pandemia%3A%20El%20derecho%20de%20cada%20gestante&#038;body=https:\/\/radiorevelacionfm.cl\/?p=7623' aria-hidden='false' data-av_icon='\ue805' data-av_iconfont='entypo-fontello' title='' data-avia-related-tooltip='Compartir por correo'><span class='avia_hidden_link_text'>Compartir por correo<\/span><\/a><\/li><\/ul><\/div><\/div>\n<div  style='height:50px' class='hr hr-invisible   avia-builder-el-8  el_after_av_social_share  el_before_av_comments_list '><span class='hr-inner ' ><span class='hr-inner-style'><\/span><\/span><\/div>\n<div  class='av-buildercomment  av-blog-meta-html-info-disabled av-blog-meta-tag-disabled  '><\/div>\n","protected":false},"excerpt":{"rendered":"","protected":false},"author":1,"featured_media":7645,"comment_status":"open","ping_status":"open","sticky":false,"template":"","format":"standard","meta":{"footnotes":""},"categories":[46],"tags":[],"class_list":["post-7623","post","type-post","status-publish","format-standard","has-post-thumbnail","hentry","category-salud"],"jetpack_featured_media_url":"https:\/\/radiorevelacionfm.cl\/wp-content\/uploads\/2021\/08\/Francisca-Concha-Matrona-Supervisora-Preparto-0-1-1.jpg","_links":{"self":[{"href":"https:\/\/radiorevelacionfm.cl\/index.php?rest_route=\/wp\/v2\/posts\/7623","targetHints":{"allow":["GET"]}}],"collection":[{"href":"https:\/\/radiorevelacionfm.cl\/index.php?rest_route=\/wp\/v2\/posts"}],"about":[{"href":"https:\/\/radiorevelacionfm.cl\/index.php?rest_route=\/wp\/v2\/types\/post"}],"author":[{"embeddable":true,"href":"https:\/\/radiorevelacionfm.cl\/index.php?rest_route=\/wp\/v2\/users\/1"}],"replies":[{"embeddable":true,"href":"https:\/\/radiorevelacionfm.cl\/index.php?rest_route=%2Fwp%2Fv2%2Fcomments&post=7623"}],"version-history":[{"count":2,"href":"https:\/\/radiorevelacionfm.cl\/index.php?rest_route=\/wp\/v2\/posts\/7623\/revisions"}],"predecessor-version":[{"id":7644,"href":"https:\/\/radiorevelacionfm.cl\/index.php?rest_route=\/wp\/v2\/posts\/7623\/revisions\/7644"}],"wp:featuredmedia":[{"embeddable":true,"href":"https:\/\/radiorevelacionfm.cl\/index.php?rest_route=\/wp\/v2\/media\/7645"}],"wp:attachment":[{"href":"https:\/\/radiorevelacionfm.cl\/index.php?rest_route=%2Fwp%2Fv2%2Fmedia&parent=7623"}],"wp:term":[{"taxonomy":"category","embeddable":true,"href":"https:\/\/radiorevelacionfm.cl\/index.php?rest_route=%2Fwp%2Fv2%2Fcategories&post=7623"},{"taxonomy":"post_tag","embeddable":true,"href":"https:\/\/radiorevelacionfm.cl\/index.php?rest_route=%2Fwp%2Fv2%2Ftags&post=7623"}],"curies":[{"name":"wp","href":"https:\/\/api.w.org\/{rel}","templated":true}]}}