{"id":7619,"date":"2021-08-18T17:33:29","date_gmt":"2021-08-18T20:33:29","guid":{"rendered":"https:\/\/radiorevelacionfm.cl\/?p=7619"},"modified":"2021-08-18T17:33:29","modified_gmt":"2021-08-18T20:33:29","slug":"comenzo-aplicacion-de-test-nasal-en-establecimientos-educacionales-de-coyhaique","status":"publish","type":"post","link":"https:\/\/radiorevelacionfm.cl\/?p=7619","title":{"rendered":"Comenz\u00f3 aplicaci\u00f3n de test nasal en establecimientos educacionales de Coyhaique"},"content":{"rendered":"<div class=\"flex_column av_one_full  flex_column_div av-zero-column-padding first  avia-builder-el-0  el_before_av_one_full  avia-builder-el-first  \" style='border-radius:0px; '><div  class='avia-image-container  av-styling-    avia-builder-el-1  avia-builder-el-no-sibling  avia-align-center '  itemprop=\"image\" itemscope=\"itemscope\" itemtype=\"https:\/\/schema.org\/ImageObject\"  ><div class='avia-image-container-inner'><div class='avia-image-overlay-wrap'><img decoding=\"async\" class='wp-image-7621 avia-img-lazy-loading-not-7621 avia_image' src=\"https:\/\/radiorevelacionfm.cl\/wp-content\/uploads\/2021\/08\/aplicacion-test-nasal-1-1.jpg\" alt='' title='aplicaci\u00f3n test nasal (1) (1)' height=\"600\" width=\"900\"  itemprop=\"thumbnailUrl\" srcset=\"https:\/\/radiorevelacionfm.cl\/wp-content\/uploads\/2021\/08\/aplicacion-test-nasal-1-1.jpg 900w, https:\/\/radiorevelacionfm.cl\/wp-content\/uploads\/2021\/08\/aplicacion-test-nasal-1-1-300x200.jpg 300w, https:\/\/radiorevelacionfm.cl\/wp-content\/uploads\/2021\/08\/aplicacion-test-nasal-1-1-768x512.jpg 768w, https:\/\/radiorevelacionfm.cl\/wp-content\/uploads\/2021\/08\/aplicacion-test-nasal-1-1-705x470.jpg 705w, https:\/\/radiorevelacionfm.cl\/wp-content\/uploads\/2021\/08\/aplicacion-test-nasal-1-1-600x400.jpg 600w\" sizes=\"(max-width: 900px) 100vw, 900px\" \/><\/div><\/div><\/div><\/div><div class=\"flex_column av_one_full  flex_column_div av-zero-column-padding first  avia-builder-el-2  el_after_av_one_full  el_before_av_one_full  column-top-margin\" style='border-radius:0px; '><section class=\"av_textblock_section \"  itemscope=\"itemscope\" itemtype=\"https:\/\/schema.org\/BlogPosting\" itemprop=\"blogPost\" ><div class='avia_textblock  '   itemprop=\"text\" ><p style=\"text-align: center;\"><span style=\"font-size: 18pt;\"><strong>Comenz\u00f3 aplicaci\u00f3n de test nasal en establecimientos educacionales de Coyhaique <\/strong><\/span><\/p>\n<div id=\"gtx-trans\" style=\"position: absolute; left: -50px; top: 4.31534px;\">\n<div class=\"gtx-trans-icon\"><\/div>\n<\/div>\n<\/div><\/section><\/div><div class=\"flex_column av_one_full  flex_column_div av-zero-column-padding first  avia-builder-el-4  el_after_av_one_full  el_before_av_hr  column-top-margin\" style='border-radius:0px; '><section class=\"av_textblock_section \"  itemscope=\"itemscope\" itemtype=\"https:\/\/schema.org\/BlogPosting\" itemprop=\"blogPost\" ><div class='avia_textblock  '   itemprop=\"text\" ><p style=\"text-align: justify;\">Tras cumplir con una nutrida agenda de actividades en la regi\u00f3n, la Subsecretaria de Salud P\u00fablica, Paula Daza Narbona, dio el punto de partida para el testeo nasal a escolares de establecimientos educacionales de la comuna de Coyhaique; iniciativa que comenz\u00f3 en la comunidad estudiantil de la escuela Baquedano, y cuya principal particularidad, es la de no ser invasiva y permite obtener los resultados en un plazo m\u00e1ximo de 30 minutos.<\/p>\n<p style=\"text-align: justify;\">Iniciativa que fue destacada por la Subsecretaria de Salud, Paula Daza, quien destac\u00f3 la importancia de esta medida en beneficio de los propios estudiantes. \u201cSabemos que los ni\u00f1os, han sido uno de los grupos m\u00e1s afectados en esta pandemia, y muchos de ellos llevan m\u00e1s de un a\u00f1o sin poder asistir a clases, y la vuelta a las clases presenciales son muy importantes para el desarrollo integral de los ni\u00f1os, es por eso que junto al Ministerio de Educaci\u00f3n hemos implementado una serie de medidas para que este retorno a la educaci\u00f3n presencial sea segura. Desde el a\u00f1o pasado, hemos implementado la vigilancia epidemiol\u00f3gica de toda la comunidad escolar, como la b\u00fasqueda activa y medidas de autocuidado, pero hoy debemos dar un paso m\u00e1s, es por eso que desde el mes de junio hemos implementado en el pa\u00eds la b\u00fasqueda de casos por ant\u00edgeno, se trata de un test nasal de ant\u00edgeno donde podemos tener los resultados en 30 minutos, es sencillo y no es invasivo como el test nasofar\u00edngeo, y los ni\u00f1os lo toleran de manera muy positiva, donde esperamos ir implementando esta modalidad en todo el pa\u00eds\u201d.<\/p>\n<p style=\"text-align: justify;\">La toma de estos ex\u00e1menes, que se iniciaron durante este martes en la escuela Baquedano de Coyhaique, continuaron durante la jornada de este mi\u00e9rcoles con el an\u00e1lisis de 175 muestras las cuales resultaron todas negativas a COVID-19.<\/p>\n<p style=\"text-align: justify;\">Por su parte, el Epidemi\u00f3logo de la Seremi de Salud, Marco Acu\u00f1a, entreg\u00f3 m\u00e1s antecedentes respecto al inicio de esta estrategia de b\u00fasqueda activa en establecimientos educacionales. \u201cEsta es una estrategia de b\u00fasqueda del virus en poblaci\u00f3n asintom\u00e1tica y en ni\u00f1os escolares de todos los niveles, con el fin de poder identificar la presencia del virus en este 30 a 35% de la comunidad. Es una estrategia que va a continuar con dos establecimientos educacionales m\u00e1s con un n\u00famero de matr\u00edcula muy significativa, como lo es el liceo San Felipe Benicio y la Escuela Alborada. Esto nos ofrece la oportunidad de detectar r\u00e1pidamente los casos positivos. La muestra es un hisopado nasal, donde se ingresa un cotonito alrededor de 01 cm, y se toma la muestra desde las paredes de la nariz\u201d.<\/p>\n<p style=\"text-align: justify;\">Durante la toma de estos ex\u00e1menes, Jessica Arias, apoderada de la escuela Baquedano, manifest\u00f3 que pese a tener dudas respecto a estos ex\u00e1menes, la toma de muestras es r\u00e1pida e indolora para los ni\u00f1os. \u201cEs buena porque uno tambi\u00e9n sale de la duda, porque uno tambi\u00e9n sale y tiene contacto con otras personas. Yo al comienzo ten\u00eda mis dudas, pero no es da\u00f1ino, a mis hijos no les pas\u00f3 nada, y no se demoraron nada en tomarle la muestra.\u201d<\/p>\n<p style=\"text-align: justify;\">De esta forma, en el transcurso de la pr\u00f3xima semana se contempla aplicar el test nasal a los alumnos del liceo San Felipe Benicio, y la subsiguiente, a la comunidad estudiantil del Colegio Alborada. Cabe se\u00f1alar que la toma de estos ex\u00e1menes es de car\u00e1cter voluntario, por lo que se estima alcanzar a cerca de 3 mil alumnos en este proceso.<\/p>\n<p style=\"text-align: justify;\"><strong>Cuadrillas Sanitarias en Tu Barrio<\/strong><\/p>\n<p style=\"text-align: justify;\">Una de las primeras actividades efectuadas por la Subsecretaria Paula Daza en la regi\u00f3n, fue la certificaci\u00f3n de 13 dirigentes sociales que recibieron una capacitaci\u00f3n para trabajar el autocuidado en sus respectivas juntas de vecinos. La ceremonia se llev\u00f3 a cabo en la sede vecinal de la Poblaci\u00f3n Clotario Blest 1 y 2.<\/p>\n<p style=\"text-align: justify;\">A la fecha se han capacitado, desde el nivel central, 20 dirigentes sociales de la Regi\u00f3n de Ays\u00e9n, de las comunas de Coyhaique, Chile Chico y Cisnes.<\/p>\n<p style=\"text-align: justify;\"><strong>Presentaci\u00f3n nueva leche fortificada PURITA<\/strong><\/p>\n<p style=\"text-align: justify;\">Con el prop\u00f3sito de contribuir a detener la velocidad de crecimiento de la prevalencia de obesidad en ni\u00f1os y ni\u00f1as menores de 6 a\u00f1os al a\u00f1o 2030, es uno de los principales desaf\u00edos sanitarios del pa\u00eds, es que la Autoridad Sanitaria se traslad\u00f3 hasta el CESFAM Alejandro Guti\u00e9rrez donde present\u00f3 la nueva leche fortificada para menores; suplemento alimenticio que no reemplaza la importancia de la lactancia materna, sino que busca ser un apoyo en el crecimiento de los menores.<\/p>\n<p style=\"text-align: justify;\">Este producto alimenticio, denominada simplemente F\u00f3rmula de inicio para Lactantes, tiene la ventaja de ser el producto alimenticio m\u00e1s adecuado para satisfacer los requerimientos nutricionales de los lactantes.<\/p>\n<p style=\"text-align: justify;\"><strong>Dosis de Refuerzo<\/strong><\/p>\n<p style=\"text-align: justify;\">Actualmente, la regi\u00f3n de Ays\u00e9n es una de las zonas del pa\u00eds que lidera el proceso de vacunaci\u00f3n contra el COVID-19.\u00a0 A la fecha, llevamos un 99,11% (Primera dosis y dosis \u00fanica) de cobertura de vacunaci\u00f3n con 79.440 dosis administradas y 96,41% (segunda dosis) de cobertura con 77.275 dosis a nivel regional de la campa\u00f1a #YoMeVacuno, con una poblaci\u00f3n objetivo de 80.150 personas.<\/p>\n<p style=\"text-align: justify;\">En este contexto, y como una forma de seguir reforzando la importancia de este proceso, la Subsecretaria Daza visit\u00f3 el punto de vacunaci\u00f3n del Gimnasio Regional, donde hizo hincapi\u00e9 en la necesidad que Ays\u00e9n contin\u00faa avanzando hacia una cobertura total de la poblaci\u00f3n objetivo, especialmente para lograr un esquema completo con la dosis de refuerzo, cifra que alcanza al d\u00eda de hoy un total de 2 mil 277 dosis suministradas.<\/p>\n<\/div><\/section><\/div><div  style='height:50px' class='hr hr-invisible   avia-builder-el-6  el_after_av_one_full  el_before_av_social_share '><span class='hr-inner ' ><span class='hr-inner-style'><\/span><\/span><\/div><\/p>\n<div  class='av-social-sharing-box  avia-builder-el-7  el_after_av_hr  el_before_av_hr  '><div class='av-share-box'><h5 class='av-share-link-description av-no-toc '>Compartir esta noticia<\/h5><ul class='av-share-box-list noLightbox'><li class='av-share-link av-social-link-facebook' ><a target=\"_blank\" aria-label=\"Compartir en Facebook\" href='https:\/\/www.facebook.com\/sharer.php?u=https:\/\/radiorevelacionfm.cl\/?p=7619&#038;t=Comenz%C3%B3%20aplicaci%C3%B3n%20de%20test%20nasal%20en%20establecimientos%20educacionales%20de%20Coyhaique' aria-hidden='false' data-av_icon='\ue8f3' data-av_iconfont='entypo-fontello' title='' data-avia-related-tooltip='Compartir en Facebook' rel=\"noopener\"><span class='avia_hidden_link_text'>Compartir en Facebook<\/span><\/a><\/li><li class='av-share-link av-social-link-twitter' ><a target=\"_blank\" aria-label=\"Compartir en Twitter\" href='https:\/\/twitter.com\/share?text=Comenz%C3%B3%20aplicaci%C3%B3n%20de%20test%20nasal%20en%20establecimientos%20educacionales%20de%20Coyhaique&#038;url=https:\/\/radiorevelacionfm.cl\/?p=7619' aria-hidden='false' data-av_icon='\ue8f1' data-av_iconfont='entypo-fontello' title='' data-avia-related-tooltip='Compartir en Twitter' rel=\"noopener\"><span class='avia_hidden_link_text'>Compartir en Twitter<\/span><\/a><\/li><li class='av-share-link av-social-link-whatsapp' ><a target=\"_blank\" aria-label=\"Compartir en Whatsapp\" href='https:\/\/api.whatsapp.com\/send?text=https:\/\/radiorevelacionfm.cl\/?p=7619' aria-hidden='false' data-av_icon='\uf232' data-av_iconfont='entypo-fontello' title='' data-avia-related-tooltip='Compartir en Whatsapp' rel=\"noopener\"><span class='avia_hidden_link_text'>Compartir en Whatsapp<\/span><\/a><\/li><li class='av-share-link av-social-link-linkedin' ><a target=\"_blank\" aria-label=\"Compartir en LinkedIn\" href='https:\/\/linkedin.com\/shareArticle?mini=true&#038;title=Comenz%C3%B3%20aplicaci%C3%B3n%20de%20test%20nasal%20en%20establecimientos%20educacionales%20de%20Coyhaique&#038;url=https:\/\/radiorevelacionfm.cl\/?p=7619' aria-hidden='false' data-av_icon='\ue8fc' data-av_iconfont='entypo-fontello' title='' data-avia-related-tooltip='Compartir en LinkedIn' rel=\"noopener\"><span class='avia_hidden_link_text'>Compartir en LinkedIn<\/span><\/a><\/li><li class='av-share-link av-social-link-mail' ><a  aria-label=\"Compartir por correo\" href='mailto:?subject=Comenz%C3%B3%20aplicaci%C3%B3n%20de%20test%20nasal%20en%20establecimientos%20educacionales%20de%20Coyhaique&#038;body=https:\/\/radiorevelacionfm.cl\/?p=7619' aria-hidden='false' data-av_icon='\ue805' data-av_iconfont='entypo-fontello' title='' data-avia-related-tooltip='Compartir por correo'><span class='avia_hidden_link_text'>Compartir por correo<\/span><\/a><\/li><\/ul><\/div><\/div>\n<div  style='height:50px' class='hr hr-invisible   avia-builder-el-8  el_after_av_social_share  el_before_av_comments_list '><span class='hr-inner ' ><span class='hr-inner-style'><\/span><\/span><\/div>\n<div  class='av-buildercomment  av-blog-meta-html-info-disabled av-blog-meta-tag-disabled  '><\/div>\n","protected":false},"excerpt":{"rendered":"","protected":false},"author":1,"featured_media":7621,"comment_status":"open","ping_status":"open","sticky":false,"template":"","format":"standard","meta":{"footnotes":""},"categories":[46],"tags":[],"class_list":["post-7619","post","type-post","status-publish","format-standard","has-post-thumbnail","hentry","category-salud"],"jetpack_featured_media_url":"https:\/\/radiorevelacionfm.cl\/wp-content\/uploads\/2021\/08\/aplicacion-test-nasal-1-1.jpg","_links":{"self":[{"href":"https:\/\/radiorevelacionfm.cl\/index.php?rest_route=\/wp\/v2\/posts\/7619","targetHints":{"allow":["GET"]}}],"collection":[{"href":"https:\/\/radiorevelacionfm.cl\/index.php?rest_route=\/wp\/v2\/posts"}],"about":[{"href":"https:\/\/radiorevelacionfm.cl\/index.php?rest_route=\/wp\/v2\/types\/post"}],"author":[{"embeddable":true,"href":"https:\/\/radiorevelacionfm.cl\/index.php?rest_route=\/wp\/v2\/users\/1"}],"replies":[{"embeddable":true,"href":"https:\/\/radiorevelacionfm.cl\/index.php?rest_route=%2Fwp%2Fv2%2Fcomments&post=7619"}],"version-history":[{"count":1,"href":"https:\/\/radiorevelacionfm.cl\/index.php?rest_route=\/wp\/v2\/posts\/7619\/revisions"}],"predecessor-version":[{"id":7622,"href":"https:\/\/radiorevelacionfm.cl\/index.php?rest_route=\/wp\/v2\/posts\/7619\/revisions\/7622"}],"wp:featuredmedia":[{"embeddable":true,"href":"https:\/\/radiorevelacionfm.cl\/index.php?rest_route=\/wp\/v2\/media\/7621"}],"wp:attachment":[{"href":"https:\/\/radiorevelacionfm.cl\/index.php?rest_route=%2Fwp%2Fv2%2Fmedia&parent=7619"}],"wp:term":[{"taxonomy":"category","embeddable":true,"href":"https:\/\/radiorevelacionfm.cl\/index.php?rest_route=%2Fwp%2Fv2%2Fcategories&post=7619"},{"taxonomy":"post_tag","embeddable":true,"href":"https:\/\/radiorevelacionfm.cl\/index.php?rest_route=%2Fwp%2Fv2%2Ftags&post=7619"}],"curies":[{"name":"wp","href":"https:\/\/api.w.org\/{rel}","templated":true}]}}