{"id":7616,"date":"2021-08-18T17:35:01","date_gmt":"2021-08-18T20:35:01","guid":{"rendered":"https:\/\/radiorevelacionfm.cl\/?p=7616"},"modified":"2021-08-18T18:17:17","modified_gmt":"2021-08-18T21:17:17","slug":"en-cochrane-20-alumnos-as-se-capacitan-en-mantencion-e-instalacion-de-estufas-a-pellet","status":"publish","type":"post","link":"https:\/\/radiorevelacionfm.cl\/?p=7616","title":{"rendered":"En Cochrane 20 alumnos\/as se capacitan en mantenci\u00f3n e instalaci\u00f3n de Estufas a Pellet"},"content":{"rendered":"<div class=\"flex_column av_one_full  flex_column_div av-zero-column-padding first  avia-builder-el-0  el_before_av_one_full  avia-builder-el-first  \" style='border-radius:0px; '><div  class='avia-image-container  av-styling-    avia-builder-el-1  avia-builder-el-no-sibling  avia-align-center '  itemprop=\"image\" itemscope=\"itemscope\" itemtype=\"https:\/\/schema.org\/ImageObject\"  ><div class='avia-image-container-inner'><div class='avia-image-overlay-wrap'><img decoding=\"async\" class='wp-image-7617 avia-img-lazy-loading-not-7617 avia_image' src=\"https:\/\/radiorevelacionfm.cl\/wp-content\/uploads\/2021\/08\/CursoSence_EstufasPellet_1-1-1.jpg\" alt='' title='CursoSence_EstufasPellet_1 (1) (1)' height=\"600\" width=\"1069\"  itemprop=\"thumbnailUrl\" srcset=\"https:\/\/radiorevelacionfm.cl\/wp-content\/uploads\/2021\/08\/CursoSence_EstufasPellet_1-1-1.jpg 1069w, https:\/\/radiorevelacionfm.cl\/wp-content\/uploads\/2021\/08\/CursoSence_EstufasPellet_1-1-1-300x168.jpg 300w, https:\/\/radiorevelacionfm.cl\/wp-content\/uploads\/2021\/08\/CursoSence_EstufasPellet_1-1-1-1030x578.jpg 1030w, https:\/\/radiorevelacionfm.cl\/wp-content\/uploads\/2021\/08\/CursoSence_EstufasPellet_1-1-1-768x431.jpg 768w, https:\/\/radiorevelacionfm.cl\/wp-content\/uploads\/2021\/08\/CursoSence_EstufasPellet_1-1-1-705x396.jpg 705w, https:\/\/radiorevelacionfm.cl\/wp-content\/uploads\/2021\/08\/CursoSence_EstufasPellet_1-1-1-600x337.jpg 600w\" sizes=\"(max-width: 1069px) 100vw, 1069px\" \/><\/div><\/div><\/div><\/div><div class=\"flex_column av_one_full  flex_column_div av-zero-column-padding first  avia-builder-el-2  el_after_av_one_full  el_before_av_one_full  column-top-margin\" style='border-radius:0px; '><section class=\"av_textblock_section \"  itemscope=\"itemscope\" itemtype=\"https:\/\/schema.org\/BlogPosting\" itemprop=\"blogPost\" ><div class='avia_textblock  '   itemprop=\"text\" ><p style=\"text-align: center;\"><strong><span style=\"font-size: 18pt;\">En Cochrane 20 alumnos\/as se capacitan en mantenci\u00f3n e instalaci\u00f3n de Estufas a Pellet<\/span><\/strong><\/p>\n<div id=\"gtx-trans\" style=\"position: absolute; left: -50px; top: 4.31534px;\">\n<div class=\"gtx-trans-icon\"><\/div>\n<\/div>\n<\/div><\/section><\/div><div class=\"flex_column av_one_full  flex_column_div av-zero-column-padding first  avia-builder-el-4  el_after_av_one_full  el_before_av_hr  column-top-margin\" style='border-radius:0px; '><section class=\"av_textblock_section \"  itemscope=\"itemscope\" itemtype=\"https:\/\/schema.org\/BlogPosting\" itemprop=\"blogPost\" ><div class='avia_textblock  '   itemprop=\"text\" ><p style=\"text-align: justify;\">Muy entusiasmados se manifestaron los y las estudiantes del curso \u00abMantenci\u00f3n e Instalaci\u00f3n de Estufas a Pellet\u00bb, parte del programa Becas Laborales de fondos sectoriales del Servicio Nacional de Capacitaci\u00f3n y Empleo, Sence, quienes est\u00e1n iniciando sus clases de manera presencial al estar Cochrane en Fase 4 en el Plan Paso a Paso en contexto Covid 19.<\/p>\n<p style=\"text-align: justify;\">La Seremi del Trabajo y Previsi\u00f3n Social, Andrea Ponce, destac\u00f3 que se est\u00e9n iniciando las clases que no hab\u00edan podido comenzar dado el contexto de pandemia. \u00abNos encontramos en Cochrane donde estuvimos compartiendo con alumnos y alumnas que se est\u00e1n capacitando a trav\u00e9s del Programa Becas Laborales de Sence, en una materia que est\u00e1 completamente acorde con los tiempos actuales, como es la mantenci\u00f3n e instalaci\u00f3n de estufas a pellet, un oficio inexistente en Cochrane y una reconversi\u00f3n laboral para muchos de ellos, teniendo campo laboral para desarrollarse. Debido a que Cochrane estuvo en Paso 2 y en Cuarentena, los cursos con fondos sectoriales de Sence se tuvieron que suspender, retomando ahora sus clases, con implementos de seguridad y protocolos Covid &#8211; 19, seg\u00fan lo que nos solicita la autoridad sanitaria. Quiero destacar que Sence pudo adaptar sus cursos con fondos del Gobierno Regional, pero no los con fondos sectoriales, por lo tanto, el lograr reanudarlos nos genera una gran satisfacci\u00f3n como Ministerio del Trabajo y Previsi\u00f3n Social, sobre todo conociendo los testimonios que dan cuenta de la importancia de este curso para los alumnos de localidades lejanas a la capital regional\u00bb, afirm\u00f3.<\/p>\n<p style=\"text-align: justify;\">\u00abComo Sence Ays\u00e9n est\u00e1bamos muy expectantes de poder comenzar este curso de capacitaci\u00f3n de manera presencial, ya que era una solicitud constante de la comunidad que ve en estas capacitaciones un espacio para crecer laboralmente. Este curso en particular de \u00abMantenci\u00f3n de Estufas a Pellet\u00bb, pertenece al Programa Becas Laborales, correspondiente al periodo 2020 y ahora estamos dando inicio con 20 alumnos y alumnas de Cochrane, quienes estaban muy expectantes por poder iniciar. Tal como en este caso, ya se est\u00e1n retomando y coordinando los cursos de capacitaci\u00f3n en otras localidades de la Regi\u00f3n de Ays\u00e9n que est\u00e1n tambi\u00e9n en Paso 4, recalcamos adem\u00e1s que todos cuentan con las medidas sanitarias correspondientes\u00bb, declar\u00f3 la directora regional de Sence, Katherine Kingma.<\/p>\n<p class=\"v1MsoNormal\" style=\"text-align: justify;\">Una de las alumnas es Berta Riquelme, quien coment\u00f3 sobre su participaci\u00f3n, \u00abPara m\u00ed ha sido algo que me ha abierto muchas puertas, siento que nos est\u00e1n dando herramientas para solventar este gasto, que es un gasto alto si uno contrata a una persona certificada, como vamos a ser nosotros ahora. Yo estoy feliz porque ahora podr\u00e9 hacer las mantenciones en mi casa, y a alguien m\u00e1s que necesite una mantenci\u00f3n, se la voy a poder hacer. Esto que se est\u00e1 dando ahora para m\u00ed es maravilloso: algo presencial, donde hace tanto tiempo que no nos pod\u00edamos juntar, mantenemos nuestras distancias, usamos alcohol gel, revisamos la temperatura y la mascarilla que no se saca. Tambi\u00e9n estamos con elementos de protecci\u00f3n, porque nos est\u00e1n pasando buzos, zapatos de seguridad y se han ido implementando cosas, para poder hacerlo. El profesor es muy did\u00e1ctico para ense\u00f1ar, yo estoy con todas las ganas de aprender, siento que estoy saliendo adelante con esto y me encanta\u00bb se\u00f1al\u00f3.<\/p>\n<p class=\"v1MsoNormal\" style=\"text-align: justify;\">Por su parte, otro de los alumnos, Cristi\u00e1n Kelly, hizo hincapi\u00e9 en la capacitaci\u00f3n como nueva fuente laboral, \u00abEn general, como est\u00e1 el tema de la contaminaci\u00f3n, a nivel regional y a nivel nacional, es muy interesante en una localidad tan lejana se venga a dictar una capacitaci\u00f3n as\u00ed. Somos 20 integrantes en este momento, donde participamos activamente. Es una instancia para practicarla en nuestros mismos hogares si tuvi\u00e9ramos la estufa o para una fuente laboral. Vi\u00e9ndolo como fuente laboral es s\u00faper bueno, porque en estos momentos la empresa que viene a hacer las mantenciones viene de Coyhaique y encarece mucho que venga a hacer las mantenciones a estos lugares tan lejanos\u00bb manifest\u00f3.<\/p>\n<p class=\"v1MsoNormal\" style=\"text-align: justify;\">En la oportunidad, participaron la Seremi Andrea Ponce junto a los directores regionales de la cartera del Trabajo y Previsi\u00f3n Social, Katherine Kingma de Sence; Carlos Rodr\u00edguez del Instituto de Previsi\u00f3n Social, IPS ChileAtiende; Mario Garay del Instituto de Seguridad Laboral, ISL; los Concejales Nilda Soto y Fabi\u00e1n Navarro, adem\u00e1s de V\u00edctor Escobar, representante de la Delegaci\u00f3n Presidencial Provincial de Capit\u00e1n Prat.<\/p>\n<\/div><\/section><\/div><div  style='height:50px' class='hr hr-invisible   avia-builder-el-6  el_after_av_one_full  el_before_av_social_share '><span class='hr-inner ' ><span class='hr-inner-style'><\/span><\/span><\/div><\/p>\n<div  class='av-social-sharing-box  avia-builder-el-7  el_after_av_hr  el_before_av_hr  '><div class='av-share-box'><h5 class='av-share-link-description av-no-toc '>Compartir esta noticia<\/h5><ul class='av-share-box-list noLightbox'><li class='av-share-link av-social-link-facebook' ><a target=\"_blank\" aria-label=\"Compartir en Facebook\" href='https:\/\/www.facebook.com\/sharer.php?u=https:\/\/radiorevelacionfm.cl\/?p=7616&#038;t=En%20Cochrane%2020%20alumnos%2Fas%20se%20capacitan%20en%20mantenci%C3%B3n%20e%20instalaci%C3%B3n%20de%20Estufas%20a%20Pellet' aria-hidden='false' data-av_icon='\ue8f3' data-av_iconfont='entypo-fontello' title='' data-avia-related-tooltip='Compartir en Facebook' rel=\"noopener\"><span class='avia_hidden_link_text'>Compartir en Facebook<\/span><\/a><\/li><li class='av-share-link av-social-link-twitter' ><a target=\"_blank\" aria-label=\"Compartir en Twitter\" href='https:\/\/twitter.com\/share?text=En%20Cochrane%2020%20alumnos%2Fas%20se%20capacitan%20en%20mantenci%C3%B3n%20e%20instalaci%C3%B3n%20de%20Estufas%20a%20Pellet&#038;url=https:\/\/radiorevelacionfm.cl\/?p=7616' aria-hidden='false' data-av_icon='\ue8f1' data-av_iconfont='entypo-fontello' title='' data-avia-related-tooltip='Compartir en Twitter' rel=\"noopener\"><span class='avia_hidden_link_text'>Compartir en Twitter<\/span><\/a><\/li><li class='av-share-link av-social-link-whatsapp' ><a target=\"_blank\" aria-label=\"Compartir en Whatsapp\" href='https:\/\/api.whatsapp.com\/send?text=https:\/\/radiorevelacionfm.cl\/?p=7616' aria-hidden='false' data-av_icon='\uf232' data-av_iconfont='entypo-fontello' title='' data-avia-related-tooltip='Compartir en Whatsapp' rel=\"noopener\"><span class='avia_hidden_link_text'>Compartir en Whatsapp<\/span><\/a><\/li><li class='av-share-link av-social-link-linkedin' ><a target=\"_blank\" aria-label=\"Compartir en LinkedIn\" href='https:\/\/linkedin.com\/shareArticle?mini=true&#038;title=En%20Cochrane%2020%20alumnos%2Fas%20se%20capacitan%20en%20mantenci%C3%B3n%20e%20instalaci%C3%B3n%20de%20Estufas%20a%20Pellet&#038;url=https:\/\/radiorevelacionfm.cl\/?p=7616' aria-hidden='false' data-av_icon='\ue8fc' data-av_iconfont='entypo-fontello' title='' data-avia-related-tooltip='Compartir en LinkedIn' rel=\"noopener\"><span class='avia_hidden_link_text'>Compartir en LinkedIn<\/span><\/a><\/li><li class='av-share-link av-social-link-mail' ><a  aria-label=\"Compartir por correo\" href='mailto:?subject=En%20Cochrane%2020%20alumnos%2Fas%20se%20capacitan%20en%20mantenci%C3%B3n%20e%20instalaci%C3%B3n%20de%20Estufas%20a%20Pellet&#038;body=https:\/\/radiorevelacionfm.cl\/?p=7616' aria-hidden='false' data-av_icon='\ue805' data-av_iconfont='entypo-fontello' title='' data-avia-related-tooltip='Compartir por correo'><span class='avia_hidden_link_text'>Compartir por correo<\/span><\/a><\/li><\/ul><\/div><\/div>\n<div  style='height:50px' class='hr hr-invisible   avia-builder-el-8  el_after_av_social_share  el_before_av_comments_list '><span class='hr-inner ' ><span class='hr-inner-style'><\/span><\/span><\/div>\n<div  class='av-buildercomment  av-blog-meta-html-info-disabled av-blog-meta-tag-disabled  '><\/div>\n","protected":false},"excerpt":{"rendered":"","protected":false},"author":1,"featured_media":7617,"comment_status":"open","ping_status":"open","sticky":false,"template":"","format":"standard","meta":{"footnotes":""},"categories":[38],"tags":[],"class_list":["post-7616","post","type-post","status-publish","format-standard","has-post-thumbnail","hentry","category-regional"],"jetpack_featured_media_url":"https:\/\/radiorevelacionfm.cl\/wp-content\/uploads\/2021\/08\/CursoSence_EstufasPellet_1-1-1.jpg","_links":{"self":[{"href":"https:\/\/radiorevelacionfm.cl\/index.php?rest_route=\/wp\/v2\/posts\/7616","targetHints":{"allow":["GET"]}}],"collection":[{"href":"https:\/\/radiorevelacionfm.cl\/index.php?rest_route=\/wp\/v2\/posts"}],"about":[{"href":"https:\/\/radiorevelacionfm.cl\/index.php?rest_route=\/wp\/v2\/types\/post"}],"author":[{"embeddable":true,"href":"https:\/\/radiorevelacionfm.cl\/index.php?rest_route=\/wp\/v2\/users\/1"}],"replies":[{"embeddable":true,"href":"https:\/\/radiorevelacionfm.cl\/index.php?rest_route=%2Fwp%2Fv2%2Fcomments&post=7616"}],"version-history":[{"count":1,"href":"https:\/\/radiorevelacionfm.cl\/index.php?rest_route=\/wp\/v2\/posts\/7616\/revisions"}],"predecessor-version":[{"id":7618,"href":"https:\/\/radiorevelacionfm.cl\/index.php?rest_route=\/wp\/v2\/posts\/7616\/revisions\/7618"}],"wp:featuredmedia":[{"embeddable":true,"href":"https:\/\/radiorevelacionfm.cl\/index.php?rest_route=\/wp\/v2\/media\/7617"}],"wp:attachment":[{"href":"https:\/\/radiorevelacionfm.cl\/index.php?rest_route=%2Fwp%2Fv2%2Fmedia&parent=7616"}],"wp:term":[{"taxonomy":"category","embeddable":true,"href":"https:\/\/radiorevelacionfm.cl\/index.php?rest_route=%2Fwp%2Fv2%2Fcategories&post=7616"},{"taxonomy":"post_tag","embeddable":true,"href":"https:\/\/radiorevelacionfm.cl\/index.php?rest_route=%2Fwp%2Fv2%2Ftags&post=7616"}],"curies":[{"name":"wp","href":"https:\/\/api.w.org\/{rel}","templated":true}]}}