{"id":7612,"date":"2021-08-18T16:49:26","date_gmt":"2021-08-18T19:49:26","guid":{"rendered":"https:\/\/radiorevelacionfm.cl\/?p=7612"},"modified":"2021-08-18T17:00:57","modified_gmt":"2021-08-18T20:00:57","slug":"precandidata-a-diputada-invita-a-participar-de-la-consulta-ciudadana-de-este-sabado","status":"publish","type":"post","link":"https:\/\/radiorevelacionfm.cl\/?p=7612","title":{"rendered":"Precandidata a diputada invita a participar de la consulta ciudadana de este s\u00e1bado"},"content":{"rendered":"<div class=\"flex_column av_one_full  flex_column_div av-zero-column-padding first  avia-builder-el-0  el_before_av_one_full  avia-builder-el-first  \" style='border-radius:0px; '><div  class='avia-image-container  av-styling-    avia-builder-el-1  avia-builder-el-no-sibling  avia-align-center '  itemprop=\"image\" itemscope=\"itemscope\" itemtype=\"https:\/\/schema.org\/ImageObject\"  ><div class='avia-image-container-inner'><div class='avia-image-overlay-wrap'><img decoding=\"async\" class='wp-image-7613 avia-img-lazy-loading-not-7613 avia_image' src=\"https:\/\/radiorevelacionfm.cl\/wp-content\/uploads\/2021\/08\/2-49-1_optimized.jpg\" alt='' title='2-(49)-(1)_optimized' height=\"600\" width=\"984\"  itemprop=\"thumbnailUrl\" srcset=\"https:\/\/radiorevelacionfm.cl\/wp-content\/uploads\/2021\/08\/2-49-1_optimized.jpg 984w, https:\/\/radiorevelacionfm.cl\/wp-content\/uploads\/2021\/08\/2-49-1_optimized-300x183.jpg 300w, https:\/\/radiorevelacionfm.cl\/wp-content\/uploads\/2021\/08\/2-49-1_optimized-768x468.jpg 768w, https:\/\/radiorevelacionfm.cl\/wp-content\/uploads\/2021\/08\/2-49-1_optimized-705x430.jpg 705w, https:\/\/radiorevelacionfm.cl\/wp-content\/uploads\/2021\/08\/2-49-1_optimized-600x366.jpg 600w\" sizes=\"(max-width: 984px) 100vw, 984px\" \/><\/div><\/div><\/div><\/div>\n<div class=\"flex_column av_one_full  flex_column_div av-zero-column-padding first  avia-builder-el-2  el_after_av_one_full  el_before_av_one_full  column-top-margin\" style='border-radius:0px; '><section class=\"av_textblock_section \"  itemscope=\"itemscope\" itemtype=\"https:\/\/schema.org\/BlogPosting\" itemprop=\"blogPost\" ><div class='avia_textblock  '   itemprop=\"text\" ><p style=\"text-align: center;\"><strong><span style=\"font-size: 18pt;\">Precandidata a diputada invita a participar de la consulta ciudadana de este s\u00e1bado<\/span><\/strong><\/p>\n<div id=\"gtx-trans\" style=\"position: absolute; left: -50px; top: 4.31534px;\">\n<div class=\"gtx-trans-icon\"><\/div>\n<\/div>\n<\/div><\/section><\/div>\n<div class=\"flex_column av_one_full  flex_column_div av-zero-column-padding first  avia-builder-el-4  el_after_av_one_full  el_before_av_hr  column-top-margin\" style='border-radius:0px; '><section class=\"av_textblock_section \"  itemscope=\"itemscope\" itemtype=\"https:\/\/schema.org\/BlogPosting\" itemprop=\"blogPost\" ><div class='avia_textblock  '   itemprop=\"text\" ><p style=\"text-align: justify;\"><em>La postulante al parlamento dice que tan importante como la participaci\u00f3n, el llegar a un programa de gobierno social, valiente y transformador debiera ser el desaf\u00edo m\u00e1s m\u00e1s grande de toda la oposici\u00f3n. <\/em><\/p>\n<p style=\"text-align: justify;\">Si bien explica que le \u201chubiera gustado una primaria legal y amplia de toda la Oposici\u00f3n\u201d, Karina Acevedo Auad, precandidata a diputada por la Regi\u00f3n de Ays\u00e9n enfatiza la importancia de \u201cparticipar de los procesos y espacios democr\u00e1ticos\u201d porque entre m\u00e1s gente vote el resultado es m\u00e1s una \u201cdemostraci\u00f3n de la voluntad soberana de la gente\u201d. Si bien Acevedo Auad pertenece al Partido Radical y su candidato es Carlos Maldonado, cree que la Consulta Ciudadana es una oportunidad para aunar criterios en un programa de gobierno progresista que responda a los nuevos tiempos y a las demandas reales de la gente.<\/p>\n<p style=\"text-align: justify;\">Karina Acevedo, quien est\u00e1 a la espera de las definiciones finales del nivel central, fue una constante defensora de una primaria legal que involucrara a los partidos desde el Frente Amplio a la Democracia Cristiana, donde el compromiso debiera haber aunado un programa de gobierno de cara a ganar en primera vuelta. \u201cEste gobierno est\u00e1 desacreditado, sin respaldo ciudadano y su conglomerado lo deja cada d\u00eda m\u00e1s abandonado, nos perdimos la oportunidad de hacer un gran pacto de oposici\u00f3n pero todav\u00eda estamos a tiempo de construir grandes mayor\u00edas, grandes acuerdos y un gobierno que est\u00e9 a la altura de los nuevos tiempos y las necesidades de la gente\u201d.<\/p>\n<p style=\"text-align: justify;\">Seg\u00fan Acevedo Auad, la consulta ciudadana de este s\u00e1bado 21 de agosto donde se medir\u00e1n los y las candidatas de Unidad Constituyente, es una oportunidad para que independientes y militantes de los partidos de Unidad Constituyente plante\u00e9 cu\u00e1l cree que es su mejor opci\u00f3n para enfrentar la primera vuelta presidencial y desde ah\u00ed crear acuerdos. \u201cAun cuando es dif\u00edcil pero no imposible que la derecha sea derrotada en Primera Vuelta, las fuerzas de izquierda, centro izquierda y centro deberemos encontrar la forma de aunar nuestra voluntades y disposici\u00f3n para crear un programa de gobierno que re\u00fana las mejores propuesta de Gabriel Boric, Daniel Jadue, Carlos Maldonado, Paula Narv\u00e1ez y Yasna Provoste. El rechazo al gobierno de Pi\u00f1era y a lo que \u00e9l representa, la crisis sanitaria, econ\u00f3mica y social que se avecina es suficiente raz\u00f3n para que nos unamos en las grandes coincidencias y no nos limiten las leg\u00edtimas diferencias o prejuicios\u201d.<\/p>\n<p style=\"text-align: justify;\">Finalmente, Karina Acevedo Auad, precandidata a diputada, dijo estar dispuesta para apoyar a cualquiera de los y las candidatas que gane este s\u00e1bado en la Consulta Ciudadana y que con la misma convicci\u00f3n luego de la primera vuelta al candidato o candidata de la izquierda que enfrente a la derecha. \u201cYo no me pierdo, el adversario es la derecha, los y las pol\u00edticas que no han hecho nada o muy poco por cambiar este sistema. Yo votar\u00e9 fiel a mis creencias y a la convicci\u00f3n que otro Chile es posible, que una naci\u00f3n m\u00e1s justa, con oportunidades para todos y todas no es s\u00f3lo posible sino es nuestra obligaci\u00f3n, donde no hayan m\u00e1s abusos o discriminaci\u00f3n, esos desaf\u00edos son los que deber\u00eda unir a la oposici\u00f3n y debiera albergar el pr\u00f3ximo gobierno, sea quien sea el o la presidenta si ese es su propuesta contar\u00e1 con el apoyo de esta diputada\u201d.<\/p>\n<\/div><\/section><\/div><div  style='height:50px' class='hr hr-invisible   avia-builder-el-6  el_after_av_one_full  el_before_av_social_share '><span class='hr-inner ' ><span class='hr-inner-style'><\/span><\/span><\/div><\/p>\n<div  class='av-social-sharing-box  avia-builder-el-7  el_after_av_hr  el_before_av_hr  '><div class='av-share-box'><h5 class='av-share-link-description av-no-toc '>Compartir esta noticia<\/h5><ul class='av-share-box-list noLightbox'><li class='av-share-link av-social-link-facebook' ><a target=\"_blank\" aria-label=\"Compartir en Facebook\" href='https:\/\/www.facebook.com\/sharer.php?u=https:\/\/radiorevelacionfm.cl\/?p=7612&#038;t=Precandidata%20a%20diputada%20invita%20a%20participar%20de%20la%20consulta%20ciudadana%20de%20este%20s%C3%A1bado' aria-hidden='false' data-av_icon='\ue8f3' data-av_iconfont='entypo-fontello' title='' data-avia-related-tooltip='Compartir en Facebook' rel=\"noopener\"><span class='avia_hidden_link_text'>Compartir en Facebook<\/span><\/a><\/li><li class='av-share-link av-social-link-twitter' ><a target=\"_blank\" aria-label=\"Compartir en Twitter\" href='https:\/\/twitter.com\/share?text=Precandidata%20a%20diputada%20invita%20a%20participar%20de%20la%20consulta%20ciudadana%20de%20este%20s%C3%A1bado&#038;url=https:\/\/radiorevelacionfm.cl\/?p=7612' aria-hidden='false' data-av_icon='\ue8f1' data-av_iconfont='entypo-fontello' title='' data-avia-related-tooltip='Compartir en Twitter' rel=\"noopener\"><span class='avia_hidden_link_text'>Compartir en Twitter<\/span><\/a><\/li><li class='av-share-link av-social-link-whatsapp' ><a target=\"_blank\" aria-label=\"Compartir en Whatsapp\" href='https:\/\/api.whatsapp.com\/send?text=https:\/\/radiorevelacionfm.cl\/?p=7612' aria-hidden='false' data-av_icon='\uf232' data-av_iconfont='entypo-fontello' title='' data-avia-related-tooltip='Compartir en Whatsapp' rel=\"noopener\"><span class='avia_hidden_link_text'>Compartir en Whatsapp<\/span><\/a><\/li><li class='av-share-link av-social-link-linkedin' ><a target=\"_blank\" aria-label=\"Compartir en LinkedIn\" href='https:\/\/linkedin.com\/shareArticle?mini=true&#038;title=Precandidata%20a%20diputada%20invita%20a%20participar%20de%20la%20consulta%20ciudadana%20de%20este%20s%C3%A1bado&#038;url=https:\/\/radiorevelacionfm.cl\/?p=7612' aria-hidden='false' data-av_icon='\ue8fc' data-av_iconfont='entypo-fontello' title='' data-avia-related-tooltip='Compartir en LinkedIn' rel=\"noopener\"><span class='avia_hidden_link_text'>Compartir en LinkedIn<\/span><\/a><\/li><li class='av-share-link av-social-link-mail' ><a  aria-label=\"Compartir por correo\" href='mailto:?subject=Precandidata%20a%20diputada%20invita%20a%20participar%20de%20la%20consulta%20ciudadana%20de%20este%20s%C3%A1bado&#038;body=https:\/\/radiorevelacionfm.cl\/?p=7612' aria-hidden='false' data-av_icon='\ue805' data-av_iconfont='entypo-fontello' title='' data-avia-related-tooltip='Compartir por correo'><span class='avia_hidden_link_text'>Compartir por correo<\/span><\/a><\/li><\/ul><\/div><\/div>\n<div  style='height:50px' class='hr hr-invisible   avia-builder-el-8  el_after_av_social_share  el_before_av_comments_list '><span class='hr-inner ' ><span class='hr-inner-style'><\/span><\/span><\/div>\n<div  class='av-buildercomment  av-blog-meta-html-info-disabled av-blog-meta-tag-disabled  '><\/div>\n","protected":false},"excerpt":{"rendered":"","protected":false},"author":1,"featured_media":7613,"comment_status":"open","ping_status":"open","sticky":false,"template":"","format":"standard","meta":{"footnotes":""},"categories":[35],"tags":[],"class_list":["post-7612","post","type-post","status-publish","format-standard","has-post-thumbnail","hentry","category-politica"],"jetpack_featured_media_url":"https:\/\/radiorevelacionfm.cl\/wp-content\/uploads\/2021\/08\/2-49-1_optimized.jpg","_links":{"self":[{"href":"https:\/\/radiorevelacionfm.cl\/index.php?rest_route=\/wp\/v2\/posts\/7612","targetHints":{"allow":["GET"]}}],"collection":[{"href":"https:\/\/radiorevelacionfm.cl\/index.php?rest_route=\/wp\/v2\/posts"}],"about":[{"href":"https:\/\/radiorevelacionfm.cl\/index.php?rest_route=\/wp\/v2\/types\/post"}],"author":[{"embeddable":true,"href":"https:\/\/radiorevelacionfm.cl\/index.php?rest_route=\/wp\/v2\/users\/1"}],"replies":[{"embeddable":true,"href":"https:\/\/radiorevelacionfm.cl\/index.php?rest_route=%2Fwp%2Fv2%2Fcomments&post=7612"}],"version-history":[{"count":2,"href":"https:\/\/radiorevelacionfm.cl\/index.php?rest_route=\/wp\/v2\/posts\/7612\/revisions"}],"predecessor-version":[{"id":7615,"href":"https:\/\/radiorevelacionfm.cl\/index.php?rest_route=\/wp\/v2\/posts\/7612\/revisions\/7615"}],"wp:featuredmedia":[{"embeddable":true,"href":"https:\/\/radiorevelacionfm.cl\/index.php?rest_route=\/wp\/v2\/media\/7613"}],"wp:attachment":[{"href":"https:\/\/radiorevelacionfm.cl\/index.php?rest_route=%2Fwp%2Fv2%2Fmedia&parent=7612"}],"wp:term":[{"taxonomy":"category","embeddable":true,"href":"https:\/\/radiorevelacionfm.cl\/index.php?rest_route=%2Fwp%2Fv2%2Fcategories&post=7612"},{"taxonomy":"post_tag","embeddable":true,"href":"https:\/\/radiorevelacionfm.cl\/index.php?rest_route=%2Fwp%2Fv2%2Ftags&post=7612"}],"curies":[{"name":"wp","href":"https:\/\/api.w.org\/{rel}","templated":true}]}}