{"id":7609,"date":"2021-08-18T16:32:14","date_gmt":"2021-08-18T19:32:14","guid":{"rendered":"https:\/\/radiorevelacionfm.cl\/?p=7609"},"modified":"2021-08-18T16:32:14","modified_gmt":"2021-08-18T19:32:14","slug":"sandoval-y-mediana-complejidad-del-hospital-de-puerto-aysen-es-un-compromiso-que-tiene-que-cumplirse","status":"publish","type":"post","link":"https:\/\/radiorevelacionfm.cl\/?p=7609","title":{"rendered":"Sandoval y mediana complejidad del hospital de Puerto Ays\u00e9n \u201cEs un compromiso que tiene que cumplirse\u201d"},"content":{"rendered":"<div class=\"flex_column av_one_full  flex_column_div av-zero-column-padding first  avia-builder-el-0  el_before_av_one_full  avia-builder-el-first  \" style='border-radius:0px; '><div  class='avia-image-container  av-styling-    avia-builder-el-1  avia-builder-el-no-sibling  avia-align-center '  itemprop=\"image\" itemscope=\"itemscope\" itemtype=\"https:\/\/schema.org\/ImageObject\"  ><div class='avia-image-container-inner'><div class='avia-image-overlay-wrap'><img decoding=\"async\" class='wp-image-7610 avia-img-lazy-loading-not-7610 avia_image' src=\"https:\/\/radiorevelacionfm.cl\/wp-content\/uploads\/2021\/08\/REUNION-CON-CONSEJO-LOCAL-DE-SALUD1-1-1.jpg\" alt='' title='REUNI\u00d3N CON CONSEJO LOCAL DE SALUD1 (1) (1)' height=\"600\" width=\"981\"  itemprop=\"thumbnailUrl\" srcset=\"https:\/\/radiorevelacionfm.cl\/wp-content\/uploads\/2021\/08\/REUNION-CON-CONSEJO-LOCAL-DE-SALUD1-1-1.jpg 981w, https:\/\/radiorevelacionfm.cl\/wp-content\/uploads\/2021\/08\/REUNION-CON-CONSEJO-LOCAL-DE-SALUD1-1-1-300x183.jpg 300w, https:\/\/radiorevelacionfm.cl\/wp-content\/uploads\/2021\/08\/REUNION-CON-CONSEJO-LOCAL-DE-SALUD1-1-1-768x470.jpg 768w, https:\/\/radiorevelacionfm.cl\/wp-content\/uploads\/2021\/08\/REUNION-CON-CONSEJO-LOCAL-DE-SALUD1-1-1-705x431.jpg 705w, https:\/\/radiorevelacionfm.cl\/wp-content\/uploads\/2021\/08\/REUNION-CON-CONSEJO-LOCAL-DE-SALUD1-1-1-600x367.jpg 600w\" sizes=\"(max-width: 981px) 100vw, 981px\" \/><\/div><\/div><\/div><\/div><div class=\"flex_column av_one_full  flex_column_div av-zero-column-padding first  avia-builder-el-2  el_after_av_one_full  el_before_av_one_full  column-top-margin\" style='border-radius:0px; '><section class=\"av_textblock_section \"  itemscope=\"itemscope\" itemtype=\"https:\/\/schema.org\/BlogPosting\" itemprop=\"blogPost\" ><div class='avia_textblock  '   itemprop=\"text\" ><p style=\"text-align: center;\"><strong><span style=\"font-size: 18pt;\">Sandoval y mediana complejidad del hospital de Puerto Ays\u00e9n \u201cEs un compromiso que tiene que cumplirse\u201d<\/span><\/strong><\/p>\n<div id=\"gtx-trans\" style=\"position: absolute; left: -50px; top: 4.31534px;\">\n<div class=\"gtx-trans-icon\"><\/div>\n<\/div>\n<\/div><\/section><\/div><div class=\"flex_column av_one_full  flex_column_div av-zero-column-padding first  avia-builder-el-4  el_after_av_one_full  el_before_av_hr  column-top-margin\" style='border-radius:0px; '><section class=\"av_textblock_section \"  itemscope=\"itemscope\" itemtype=\"https:\/\/schema.org\/BlogPosting\" itemprop=\"blogPost\" ><div class='avia_textblock  '   itemprop=\"text\" ><p style=\"text-align: justify;\">\u201cLa implementaci\u00f3n de la resoluci\u00f3n otorgada para la mediana complejidad es un anhelo que se ha dilatado desde hace mucho tiempo\u201d. De esta manera, el senador David Sandoval se refiri\u00f3 a la relevancia de poder avanzar en la implementaci\u00f3n de la mediana complejidad del Hospital de Puerto Ays\u00e9n.<\/p>\n<p style=\"text-align: justify;\">Lo anterior, en el marco de una reuni\u00f3n que sostuvo este martes con dirigentes del consejo local de salud, encabezados por Ximena Ruiz, y donde tambi\u00e9n particip\u00f3 el concejal Alejandro Soto. \u201cLos dirigentes nos plantean este tema como prioridad\u201d, se\u00f1al\u00f3 el parlamentario, quien se encuentra en su semana regional.<\/p>\n<p style=\"text-align: justify;\">Sandoval enfatiz\u00f3 que se deben cumplir los compromisos en relaci\u00f3n a este tema, recordando que esto ha sido planteado al propio ministro de Salud, Enrique Paris. \u201cHay un decreto de resoluci\u00f3n que establece esta mediana complejidad y lo que falta ahora es implementar, dot\u00e1ndolo de los medios tecnol\u00f3gicos, humanos, profesionales que se requieren. Esto lo hemos hablado con el ministro, quien est\u00e1 en conocimiento, lo mismo que las autoridades regionales\u201d, indic\u00f3.<\/p>\n<p style=\"text-align: justify;\">Tras el encuentro, los dirigentes entregaron una carta al legislador, a objeto ser entregada al propio Secretario de Estado. \u201cHoy (ayer) nos hemos comprometido, le llevo una carta que los dirigentes elaboraron, donde ellos plantean sus requerimientos, que se cumplan los compromisos que se han suscrito, que haya claridad en las resoluciones que se han tomado\u201d, explic\u00f3.<\/p>\n<p style=\"text-align: justify;\">El legislador indic\u00f3 que el paso siguiente es tratar de ver la posibilidad de que los propios dirigentes se re\u00fanan con el ministro Paris. \u201cSer\u00eda de una gran relevancia que ellos, que son los que llevan adelante este sue\u00f1o y anhelo, lleguen a hablar con el propio ministro, para que esto tenga un horizonte claro, fechas claras, calendarios claros, qu\u00e9 pasa con el esc\u00e1ner, qu\u00e9 pasa con la resoluci\u00f3n de esta mediana complejidad en forma y tiempo razonable\u201d, recalc\u00f3.<\/p>\n<p style=\"text-align: justify;\">\u201cMi total y absoluto compromiso con respecto a este esfuerzo e iniciativa. Es un compromiso que tiene que cumplirse\u201d, subray\u00f3.<\/p>\n<p style=\"text-align: justify;\">Por su parte, la presidenta del consejo de salud, Ximena Ruiz, indic\u00f3 que la idea del encuentro fue abordar el trabajo que se est\u00e1 haciendo como organizaci\u00f3n, y as\u00ed pedir apoyo para los proyectos que vienen por delante. \u201cConversamos sobre la mediana complejidad, proyecto muy anhelado por todos los vecinos y el tema del esc\u00e1ner, que es lo que nos impulsar\u00eda hacia la mediana complejidad\u201d, precis\u00f3.<\/p>\n<p style=\"text-align: justify;\">Por lo mismo, la dirigente destac\u00f3 que es \u201cimportante poder reunirnos con el senador, porque eso implica que s\u00ed hay un compromiso por parte de la autoridad con los dirigentes sociales con el tema de la salud en nuestra comuna\u201d, agregando que la idea ahora es seguir reuni\u00e9ndose con las autoridades \u201cy esperamos poder tener noticias positivas pronto para nuestros vecinos\u201d.<\/p>\n<p style=\"text-align: justify;\">Finalmente, el concejal Alejandro Soto, destac\u00f3 la disposici\u00f3n del parlamentario para abordar esta materia tan relevante, se\u00f1alando que \u00e9sta es una necesidad directa para la comuna. \u201cNo hemos tenido una respuesta (sobre el avance de la mediana complejidad) y el senador lo har\u00e1 presente al ministro de salud, lo que es un punto relevante a destacar. Con la concejala Silvia Klagges, estamos haciendo las gestiones para que esto se lleve a cabo y (tambi\u00e9n) en conjunto con la dirigente social Ximena Ruiz, con quien coordinamos esta reuni\u00f3n\u201d, se\u00f1al\u00f3.<\/p>\n<\/div><\/section><\/div><div  style='height:50px' class='hr hr-invisible   avia-builder-el-6  el_after_av_one_full  el_before_av_social_share '><span class='hr-inner ' ><span class='hr-inner-style'><\/span><\/span><\/div><\/p>\n<div  class='av-social-sharing-box  avia-builder-el-7  el_after_av_hr  el_before_av_hr  '><div class='av-share-box'><h5 class='av-share-link-description av-no-toc '>Compartir esta noticia<\/h5><ul class='av-share-box-list noLightbox'><li class='av-share-link av-social-link-facebook' ><a target=\"_blank\" aria-label=\"Compartir en Facebook\" href='https:\/\/www.facebook.com\/sharer.php?u=https:\/\/radiorevelacionfm.cl\/?p=7609&#038;t=Sandoval%20y%20mediana%20complejidad%20del%20hospital%20de%20Puerto%20Ays%C3%A9n%20%E2%80%9CEs%20un%20compromiso%20que%20tiene%20que%20cumplirse%E2%80%9D' aria-hidden='false' data-av_icon='\ue8f3' data-av_iconfont='entypo-fontello' title='' data-avia-related-tooltip='Compartir en Facebook' rel=\"noopener\"><span class='avia_hidden_link_text'>Compartir en Facebook<\/span><\/a><\/li><li class='av-share-link av-social-link-twitter' ><a target=\"_blank\" aria-label=\"Compartir en Twitter\" href='https:\/\/twitter.com\/share?text=Sandoval%20y%20mediana%20complejidad%20del%20hospital%20de%20Puerto%20Ays%C3%A9n%20%E2%80%9CEs%20un%20compromiso%20que%20tiene%20que%20cumplirse%E2%80%9D&#038;url=https:\/\/radiorevelacionfm.cl\/?p=7609' aria-hidden='false' data-av_icon='\ue8f1' data-av_iconfont='entypo-fontello' title='' data-avia-related-tooltip='Compartir en Twitter' rel=\"noopener\"><span class='avia_hidden_link_text'>Compartir en Twitter<\/span><\/a><\/li><li class='av-share-link av-social-link-whatsapp' ><a target=\"_blank\" aria-label=\"Compartir en Whatsapp\" href='https:\/\/api.whatsapp.com\/send?text=https:\/\/radiorevelacionfm.cl\/?p=7609' aria-hidden='false' data-av_icon='\uf232' data-av_iconfont='entypo-fontello' title='' data-avia-related-tooltip='Compartir en Whatsapp' rel=\"noopener\"><span class='avia_hidden_link_text'>Compartir en Whatsapp<\/span><\/a><\/li><li class='av-share-link av-social-link-linkedin' ><a target=\"_blank\" aria-label=\"Compartir en LinkedIn\" href='https:\/\/linkedin.com\/shareArticle?mini=true&#038;title=Sandoval%20y%20mediana%20complejidad%20del%20hospital%20de%20Puerto%20Ays%C3%A9n%20%E2%80%9CEs%20un%20compromiso%20que%20tiene%20que%20cumplirse%E2%80%9D&#038;url=https:\/\/radiorevelacionfm.cl\/?p=7609' aria-hidden='false' data-av_icon='\ue8fc' data-av_iconfont='entypo-fontello' title='' data-avia-related-tooltip='Compartir en LinkedIn' rel=\"noopener\"><span class='avia_hidden_link_text'>Compartir en LinkedIn<\/span><\/a><\/li><li class='av-share-link av-social-link-mail' ><a  aria-label=\"Compartir por correo\" href='mailto:?subject=Sandoval%20y%20mediana%20complejidad%20del%20hospital%20de%20Puerto%20Ays%C3%A9n%20%E2%80%9CEs%20un%20compromiso%20que%20tiene%20que%20cumplirse%E2%80%9D&#038;body=https:\/\/radiorevelacionfm.cl\/?p=7609' aria-hidden='false' data-av_icon='\ue805' data-av_iconfont='entypo-fontello' title='' data-avia-related-tooltip='Compartir por correo'><span class='avia_hidden_link_text'>Compartir por correo<\/span><\/a><\/li><\/ul><\/div><\/div>\n<div  style='height:50px' class='hr hr-invisible   avia-builder-el-8  el_after_av_social_share  el_before_av_comments_list '><span class='hr-inner ' ><span class='hr-inner-style'><\/span><\/span><\/div>\n<div  class='av-buildercomment  av-blog-meta-html-info-disabled av-blog-meta-tag-disabled  '><\/div>\n","protected":false},"excerpt":{"rendered":"","protected":false},"author":1,"featured_media":7610,"comment_status":"open","ping_status":"open","sticky":false,"template":"","format":"standard","meta":{"footnotes":""},"categories":[35],"tags":[],"class_list":["post-7609","post","type-post","status-publish","format-standard","has-post-thumbnail","hentry","category-politica"],"jetpack_featured_media_url":"https:\/\/radiorevelacionfm.cl\/wp-content\/uploads\/2021\/08\/REUNION-CON-CONSEJO-LOCAL-DE-SALUD1-1-1.jpg","_links":{"self":[{"href":"https:\/\/radiorevelacionfm.cl\/index.php?rest_route=\/wp\/v2\/posts\/7609","targetHints":{"allow":["GET"]}}],"collection":[{"href":"https:\/\/radiorevelacionfm.cl\/index.php?rest_route=\/wp\/v2\/posts"}],"about":[{"href":"https:\/\/radiorevelacionfm.cl\/index.php?rest_route=\/wp\/v2\/types\/post"}],"author":[{"embeddable":true,"href":"https:\/\/radiorevelacionfm.cl\/index.php?rest_route=\/wp\/v2\/users\/1"}],"replies":[{"embeddable":true,"href":"https:\/\/radiorevelacionfm.cl\/index.php?rest_route=%2Fwp%2Fv2%2Fcomments&post=7609"}],"version-history":[{"count":1,"href":"https:\/\/radiorevelacionfm.cl\/index.php?rest_route=\/wp\/v2\/posts\/7609\/revisions"}],"predecessor-version":[{"id":7611,"href":"https:\/\/radiorevelacionfm.cl\/index.php?rest_route=\/wp\/v2\/posts\/7609\/revisions\/7611"}],"wp:featuredmedia":[{"embeddable":true,"href":"https:\/\/radiorevelacionfm.cl\/index.php?rest_route=\/wp\/v2\/media\/7610"}],"wp:attachment":[{"href":"https:\/\/radiorevelacionfm.cl\/index.php?rest_route=%2Fwp%2Fv2%2Fmedia&parent=7609"}],"wp:term":[{"taxonomy":"category","embeddable":true,"href":"https:\/\/radiorevelacionfm.cl\/index.php?rest_route=%2Fwp%2Fv2%2Fcategories&post=7609"},{"taxonomy":"post_tag","embeddable":true,"href":"https:\/\/radiorevelacionfm.cl\/index.php?rest_route=%2Fwp%2Fv2%2Ftags&post=7609"}],"curies":[{"name":"wp","href":"https:\/\/api.w.org\/{rel}","templated":true}]}}