{"id":7605,"date":"2021-08-18T16:00:21","date_gmt":"2021-08-18T19:00:21","guid":{"rendered":"https:\/\/radiorevelacionfm.cl\/?p=7605"},"modified":"2021-08-18T16:00:21","modified_gmt":"2021-08-18T19:00:21","slug":"convocan-a-expertos-para-colaborar-en-integracion-de-parque-cerro-castillo-y-vicente-perez-rosales-a-estandar-internacional-de-conservacion","status":"publish","type":"post","link":"https:\/\/radiorevelacionfm.cl\/?p=7605","title":{"rendered":"Convocan a expertos para colaborar en integraci\u00f3n de Parque Cerro Castillo y Vicente P\u00e9rez Rosales a est\u00e1ndar internacional de conservaci\u00f3n"},"content":{"rendered":"<div class=\"flex_column av_one_full  flex_column_div av-zero-column-padding first  avia-builder-el-0  el_before_av_one_full  avia-builder-el-first  \" style='border-radius:0px; '><div  class='avia-image-container  av-styling-    avia-builder-el-1  avia-builder-el-no-sibling  avia-align-center '  itemprop=\"image\" itemscope=\"itemscope\" itemtype=\"https:\/\/schema.org\/ImageObject\"  ><div class='avia-image-container-inner'><div class='avia-image-overlay-wrap'><img decoding=\"async\" class='wp-image-7606 avia-img-lazy-loading-not-7606 avia_image' src=\"https:\/\/radiorevelacionfm.cl\/wp-content\/uploads\/2021\/08\/pn-cerro-castillo2_51385058074-1-1.jpg\" alt='' title='pn-cerro-castillo2_51385058074 (1) (1)' height=\"600\" width=\"800\"  itemprop=\"thumbnailUrl\" srcset=\"https:\/\/radiorevelacionfm.cl\/wp-content\/uploads\/2021\/08\/pn-cerro-castillo2_51385058074-1-1.jpg 800w, https:\/\/radiorevelacionfm.cl\/wp-content\/uploads\/2021\/08\/pn-cerro-castillo2_51385058074-1-1-300x225.jpg 300w, https:\/\/radiorevelacionfm.cl\/wp-content\/uploads\/2021\/08\/pn-cerro-castillo2_51385058074-1-1-768x576.jpg 768w, https:\/\/radiorevelacionfm.cl\/wp-content\/uploads\/2021\/08\/pn-cerro-castillo2_51385058074-1-1-705x529.jpg 705w, https:\/\/radiorevelacionfm.cl\/wp-content\/uploads\/2021\/08\/pn-cerro-castillo2_51385058074-1-1-600x450.jpg 600w\" sizes=\"(max-width: 800px) 100vw, 800px\" \/><\/div><\/div><\/div><\/div>\n<div class=\"flex_column av_one_full  flex_column_div av-zero-column-padding first  avia-builder-el-2  el_after_av_one_full  el_before_av_one_full  column-top-margin\" style='border-radius:0px; '><section class=\"av_textblock_section \"  itemscope=\"itemscope\" itemtype=\"https:\/\/schema.org\/BlogPosting\" itemprop=\"blogPost\" ><div class='avia_textblock  '   itemprop=\"text\" ><p style=\"text-align: center;\"><strong><span style=\"font-size: 18pt;\">Convocan a expertos para colaborar en integraci\u00f3n de Parque Cerro Castillo y Vicente P\u00e9rez Rosales a est\u00e1ndar internacional de conservaci\u00f3n<\/span><\/strong><\/p>\n<div id=\"gtx-trans\" style=\"position: absolute; left: -50px; top: 4.31534px;\">\n<div class=\"gtx-trans-icon\"><\/div>\n<\/div>\n<\/div><\/section><\/div><div class=\"flex_column av_one_full  flex_column_div av-zero-column-padding first  avia-builder-el-4  el_after_av_one_full  el_before_av_hr  column-top-margin\" style='border-radius:0px; '><section class=\"av_textblock_section \"  itemscope=\"itemscope\" itemtype=\"https:\/\/schema.org\/BlogPosting\" itemprop=\"blogPost\" ><div class='avia_textblock  '   itemprop=\"text\" ><p style=\"text-align: justify;\">Un nuevo paso relevante en el proceso del ingreso de los parques nacionales Vicente P\u00e9rez Rosales, de la Regi\u00f3n de Los Lagos, y Cerro Castillo, de la Regi\u00f3n de Ays\u00e9n, a la Lista Verde de la Uni\u00f3n Internacional para la Conservaci\u00f3n de la Naturaleza (UICN), se dio ahora al oficializar la convocatoria para conformar el Grupo de Expertos y Expertas para la Lista Verde (EAGL por su sigla en ingl\u00e9s).<\/p>\n<p style=\"text-align: justify;\">La Lista Verde de \u00c1reas Protegidas y Conservadas de la UICN es una herramienta que busca mejorar la gesti\u00f3n de las \u00e1reas protegidas para lograr resultados efectivos en la conservaci\u00f3n de la naturaleza, con los beneficios que esto implica para la gente. Inherente a esta herramienta es la consecuci\u00f3n de objetivos sociales, econ\u00f3micos y culturales, articulados con la misi\u00f3n de la UICN:\u00a0Un mundo justo que valora y conserva la naturaleza.<\/p>\n<p style=\"text-align: justify;\">El Grupo de Expertos y Expertas es un equipo de revisores o revisoras independientes, quienes desarrollan un trabajo voluntario, y son competentes para determinar si un \u00e1rea cumple con los indicadores y requisitos de base que se hayan aprobado. Tiene independencia y autonom\u00eda en sus decisiones, para garantizar la objetividad y el rigor en la evaluaci\u00f3n.<\/p>\n<p style=\"text-align: justify;\">Este proceso, formalizado en abril pasado, se concreta hoy con este importante paso que es la conformaci\u00f3n de este grupo de expertos. Se invita a las personas interesadas a presentar sus solicitudes antes del 3 de septiembre de 2021 a trav\u00e9s de la p\u00e1gina web oficial, <a href=\"http:\/\/iucn.force.com\/EAGLapplication\">http:\/\/iucn.force.com\/EAGLapplication<\/a>. Este enlace lleva a un formulario en l\u00ednea.<\/p>\n<p style=\"text-align: justify;\">Para el director ejecutivo de CONAF, Rodrigo Munita, el integrar dos parques nacionales a la Lista Verde de la UICN, responde \u201cal compromiso de aumentar los est\u00e1ndares de nuestras \u00e1reas protegidas, lo que se refleja tambi\u00e9n en la iniciativa de Grandes Parques Bicentenarios, donde la meta es tener un parque nacional por regi\u00f3n con est\u00e1ndares internacionales en conservaci\u00f3n, pero tambi\u00e9n en turismo sustentable, y lo que estamos haciendo, junto a Pew y el Programa Austral Patagonia de la Universidad Austral de Chile, en las \u00e1reas protegidas de la Patagonia, donde tambi\u00e9n cumple una gran labor la Fundaci\u00f3n Tompkins Conservation\u201d.<\/p>\n<p style=\"text-align: justify;\">Es importante destacar que este nuevo compromiso refuerza el liderazgo de Chile en conservaci\u00f3n\u00a0por su reconocida capacidad y voluntad de crear nuevas \u00e1reas protegidas. Solo desde 2017 a la fecha, por ejemplo, se han creado seis parques nacionales, sumando casi 3.8 millones de nuevas hect\u00e1reas (casi el tama\u00f1o de Suiza) al SNASPE.\u00a0En cifras globales, m\u00e1s del 21% de la tierra y del 40% del mar\u00a0del pa\u00eds,\u00a0se encuentran bajo alguna figura de conservaci\u00f3n, siendo Chile un pa\u00eds que avanza significativamente en el cumplimiento de las actuales metas internacionales\u00a0propuestas en el\u00a0Convenio por la Diversidad Biol\u00f3gica (CBD)-Aichi.<\/p>\n<p style=\"text-align: justify;\">La implementaci\u00f3n de Lista Verde en Chile cuenta con el apoyo t\u00e9cnico y de financiamiento de The Pew Charitable Trusts y el Programa Austral Patagonia de la Universidad Austral de Chile, entidades que trabajan\u202fdesde hace\u202fa\u00f1os\u202fde manera colaborativa con CONAF en la mejora de\u202fgesti\u00f3n las \u00e1reas protegidas del Estado\u202fen la Patagonia chilena.<\/p>\n<\/div><\/section><\/div><\/p>\n<div  style='height:50px' class='hr hr-invisible   avia-builder-el-6  el_after_av_one_full  el_before_av_social_share '><span class='hr-inner ' ><span class='hr-inner-style'><\/span><\/span><\/div>\n<div  class='av-social-sharing-box  avia-builder-el-7  el_after_av_hr  el_before_av_hr  '><div class='av-share-box'><h5 class='av-share-link-description av-no-toc '>Compartir esta noticia<\/h5><ul class='av-share-box-list noLightbox'><li class='av-share-link av-social-link-facebook' ><a target=\"_blank\" aria-label=\"Compartir en Facebook\" href='https:\/\/www.facebook.com\/sharer.php?u=https:\/\/radiorevelacionfm.cl\/?p=7605&#038;t=Convocan%20a%20expertos%20para%20colaborar%20en%20integraci%C3%B3n%20de%20Parque%20Cerro%20Castillo%20y%20Vicente%20P%C3%A9rez%20Rosales%20a%20est%C3%A1ndar%20internacional%20de%20conservaci%C3%B3n' aria-hidden='false' data-av_icon='\ue8f3' data-av_iconfont='entypo-fontello' title='' data-avia-related-tooltip='Compartir en Facebook' rel=\"noopener\"><span class='avia_hidden_link_text'>Compartir en Facebook<\/span><\/a><\/li><li class='av-share-link av-social-link-twitter' ><a target=\"_blank\" aria-label=\"Compartir en Twitter\" href='https:\/\/twitter.com\/share?text=Convocan%20a%20expertos%20para%20colaborar%20en%20integraci%C3%B3n%20de%20Parque%20Cerro%20Castillo%20y%20Vicente%20P%C3%A9rez%20Rosales%20a%20est%C3%A1ndar%20internacional%20de%20conservaci%C3%B3n&#038;url=https:\/\/radiorevelacionfm.cl\/?p=7605' aria-hidden='false' data-av_icon='\ue8f1' data-av_iconfont='entypo-fontello' title='' data-avia-related-tooltip='Compartir en Twitter' rel=\"noopener\"><span class='avia_hidden_link_text'>Compartir en Twitter<\/span><\/a><\/li><li class='av-share-link av-social-link-whatsapp' ><a target=\"_blank\" aria-label=\"Compartir en Whatsapp\" href='https:\/\/api.whatsapp.com\/send?text=https:\/\/radiorevelacionfm.cl\/?p=7605' aria-hidden='false' data-av_icon='\uf232' data-av_iconfont='entypo-fontello' title='' data-avia-related-tooltip='Compartir en Whatsapp' rel=\"noopener\"><span class='avia_hidden_link_text'>Compartir en Whatsapp<\/span><\/a><\/li><li class='av-share-link av-social-link-linkedin' ><a target=\"_blank\" aria-label=\"Compartir en LinkedIn\" href='https:\/\/linkedin.com\/shareArticle?mini=true&#038;title=Convocan%20a%20expertos%20para%20colaborar%20en%20integraci%C3%B3n%20de%20Parque%20Cerro%20Castillo%20y%20Vicente%20P%C3%A9rez%20Rosales%20a%20est%C3%A1ndar%20internacional%20de%20conservaci%C3%B3n&#038;url=https:\/\/radiorevelacionfm.cl\/?p=7605' aria-hidden='false' data-av_icon='\ue8fc' data-av_iconfont='entypo-fontello' title='' data-avia-related-tooltip='Compartir en LinkedIn' rel=\"noopener\"><span class='avia_hidden_link_text'>Compartir en LinkedIn<\/span><\/a><\/li><li class='av-share-link av-social-link-mail' ><a  aria-label=\"Compartir por correo\" href='mailto:?subject=Convocan%20a%20expertos%20para%20colaborar%20en%20integraci%C3%B3n%20de%20Parque%20Cerro%20Castillo%20y%20Vicente%20P%C3%A9rez%20Rosales%20a%20est%C3%A1ndar%20internacional%20de%20conservaci%C3%B3n&#038;body=https:\/\/radiorevelacionfm.cl\/?p=7605' aria-hidden='false' data-av_icon='\ue805' data-av_iconfont='entypo-fontello' title='' data-avia-related-tooltip='Compartir por correo'><span class='avia_hidden_link_text'>Compartir por correo<\/span><\/a><\/li><\/ul><\/div><\/div>\n<div  style='height:50px' class='hr hr-invisible   avia-builder-el-8  el_after_av_social_share  el_before_av_comments_list '><span class='hr-inner ' ><span class='hr-inner-style'><\/span><\/span><\/div>\n<div  class='av-buildercomment  av-blog-meta-html-info-disabled av-blog-meta-tag-disabled  '><\/div>\n","protected":false},"excerpt":{"rendered":"","protected":false},"author":1,"featured_media":7606,"comment_status":"open","ping_status":"open","sticky":false,"template":"","format":"standard","meta":{"footnotes":""},"categories":[54],"tags":[],"class_list":["post-7605","post","type-post","status-publish","format-standard","has-post-thumbnail","hentry","category-turismo"],"jetpack_featured_media_url":"https:\/\/radiorevelacionfm.cl\/wp-content\/uploads\/2021\/08\/pn-cerro-castillo2_51385058074-1-1.jpg","_links":{"self":[{"href":"https:\/\/radiorevelacionfm.cl\/index.php?rest_route=\/wp\/v2\/posts\/7605","targetHints":{"allow":["GET"]}}],"collection":[{"href":"https:\/\/radiorevelacionfm.cl\/index.php?rest_route=\/wp\/v2\/posts"}],"about":[{"href":"https:\/\/radiorevelacionfm.cl\/index.php?rest_route=\/wp\/v2\/types\/post"}],"author":[{"embeddable":true,"href":"https:\/\/radiorevelacionfm.cl\/index.php?rest_route=\/wp\/v2\/users\/1"}],"replies":[{"embeddable":true,"href":"https:\/\/radiorevelacionfm.cl\/index.php?rest_route=%2Fwp%2Fv2%2Fcomments&post=7605"}],"version-history":[{"count":2,"href":"https:\/\/radiorevelacionfm.cl\/index.php?rest_route=\/wp\/v2\/posts\/7605\/revisions"}],"predecessor-version":[{"id":7608,"href":"https:\/\/radiorevelacionfm.cl\/index.php?rest_route=\/wp\/v2\/posts\/7605\/revisions\/7608"}],"wp:featuredmedia":[{"embeddable":true,"href":"https:\/\/radiorevelacionfm.cl\/index.php?rest_route=\/wp\/v2\/media\/7606"}],"wp:attachment":[{"href":"https:\/\/radiorevelacionfm.cl\/index.php?rest_route=%2Fwp%2Fv2%2Fmedia&parent=7605"}],"wp:term":[{"taxonomy":"category","embeddable":true,"href":"https:\/\/radiorevelacionfm.cl\/index.php?rest_route=%2Fwp%2Fv2%2Fcategories&post=7605"},{"taxonomy":"post_tag","embeddable":true,"href":"https:\/\/radiorevelacionfm.cl\/index.php?rest_route=%2Fwp%2Fv2%2Ftags&post=7605"}],"curies":[{"name":"wp","href":"https:\/\/api.w.org\/{rel}","templated":true}]}}