{"id":7601,"date":"2021-08-18T11:46:15","date_gmt":"2021-08-18T14:46:15","guid":{"rendered":"https:\/\/radiorevelacionfm.cl\/?p=7601"},"modified":"2021-08-18T11:46:15","modified_gmt":"2021-08-18T14:46:15","slug":"en-aysen-buscan-fortalecer-las-redes-de-apoyo-para-pacientes-trasladados-de-la-comuna","status":"publish","type":"post","link":"https:\/\/radiorevelacionfm.cl\/?p=7601","title":{"rendered":"En Ays\u00e9n buscan fortalecer las redes de apoyo para pacientes trasladados de la comuna"},"content":{"rendered":"<div class=\"flex_column av_one_full  flex_column_div av-zero-column-padding first  avia-builder-el-0  el_before_av_one_full  avia-builder-el-first  \" style='border-radius:0px; '><div  class='avia-image-container  av-styling-    avia-builder-el-1  avia-builder-el-no-sibling  avia-align-center '  itemprop=\"image\" itemscope=\"itemscope\" itemtype=\"https:\/\/schema.org\/ImageObject\"  ><div class='avia-image-container-inner'><div class='avia-image-overlay-wrap'><img decoding=\"async\" class='wp-image-7602 avia-img-lazy-loading-not-7602 avia_image' src=\"https:\/\/radiorevelacionfm.cl\/wp-content\/uploads\/2021\/08\/img-pacientesMuniaysen-1.jpeg\" alt='' title='img-pacientesMuniaysen (1)' height=\"586\" width=\"1024\"  itemprop=\"thumbnailUrl\" srcset=\"https:\/\/radiorevelacionfm.cl\/wp-content\/uploads\/2021\/08\/img-pacientesMuniaysen-1.jpeg 1024w, https:\/\/radiorevelacionfm.cl\/wp-content\/uploads\/2021\/08\/img-pacientesMuniaysen-1-300x172.jpeg 300w, https:\/\/radiorevelacionfm.cl\/wp-content\/uploads\/2021\/08\/img-pacientesMuniaysen-1-768x440.jpeg 768w, https:\/\/radiorevelacionfm.cl\/wp-content\/uploads\/2021\/08\/img-pacientesMuniaysen-1-705x403.jpeg 705w, https:\/\/radiorevelacionfm.cl\/wp-content\/uploads\/2021\/08\/img-pacientesMuniaysen-1-600x343.jpeg 600w\" sizes=\"(max-width: 1024px) 100vw, 1024px\" \/><\/div><\/div><\/div><\/div><div class=\"flex_column av_one_full  flex_column_div av-zero-column-padding first  avia-builder-el-2  el_after_av_one_full  el_before_av_one_full  column-top-margin\" style='border-radius:0px; '><section class=\"av_textblock_section \"  itemscope=\"itemscope\" itemtype=\"https:\/\/schema.org\/BlogPosting\" itemprop=\"blogPost\" ><div class='avia_textblock  '   itemprop=\"text\" ><p style=\"text-align: center;\"><strong><span style=\"font-size: 18pt;\">En Ays\u00e9n buscan fortalecer las redes de apoyo para pacientes trasladados de la comuna<\/span><\/strong><\/p>\n<div id=\"gtx-trans\" style=\"position: absolute; left: -50px; top: 4.31534px;\">\n<div class=\"gtx-trans-icon\"><\/div>\n<\/div>\n<\/div><\/section><\/div><div class=\"flex_column av_one_full  flex_column_div av-zero-column-padding first  avia-builder-el-4  el_after_av_one_full  el_before_av_hr  column-top-margin\" style='border-radius:0px; '><section class=\"av_textblock_section \"  itemscope=\"itemscope\" itemtype=\"https:\/\/schema.org\/BlogPosting\" itemprop=\"blogPost\" ><div class='avia_textblock  '   itemprop=\"text\" ><p style=\"text-align: justify;\">Ante las dificultades que presentan hoy en d\u00eda los vecinos y vecinas de la comuna de Ays\u00e9n que deben trasladarse desde el territorio hasta la capital regional o bien, a otros puntos del territorio nacional para recuperar su condici\u00f3n de salud. El Alcalde, Julio Uribe Alvarado, se reuni\u00f3 en compa\u00f1\u00eda de la concejala, Tatiana Villarroel y el director de Desarrollo Comunitario, Mauricio Jaque, con la coordinadora de la Agrupaci\u00f3n de Pacientes Trasladados de Ays\u00e9n. Esto con motivo de abordar el actual escenario y proyectar una posici\u00f3n de colaboraci\u00f3n desde el municipio a la organizaci\u00f3n sin fines de lucro.<\/p>\n<p style=\"text-align: justify;\">Al respecto, la primera autoridad comunal, Julio Uribe Alvarado, indic\u00f3 que la reuni\u00f3n sostenida se gener\u00f3 a ra\u00edz de una situaci\u00f3n informada por la concejala Villarroel en la cual se expusieron una serie de hechos que finalmente se traduc\u00edan en una dificultad para los vecinos de acceder a distintas casas de acogida, ellos y sus familias, \u201crecordar de que este convenio lleva muchos a\u00f1os sin firmarse, la administraci\u00f3n anterior no quiso firmar este convenio\u201d.<\/p>\n<p style=\"text-align: justify;\">A\u00f1adiendo que \u201cpor lo tanto, nosotros a un mes de nuestra gesti\u00f3n nos han informado esta situaci\u00f3n lo cual me lleva a hacer una modificaci\u00f3n presupuestaria. Espero que el Concejo Municipal apruebe esta modificaci\u00f3n para ir en la firma del convenio para apoyar a esta organizaci\u00f3n de pacientes trasladados y tener el privilegio de que nuestros vecinos y vecinas puedan tener este apoyo\u201d. Igualmente, el l\u00edder comunal valor\u00f3 la disposici\u00f3n existente por la coordinadora de la agrupaci\u00f3n para sacar adelante el respectivo convenio de colaboraci\u00f3n con el Municipio de Ays\u00e9n.<\/p>\n<p style=\"text-align: justify;\">Por su parte, la concejala Tatiana Villarroel, explic\u00f3 que tras participar de una instancia junto a los pacientes conoci\u00f3 que exist\u00eda una situaci\u00f3n que deb\u00eda tratarse a la brevedad, \u201cas\u00ed es que finalizada esta reuni\u00f3n, me dispuse a hablar con el alcalde quien acogi\u00f3 inmediatamente la situaci\u00f3n de manera positiva. Nos comunicamos con con Johana Hern\u00e1ndez, sostuvo una reuni\u00f3n con ella y sale una respuesta positiva y esperanzadora para todos nuestros amigos que ocupan estas casas de acogida\u201d. Por lo que, la integrante del Concejo Municipal valor\u00f3 positivamente el respaldo otorgado por el alcalde Uribe en esta tem\u00e1tica que aqueja a la comunidad.<\/p>\n<p style=\"text-align: justify;\">Finalmente, la coordinadora de la Agrupaci\u00f3n de Pacientes Trasladados, Johana Hern\u00e1ndez, destac\u00f3 la importancia de sostener este encuentro con el Edil y la concejala en beneficio de la comunidad aysenina para que los vecinos y vecinas de la comuna puedan contar con las casas de acogida que posee la agrupaci\u00f3n en Coyhaique, Valdivia y Santiago. Cabe destacar que, la labor que efect\u00faa la organizaci\u00f3n apoya a todos los pacientes, independiente de su patolog\u00eda, que deban recurrir al traslado como parte de su tratamiento.<\/p>\n<\/div><\/section><\/div><div  style='height:50px' class='hr hr-invisible   avia-builder-el-6  el_after_av_one_full  el_before_av_social_share '><span class='hr-inner ' ><span class='hr-inner-style'><\/span><\/span><\/div><\/p>\n<div  class='av-social-sharing-box  avia-builder-el-7  el_after_av_hr  el_before_av_hr  '><div class='av-share-box'><h5 class='av-share-link-description av-no-toc '>Compartir esta noticia<\/h5><ul class='av-share-box-list noLightbox'><li class='av-share-link av-social-link-facebook' ><a target=\"_blank\" aria-label=\"Compartir en Facebook\" href='https:\/\/www.facebook.com\/sharer.php?u=https:\/\/radiorevelacionfm.cl\/?p=7601&#038;t=En%20Ays%C3%A9n%20buscan%20fortalecer%20las%20redes%20de%20apoyo%20para%20pacientes%20trasladados%20de%20la%20comuna' aria-hidden='false' data-av_icon='\ue8f3' data-av_iconfont='entypo-fontello' title='' data-avia-related-tooltip='Compartir en Facebook' rel=\"noopener\"><span class='avia_hidden_link_text'>Compartir en Facebook<\/span><\/a><\/li><li class='av-share-link av-social-link-twitter' ><a target=\"_blank\" aria-label=\"Compartir en Twitter\" href='https:\/\/twitter.com\/share?text=En%20Ays%C3%A9n%20buscan%20fortalecer%20las%20redes%20de%20apoyo%20para%20pacientes%20trasladados%20de%20la%20comuna&#038;url=https:\/\/radiorevelacionfm.cl\/?p=7601' aria-hidden='false' data-av_icon='\ue8f1' data-av_iconfont='entypo-fontello' title='' data-avia-related-tooltip='Compartir en Twitter' rel=\"noopener\"><span class='avia_hidden_link_text'>Compartir en Twitter<\/span><\/a><\/li><li class='av-share-link av-social-link-whatsapp' ><a target=\"_blank\" aria-label=\"Compartir en Whatsapp\" href='https:\/\/api.whatsapp.com\/send?text=https:\/\/radiorevelacionfm.cl\/?p=7601' aria-hidden='false' data-av_icon='\uf232' data-av_iconfont='entypo-fontello' title='' data-avia-related-tooltip='Compartir en Whatsapp' rel=\"noopener\"><span class='avia_hidden_link_text'>Compartir en Whatsapp<\/span><\/a><\/li><li class='av-share-link av-social-link-linkedin' ><a target=\"_blank\" aria-label=\"Compartir en LinkedIn\" href='https:\/\/linkedin.com\/shareArticle?mini=true&#038;title=En%20Ays%C3%A9n%20buscan%20fortalecer%20las%20redes%20de%20apoyo%20para%20pacientes%20trasladados%20de%20la%20comuna&#038;url=https:\/\/radiorevelacionfm.cl\/?p=7601' aria-hidden='false' data-av_icon='\ue8fc' data-av_iconfont='entypo-fontello' title='' data-avia-related-tooltip='Compartir en LinkedIn' rel=\"noopener\"><span class='avia_hidden_link_text'>Compartir en LinkedIn<\/span><\/a><\/li><li class='av-share-link av-social-link-mail' ><a  aria-label=\"Compartir por correo\" href='mailto:?subject=En%20Ays%C3%A9n%20buscan%20fortalecer%20las%20redes%20de%20apoyo%20para%20pacientes%20trasladados%20de%20la%20comuna&#038;body=https:\/\/radiorevelacionfm.cl\/?p=7601' aria-hidden='false' data-av_icon='\ue805' data-av_iconfont='entypo-fontello' title='' data-avia-related-tooltip='Compartir por correo'><span class='avia_hidden_link_text'>Compartir por correo<\/span><\/a><\/li><\/ul><\/div><\/div>\n<div  style='height:50px' class='hr hr-invisible   avia-builder-el-8  el_after_av_social_share  el_before_av_comments_list '><span class='hr-inner ' ><span class='hr-inner-style'><\/span><\/span><\/div>\n<div  class='av-buildercomment  av-blog-meta-html-info-disabled av-blog-meta-tag-disabled  '><\/div>\n","protected":false},"excerpt":{"rendered":"","protected":false},"author":1,"featured_media":7602,"comment_status":"open","ping_status":"open","sticky":false,"template":"","format":"standard","meta":{"footnotes":""},"categories":[38],"tags":[],"class_list":["post-7601","post","type-post","status-publish","format-standard","has-post-thumbnail","hentry","category-regional"],"jetpack_featured_media_url":"https:\/\/radiorevelacionfm.cl\/wp-content\/uploads\/2021\/08\/img-pacientesMuniaysen-1.jpeg","_links":{"self":[{"href":"https:\/\/radiorevelacionfm.cl\/index.php?rest_route=\/wp\/v2\/posts\/7601","targetHints":{"allow":["GET"]}}],"collection":[{"href":"https:\/\/radiorevelacionfm.cl\/index.php?rest_route=\/wp\/v2\/posts"}],"about":[{"href":"https:\/\/radiorevelacionfm.cl\/index.php?rest_route=\/wp\/v2\/types\/post"}],"author":[{"embeddable":true,"href":"https:\/\/radiorevelacionfm.cl\/index.php?rest_route=\/wp\/v2\/users\/1"}],"replies":[{"embeddable":true,"href":"https:\/\/radiorevelacionfm.cl\/index.php?rest_route=%2Fwp%2Fv2%2Fcomments&post=7601"}],"version-history":[{"count":1,"href":"https:\/\/radiorevelacionfm.cl\/index.php?rest_route=\/wp\/v2\/posts\/7601\/revisions"}],"predecessor-version":[{"id":7603,"href":"https:\/\/radiorevelacionfm.cl\/index.php?rest_route=\/wp\/v2\/posts\/7601\/revisions\/7603"}],"wp:featuredmedia":[{"embeddable":true,"href":"https:\/\/radiorevelacionfm.cl\/index.php?rest_route=\/wp\/v2\/media\/7602"}],"wp:attachment":[{"href":"https:\/\/radiorevelacionfm.cl\/index.php?rest_route=%2Fwp%2Fv2%2Fmedia&parent=7601"}],"wp:term":[{"taxonomy":"category","embeddable":true,"href":"https:\/\/radiorevelacionfm.cl\/index.php?rest_route=%2Fwp%2Fv2%2Fcategories&post=7601"},{"taxonomy":"post_tag","embeddable":true,"href":"https:\/\/radiorevelacionfm.cl\/index.php?rest_route=%2Fwp%2Fv2%2Ftags&post=7601"}],"curies":[{"name":"wp","href":"https:\/\/api.w.org\/{rel}","templated":true}]}}