{"id":7590,"date":"2021-08-18T10:22:11","date_gmt":"2021-08-18T13:22:11","guid":{"rendered":"https:\/\/radiorevelacionfm.cl\/?p=7590"},"modified":"2021-08-18T10:22:11","modified_gmt":"2021-08-18T13:22:11","slug":"programa-quiero-mi-barrio-inicia-junto-a-vecinos-la-primera-intervencion-en-villa-manihuales","status":"publish","type":"post","link":"https:\/\/radiorevelacionfm.cl\/?p=7590","title":{"rendered":"Programa Quiero Mi Barrio inicia junto a vecinos la primera intervenci\u00f3n en Villa Ma\u00f1ihuales"},"content":{"rendered":"<div class=\"flex_column av_one_full  flex_column_div av-zero-column-padding first  avia-builder-el-0  el_before_av_one_full  avia-builder-el-first  \" style='border-radius:0px; '><div  class='avia-image-container  av-styling-    avia-builder-el-1  avia-builder-el-no-sibling  avia-align-center '  itemprop=\"image\" itemscope=\"itemscope\" itemtype=\"https:\/\/schema.org\/ImageObject\"  ><div class='avia-image-container-inner'><div class='avia-image-overlay-wrap'><img decoding=\"async\" class='wp-image-7591 avia-img-lazy-loading-not-7591 avia_image' src=\"https:\/\/radiorevelacionfm.cl\/wp-content\/uploads\/2021\/08\/QMBlosmanios3-1-1.jpeg\" alt='' title='QMBlosmanios3 (1) (1)' height=\"600\" width=\"1067\"  itemprop=\"thumbnailUrl\" srcset=\"https:\/\/radiorevelacionfm.cl\/wp-content\/uploads\/2021\/08\/QMBlosmanios3-1-1.jpeg 1067w, https:\/\/radiorevelacionfm.cl\/wp-content\/uploads\/2021\/08\/QMBlosmanios3-1-1-300x169.jpeg 300w, https:\/\/radiorevelacionfm.cl\/wp-content\/uploads\/2021\/08\/QMBlosmanios3-1-1-1030x579.jpeg 1030w, https:\/\/radiorevelacionfm.cl\/wp-content\/uploads\/2021\/08\/QMBlosmanios3-1-1-768x432.jpeg 768w, https:\/\/radiorevelacionfm.cl\/wp-content\/uploads\/2021\/08\/QMBlosmanios3-1-1-705x396.jpeg 705w, https:\/\/radiorevelacionfm.cl\/wp-content\/uploads\/2021\/08\/QMBlosmanios3-1-1-600x337.jpeg 600w\" sizes=\"(max-width: 1067px) 100vw, 1067px\" \/><\/div><\/div><\/div><\/div><div class=\"flex_column av_one_full  flex_column_div av-zero-column-padding first  avia-builder-el-2  el_after_av_one_full  el_before_av_one_full  column-top-margin\" style='border-radius:0px; '><section class=\"av_textblock_section \"  itemscope=\"itemscope\" itemtype=\"https:\/\/schema.org\/BlogPosting\" itemprop=\"blogPost\" ><div class='avia_textblock  '   itemprop=\"text\" ><p style=\"text-align: center;\"><strong><span style=\"font-size: 18pt;\">Programa Quiero Mi Barrio inicia junto a vecinos la primera intervenci\u00f3n en Villa Ma\u00f1ihuales<\/span><\/strong><\/p>\n<div id=\"gtx-trans\" style=\"position: absolute; left: -50px; top: 4.31534px;\">\n<div class=\"gtx-trans-icon\"><\/div>\n<\/div>\n<\/div><\/section><\/div><div class=\"flex_column av_one_full  flex_column_div av-zero-column-padding first  avia-builder-el-4  el_after_av_one_full  el_before_av_hr  column-top-margin\" style='border-radius:0px; '><section class=\"av_textblock_section \"  itemscope=\"itemscope\" itemtype=\"https:\/\/schema.org\/BlogPosting\" itemprop=\"blogPost\" ><div class='avia_textblock  '   itemprop=\"text\" ><p style=\"text-align: justify;\">Con el objetivo de fortalecer la participaci\u00f3n ciudadana y descentralizar las pol\u00edticas pol\u00edticas sociales para el mejoramiento del entorno y la recuperaci\u00f3n de espacios p\u00fablicos. La Ilustre Municipalidad de Ays\u00e9n en coordinaci\u00f3n con el Ministerio de Vivienda y Urbanismo desarroll\u00f3 el hito inaugural del primer Barrio de Inter\u00e9s Regional (BIR) enmarcado en el contexto de ejecuci\u00f3n, por parte de la Casa Edilicia, del programa Quiero Mi Barrio (QMB). Barrio Los Ma\u00f1ios, beneficiar\u00e1 a m\u00e1s de 360 familias de la localidad de Villa Ma\u00f1ihuales y buscar\u00e1 responder a los requerimientos que presentan los habitantes mediante la formulaci\u00f3n de proyectos con integraci\u00f3n ciudadana.<\/p>\n<p style=\"text-align: justify;\">Al respecto, Marcos Co\u00f1uecar, jefe de gabinete del municipio de Ays\u00e9n, destac\u00f3 la importancia que tiene para la administraci\u00f3n del alcalde Julio Uribe el desarrollo de estas iniciativas en lugares como Villa Ma\u00f1ihuales, ya que a su juicio \u201ceste es el camino a poder crecer como comuna\u201d. Adem\u00e1s, el personero tuvo palabras de agradecimiento al ex jefe de ret\u00e9n de la localidad, quien fuera reconocido en la ceremonia realizada ante su proceso de jubilo.<\/p>\n<p style=\"text-align: justify;\">Por su parte, el Secretario Regional Ministerial de Vivienda, Diego Silva Barrea, realiz\u00f3 \u00e9nfasis en la participaci\u00f3n vecinal que es clave para la ejecuci\u00f3n de este programa, \u201cahora comienza la parte m\u00e1s importante que es empezar a proyectar nuestras obras referente al Barrio y eso es lo que nosotros debemos lograr\u201d. El representante de gobierno tambi\u00e9n agradeci\u00f3 a todos los equipos t\u00e9cnicos que hicieron posible llevar adelante esta descentralizaci\u00f3n.<\/p>\n<p style=\"text-align: justify;\">Mientras que la concejala, Rosa Gonz\u00e1lez B\u00f3rquez, junto con agradecer la oportunidad de participar de esta instancia cultural y recreativa y del recorrido previo con los vecinos de la localidad para abordar tem\u00e1ticas de la zona, puntualiz\u00f3 que \u201ceste programa del Minvu viene a cambiar la cara de las localidades y hoy en una descentralizaci\u00f3n marcada que esperamos que tambi\u00e9n prontamente pueda llegar a Islas Huichas y Puerto Chacabuco. Este tipo de cosas que engrandecen d\u00edas como hoy donde lo hemos pasado tan mal, as\u00ed es que, felicidades al Minvu y a la municipalidad\u201d.<\/p>\n<p style=\"text-align: justify;\">El coordinador del programa QMB en la comuna de Ays\u00e9n, Juan Pablo Altamirano, remarc\u00f3 la felicidad que poseen como equipo ejecutor de lograr esta iniciativa denominada Barrio Los Ma\u00f1\u00edos, la cual en compa\u00f1\u00eda de un d\u00fao musical y una obra de teatro inici\u00f3 su fase comunitaria m\u00e1s importante. Por lo que, invit\u00f3 a la comunidad ma\u00f1ihualina a participar de las pr\u00f3ximas instancias a desarrollar como el Plan Maestro de intervenci\u00f3n barrial.<\/p>\n<p style=\"text-align: justify;\">Finalmente, Gabriela Barrientos, presidenta del Consejo Vecinal de Desarrollo (CVD) que posee el programa, realiz\u00f3 un hincapi\u00e9 en el entusiasmo que les genera a todas las integrantes de este \u00f3rgano de participaci\u00f3n ciudadana el trabajo a desarrollar durante los tres a\u00f1os que durar\u00e1 la iniciativa. La dirigenta espera integrar las distintas inquietudes e ideas que poseen los vecinos en la ejecuci\u00f3n del Barrio Los Ma\u00f1\u00edos.<\/p>\n<\/div><\/section><\/div><div  style='height:50px' class='hr hr-invisible   avia-builder-el-6  el_after_av_one_full  el_before_av_social_share '><span class='hr-inner ' ><span class='hr-inner-style'><\/span><\/span><\/div><\/p>\n<div  class='av-social-sharing-box  avia-builder-el-7  el_after_av_hr  el_before_av_hr  '><div class='av-share-box'><h5 class='av-share-link-description av-no-toc '>Compartir esta noticia<\/h5><ul class='av-share-box-list noLightbox'><li class='av-share-link av-social-link-facebook' ><a target=\"_blank\" aria-label=\"Compartir en Facebook\" href='https:\/\/www.facebook.com\/sharer.php?u=https:\/\/radiorevelacionfm.cl\/?p=7590&#038;t=Programa%20Quiero%20Mi%20Barrio%20inicia%20junto%20a%20vecinos%20la%20primera%20intervenci%C3%B3n%20en%20Villa%20Ma%C3%B1ihuales' aria-hidden='false' data-av_icon='\ue8f3' data-av_iconfont='entypo-fontello' title='' data-avia-related-tooltip='Compartir en Facebook' rel=\"noopener\"><span class='avia_hidden_link_text'>Compartir en Facebook<\/span><\/a><\/li><li class='av-share-link av-social-link-twitter' ><a target=\"_blank\" aria-label=\"Compartir en Twitter\" href='https:\/\/twitter.com\/share?text=Programa%20Quiero%20Mi%20Barrio%20inicia%20junto%20a%20vecinos%20la%20primera%20intervenci%C3%B3n%20en%20Villa%20Ma%C3%B1ihuales&#038;url=https:\/\/radiorevelacionfm.cl\/?p=7590' aria-hidden='false' data-av_icon='\ue8f1' data-av_iconfont='entypo-fontello' title='' data-avia-related-tooltip='Compartir en Twitter' rel=\"noopener\"><span class='avia_hidden_link_text'>Compartir en Twitter<\/span><\/a><\/li><li class='av-share-link av-social-link-whatsapp' ><a target=\"_blank\" aria-label=\"Compartir en Whatsapp\" href='https:\/\/api.whatsapp.com\/send?text=https:\/\/radiorevelacionfm.cl\/?p=7590' aria-hidden='false' data-av_icon='\uf232' data-av_iconfont='entypo-fontello' title='' data-avia-related-tooltip='Compartir en Whatsapp' rel=\"noopener\"><span class='avia_hidden_link_text'>Compartir en Whatsapp<\/span><\/a><\/li><li class='av-share-link av-social-link-linkedin' ><a target=\"_blank\" aria-label=\"Compartir en LinkedIn\" href='https:\/\/linkedin.com\/shareArticle?mini=true&#038;title=Programa%20Quiero%20Mi%20Barrio%20inicia%20junto%20a%20vecinos%20la%20primera%20intervenci%C3%B3n%20en%20Villa%20Ma%C3%B1ihuales&#038;url=https:\/\/radiorevelacionfm.cl\/?p=7590' aria-hidden='false' data-av_icon='\ue8fc' data-av_iconfont='entypo-fontello' title='' data-avia-related-tooltip='Compartir en LinkedIn' rel=\"noopener\"><span class='avia_hidden_link_text'>Compartir en LinkedIn<\/span><\/a><\/li><li class='av-share-link av-social-link-mail' ><a  aria-label=\"Compartir por correo\" href='mailto:?subject=Programa%20Quiero%20Mi%20Barrio%20inicia%20junto%20a%20vecinos%20la%20primera%20intervenci%C3%B3n%20en%20Villa%20Ma%C3%B1ihuales&#038;body=https:\/\/radiorevelacionfm.cl\/?p=7590' aria-hidden='false' data-av_icon='\ue805' data-av_iconfont='entypo-fontello' title='' data-avia-related-tooltip='Compartir por correo'><span class='avia_hidden_link_text'>Compartir por correo<\/span><\/a><\/li><\/ul><\/div><\/div>\n<div  style='height:50px' class='hr hr-invisible   avia-builder-el-8  el_after_av_social_share  el_before_av_comments_list '><span class='hr-inner ' ><span class='hr-inner-style'><\/span><\/span><\/div>\n<div  class='av-buildercomment  av-blog-meta-html-info-disabled av-blog-meta-tag-disabled  '><\/div>\n","protected":false},"excerpt":{"rendered":"","protected":false},"author":1,"featured_media":7591,"comment_status":"open","ping_status":"open","sticky":false,"template":"","format":"standard","meta":{"footnotes":""},"categories":[38],"tags":[],"class_list":["post-7590","post","type-post","status-publish","format-standard","has-post-thumbnail","hentry","category-regional"],"jetpack_featured_media_url":"https:\/\/radiorevelacionfm.cl\/wp-content\/uploads\/2021\/08\/QMBlosmanios3-1-1.jpeg","_links":{"self":[{"href":"https:\/\/radiorevelacionfm.cl\/index.php?rest_route=\/wp\/v2\/posts\/7590","targetHints":{"allow":["GET"]}}],"collection":[{"href":"https:\/\/radiorevelacionfm.cl\/index.php?rest_route=\/wp\/v2\/posts"}],"about":[{"href":"https:\/\/radiorevelacionfm.cl\/index.php?rest_route=\/wp\/v2\/types\/post"}],"author":[{"embeddable":true,"href":"https:\/\/radiorevelacionfm.cl\/index.php?rest_route=\/wp\/v2\/users\/1"}],"replies":[{"embeddable":true,"href":"https:\/\/radiorevelacionfm.cl\/index.php?rest_route=%2Fwp%2Fv2%2Fcomments&post=7590"}],"version-history":[{"count":1,"href":"https:\/\/radiorevelacionfm.cl\/index.php?rest_route=\/wp\/v2\/posts\/7590\/revisions"}],"predecessor-version":[{"id":7592,"href":"https:\/\/radiorevelacionfm.cl\/index.php?rest_route=\/wp\/v2\/posts\/7590\/revisions\/7592"}],"wp:featuredmedia":[{"embeddable":true,"href":"https:\/\/radiorevelacionfm.cl\/index.php?rest_route=\/wp\/v2\/media\/7591"}],"wp:attachment":[{"href":"https:\/\/radiorevelacionfm.cl\/index.php?rest_route=%2Fwp%2Fv2%2Fmedia&parent=7590"}],"wp:term":[{"taxonomy":"category","embeddable":true,"href":"https:\/\/radiorevelacionfm.cl\/index.php?rest_route=%2Fwp%2Fv2%2Fcategories&post=7590"},{"taxonomy":"post_tag","embeddable":true,"href":"https:\/\/radiorevelacionfm.cl\/index.php?rest_route=%2Fwp%2Fv2%2Ftags&post=7590"}],"curies":[{"name":"wp","href":"https:\/\/api.w.org\/{rel}","templated":true}]}}