{"id":7584,"date":"2021-08-18T11:09:22","date_gmt":"2021-08-18T14:09:22","guid":{"rendered":"https:\/\/radiorevelacionfm.cl\/?p=7584"},"modified":"2021-08-18T11:18:32","modified_gmt":"2021-08-18T14:18:32","slug":"colegios-de-chile-chico-retomaron-clases-presenciales-con-jornada-completa","status":"publish","type":"post","link":"https:\/\/radiorevelacionfm.cl\/?p=7584","title":{"rendered":"Colegios de Chile Chico retomaron clases presenciales con jornada completa"},"content":{"rendered":"<div class=\"flex_column av_one_full  flex_column_div av-zero-column-padding first  avia-builder-el-0  el_before_av_one_full  avia-builder-el-first  \" style='border-radius:0px; '><div  class='avia-image-container  av-styling-    avia-builder-el-1  avia-builder-el-no-sibling  avia-align-center '  itemprop=\"image\" itemscope=\"itemscope\" itemtype=\"https:\/\/schema.org\/ImageObject\"  ><div class='avia-image-container-inner'><div class='avia-image-overlay-wrap'><img decoding=\"async\" class='wp-image-7599 avia-img-lazy-loading-not-7599 avia_image' src=\"https:\/\/radiorevelacionfm.cl\/wp-content\/uploads\/2021\/08\/Clases-chch2-1-1.jpg\" alt='' title='Clases chch2 (1) (1)' height=\"600\" width=\"800\"  itemprop=\"thumbnailUrl\" srcset=\"https:\/\/radiorevelacionfm.cl\/wp-content\/uploads\/2021\/08\/Clases-chch2-1-1.jpg 800w, https:\/\/radiorevelacionfm.cl\/wp-content\/uploads\/2021\/08\/Clases-chch2-1-1-300x225.jpg 300w, https:\/\/radiorevelacionfm.cl\/wp-content\/uploads\/2021\/08\/Clases-chch2-1-1-768x576.jpg 768w, https:\/\/radiorevelacionfm.cl\/wp-content\/uploads\/2021\/08\/Clases-chch2-1-1-705x529.jpg 705w, https:\/\/radiorevelacionfm.cl\/wp-content\/uploads\/2021\/08\/Clases-chch2-1-1-600x450.jpg 600w\" sizes=\"(max-width: 800px) 100vw, 800px\" \/><\/div><\/div><\/div><\/div><div class=\"flex_column av_one_full  flex_column_div av-zero-column-padding first  avia-builder-el-2  el_after_av_one_full  el_before_av_one_full  column-top-margin\" style='border-radius:0px; '><section class=\"av_textblock_section \"  itemscope=\"itemscope\" itemtype=\"https:\/\/schema.org\/BlogPosting\" itemprop=\"blogPost\" ><div class='avia_textblock  '   itemprop=\"text\" ><p style=\"text-align: center;\"><strong><span style=\"font-size: 18pt;\">Colegios de Chile Chico retomaron clases presenciales con jornada completa<\/span><\/strong><\/p>\n<div id=\"gtx-trans\" style=\"position: absolute; left: -50px; top: 4.31534px;\">\n<div class=\"gtx-trans-icon\"><\/div>\n<\/div>\n<\/div><\/section><\/div><\/p>\n<div class=\"flex_column av_one_full  flex_column_div av-zero-column-padding first  avia-builder-el-4  el_after_av_one_full  el_before_av_hr  column-top-margin\" style='border-radius:0px; '><section class=\"av_textblock_section \"  itemscope=\"itemscope\" itemtype=\"https:\/\/schema.org\/BlogPosting\" itemprop=\"blogPost\" ><div class='avia_textblock  '   itemprop=\"text\" ><p style=\"text-align: justify;\">Con un alto porcentaje de asistencia y cumpliendo todas las medidas sanitarias y protocolos establecidos por el Ministerio de Salud, el Liceo Bicentenario Luisa Rabanal Palma, la Escuela B\u00e1sica de Chile Chico y las escuelas rurales de Mall\u00edn Grande, Puerto Guadal y Puerto Bertrand retomaron las clases presenciales y con jornada completa.<\/p>\n<p style=\"text-align: justify;\">La iniciativa implic\u00f3 la adaptaci\u00f3n de las salas e instalaci\u00f3n de cub\u00edculos, tipo escudo facial, en cada mesa, estableciendo el distanciamiento que indica el protocolo sanitario, toma de temperatura al ingreso, instalaci\u00f3n de pediluvio con amonio cuaternario, desinfecci\u00f3n permanente de los espacios y sanitizaci\u00f3n del establecimiento educacional 3 veces a la semana.<\/p>\n<p style=\"text-align: justify;\">\u201cLas medidas aplicadas por el municipio para el retorno presencial de los alumnos fueron fiscalizadas y aprobadas por la serem\u00eda de Salud, autorizando de acuerdo al espacio un aforo de 30 ni\u00f1os por sala\u201d, se\u00f1al\u00f3 la subdirectora del Departamento de Educaci\u00f3n Municipal de Chile Chico, Ivy Guedeney.<\/p>\n<p style=\"text-align: justify;\">Adem\u00e1s, detall\u00f3 que el porcentaje de asistencia de los alumnos ha sido alto \u201cllegando en el Liceo Bicentenario Luisa Rabanal Palma al 70%, Escuela B\u00e1sica de Chile Chico 95%, Mall\u00edn 100%, Puerto Guadal y Bertrand 95%\u201d.<\/p>\n<p style=\"text-align: justify;\">Por su parte, el alcalde Luperciano Mu\u00f1oz, se\u00f1al\u00f3 que \u201cesta es una preocupaci\u00f3n que ten\u00edamos desde que asumimos en el cargo, debido al reclamo permanente de los apoderados en torno a que los contenidos no se estaban entregando en forma adecuada, lo que nos llev\u00f3 a tomar la decisi\u00f3n de la presencialidad de las clases y con jornada completa en todos los establecimientos de la comuna, con todos los protocolos sanitarios para evitar cualquier tipo de riesgo, priorizando la salud de las ni\u00f1as y ni\u00f1os, pero tambi\u00e9n la calidad de la educaci\u00f3n y entrega de contenidos para su correcta formaci\u00f3n y aprendizaje\u201d.<\/p>\n<p style=\"text-align: justify;\">El jefe comunal adelant\u00f3 que \u201cse contratar\u00e1n dos pruebas de medici\u00f3n de calidad de la educaci\u00f3n, incluida la prueba Aptus, que es una de las m\u00e1s eficientes y prestigiosas del pa\u00eds, para tener una base objetiva para el 2021 en relaci\u00f3n al aprendizaje, para as\u00ed planificar con seriedad y responsabilidad. Adem\u00e1s retomaremos el sistema Mate y sus contenidos para ir mejorando la educaci\u00f3n de nuestros alumnos\u201d.<\/p>\n<\/div><\/section><\/div>\n<div  style='height:50px' class='hr hr-invisible   avia-builder-el-6  el_after_av_one_full  el_before_av_social_share '><span class='hr-inner ' ><span class='hr-inner-style'><\/span><\/span><\/div>\n<div  class='av-social-sharing-box  avia-builder-el-7  el_after_av_hr  el_before_av_hr  '><div class='av-share-box'><h5 class='av-share-link-description av-no-toc '>Compartir esta noticia<\/h5><ul class='av-share-box-list noLightbox'><li class='av-share-link av-social-link-facebook' ><a target=\"_blank\" aria-label=\"Compartir en Facebook\" href='https:\/\/www.facebook.com\/sharer.php?u=https:\/\/radiorevelacionfm.cl\/?p=7584&#038;t=Colegios%20de%20Chile%20Chico%20retomaron%20clases%20presenciales%20con%20jornada%20completa' aria-hidden='false' data-av_icon='\ue8f3' data-av_iconfont='entypo-fontello' title='' data-avia-related-tooltip='Compartir en Facebook' rel=\"noopener\"><span class='avia_hidden_link_text'>Compartir en Facebook<\/span><\/a><\/li><li class='av-share-link av-social-link-twitter' ><a target=\"_blank\" aria-label=\"Compartir en Twitter\" href='https:\/\/twitter.com\/share?text=Colegios%20de%20Chile%20Chico%20retomaron%20clases%20presenciales%20con%20jornada%20completa&#038;url=https:\/\/radiorevelacionfm.cl\/?p=7584' aria-hidden='false' data-av_icon='\ue8f1' data-av_iconfont='entypo-fontello' title='' data-avia-related-tooltip='Compartir en Twitter' rel=\"noopener\"><span class='avia_hidden_link_text'>Compartir en Twitter<\/span><\/a><\/li><li class='av-share-link av-social-link-whatsapp' ><a target=\"_blank\" aria-label=\"Compartir en Whatsapp\" href='https:\/\/api.whatsapp.com\/send?text=https:\/\/radiorevelacionfm.cl\/?p=7584' aria-hidden='false' data-av_icon='\uf232' data-av_iconfont='entypo-fontello' title='' data-avia-related-tooltip='Compartir en Whatsapp' rel=\"noopener\"><span class='avia_hidden_link_text'>Compartir en Whatsapp<\/span><\/a><\/li><li class='av-share-link av-social-link-linkedin' ><a target=\"_blank\" aria-label=\"Compartir en LinkedIn\" href='https:\/\/linkedin.com\/shareArticle?mini=true&#038;title=Colegios%20de%20Chile%20Chico%20retomaron%20clases%20presenciales%20con%20jornada%20completa&#038;url=https:\/\/radiorevelacionfm.cl\/?p=7584' aria-hidden='false' data-av_icon='\ue8fc' data-av_iconfont='entypo-fontello' title='' data-avia-related-tooltip='Compartir en LinkedIn' rel=\"noopener\"><span class='avia_hidden_link_text'>Compartir en LinkedIn<\/span><\/a><\/li><li class='av-share-link av-social-link-mail' ><a  aria-label=\"Compartir por correo\" href='mailto:?subject=Colegios%20de%20Chile%20Chico%20retomaron%20clases%20presenciales%20con%20jornada%20completa&#038;body=https:\/\/radiorevelacionfm.cl\/?p=7584' aria-hidden='false' data-av_icon='\ue805' data-av_iconfont='entypo-fontello' title='' data-avia-related-tooltip='Compartir por correo'><span class='avia_hidden_link_text'>Compartir por correo<\/span><\/a><\/li><\/ul><\/div><\/div>\n<div  style='height:50px' class='hr hr-invisible   avia-builder-el-8  el_after_av_social_share  el_before_av_comments_list '><span class='hr-inner ' ><span class='hr-inner-style'><\/span><\/span><\/div>\n<div  class='av-buildercomment  av-blog-meta-html-info-disabled av-blog-meta-tag-disabled  '><\/div>\n","protected":false},"excerpt":{"rendered":"","protected":false},"author":1,"featured_media":7599,"comment_status":"open","ping_status":"open","sticky":false,"template":"","format":"standard","meta":{"footnotes":""},"categories":[49],"tags":[],"class_list":["post-7584","post","type-post","status-publish","format-standard","has-post-thumbnail","hentry","category-educacion"],"jetpack_featured_media_url":"https:\/\/radiorevelacionfm.cl\/wp-content\/uploads\/2021\/08\/Clases-chch2-1-1.jpg","_links":{"self":[{"href":"https:\/\/radiorevelacionfm.cl\/index.php?rest_route=\/wp\/v2\/posts\/7584","targetHints":{"allow":["GET"]}}],"collection":[{"href":"https:\/\/radiorevelacionfm.cl\/index.php?rest_route=\/wp\/v2\/posts"}],"about":[{"href":"https:\/\/radiorevelacionfm.cl\/index.php?rest_route=\/wp\/v2\/types\/post"}],"author":[{"embeddable":true,"href":"https:\/\/radiorevelacionfm.cl\/index.php?rest_route=\/wp\/v2\/users\/1"}],"replies":[{"embeddable":true,"href":"https:\/\/radiorevelacionfm.cl\/index.php?rest_route=%2Fwp%2Fv2%2Fcomments&post=7584"}],"version-history":[{"count":2,"href":"https:\/\/radiorevelacionfm.cl\/index.php?rest_route=\/wp\/v2\/posts\/7584\/revisions"}],"predecessor-version":[{"id":7600,"href":"https:\/\/radiorevelacionfm.cl\/index.php?rest_route=\/wp\/v2\/posts\/7584\/revisions\/7600"}],"wp:featuredmedia":[{"embeddable":true,"href":"https:\/\/radiorevelacionfm.cl\/index.php?rest_route=\/wp\/v2\/media\/7599"}],"wp:attachment":[{"href":"https:\/\/radiorevelacionfm.cl\/index.php?rest_route=%2Fwp%2Fv2%2Fmedia&parent=7584"}],"wp:term":[{"taxonomy":"category","embeddable":true,"href":"https:\/\/radiorevelacionfm.cl\/index.php?rest_route=%2Fwp%2Fv2%2Fcategories&post=7584"},{"taxonomy":"post_tag","embeddable":true,"href":"https:\/\/radiorevelacionfm.cl\/index.php?rest_route=%2Fwp%2Fv2%2Ftags&post=7584"}],"curies":[{"name":"wp","href":"https:\/\/api.w.org\/{rel}","templated":true}]}}