{"id":7575,"date":"2021-08-17T19:18:12","date_gmt":"2021-08-17T22:18:12","guid":{"rendered":"https:\/\/radiorevelacionfm.cl\/?p=7575"},"modified":"2021-08-17T19:35:27","modified_gmt":"2021-08-17T22:35:27","slug":"camioneros-se-reunen-con-delegado-presidencial-y-plantean-problemas-de-conectividad-maritima-del-sector","status":"publish","type":"post","link":"https:\/\/radiorevelacionfm.cl\/?p=7575","title":{"rendered":"Camioneros se re\u00fanen con Delegado Presidencial y plantean problemas de conectividad mar\u00edtima que afectan su sector"},"content":{"rendered":"<div class=\"flex_column av_one_full  flex_column_div av-zero-column-padding first  avia-builder-el-0  el_before_av_one_full  avia-builder-el-first  \" style='border-radius:0px; '><div  class='avia-image-container  av-styling-    avia-builder-el-1  avia-builder-el-no-sibling  avia-align-center '  itemprop=\"image\" itemscope=\"itemscope\" itemtype=\"https:\/\/schema.org\/ImageObject\"  ><div class='avia-image-container-inner'><div class='avia-image-overlay-wrap'><img decoding=\"async\" class='wp-image-7582 avia-img-lazy-loading-not-7582 avia_image' src=\"https:\/\/radiorevelacionfm.cl\/wp-content\/uploads\/2021\/08\/3-43-1.jpg\" alt='' title='3 (43) 1' height=\"600\" width=\"973\"  itemprop=\"thumbnailUrl\" srcset=\"https:\/\/radiorevelacionfm.cl\/wp-content\/uploads\/2021\/08\/3-43-1.jpg 973w, https:\/\/radiorevelacionfm.cl\/wp-content\/uploads\/2021\/08\/3-43-1-300x185.jpg 300w, https:\/\/radiorevelacionfm.cl\/wp-content\/uploads\/2021\/08\/3-43-1-768x474.jpg 768w, https:\/\/radiorevelacionfm.cl\/wp-content\/uploads\/2021\/08\/3-43-1-705x435.jpg 705w, https:\/\/radiorevelacionfm.cl\/wp-content\/uploads\/2021\/08\/3-43-1-600x370.jpg 600w\" sizes=\"(max-width: 973px) 100vw, 973px\" \/><\/div><\/div><\/div><\/div><div class=\"flex_column av_one_full  flex_column_div av-zero-column-padding first  avia-builder-el-2  el_after_av_one_full  el_before_av_one_full  column-top-margin\" style='border-radius:0px; '><section class=\"av_textblock_section \"  itemscope=\"itemscope\" itemtype=\"https:\/\/schema.org\/BlogPosting\" itemprop=\"blogPost\" ><div class='avia_textblock  '   itemprop=\"text\" ><p style=\"text-align: center;\"><strong><span style=\"font-size: 18pt;\">Camioneros se re\u00fanen con Delegado Presidencial y plantean problemas de conectividad mar\u00edtima que afectan su sector<\/span><\/strong><\/p>\n<div id=\"gtx-trans\" style=\"position: absolute; left: -50px; top: 4.31534px;\">\n<div class=\"gtx-trans-icon\"><\/div>\n<\/div>\n<\/div><\/section><\/div><\/p>\n<div class=\"flex_column av_one_full  flex_column_div av-zero-column-padding first  avia-builder-el-4  el_after_av_one_full  el_before_av_hr  column-top-margin\" style='border-radius:0px; '><section class=\"av_textblock_section \"  itemscope=\"itemscope\" itemtype=\"https:\/\/schema.org\/BlogPosting\" itemprop=\"blogPost\" ><div class='avia_textblock  '   itemprop=\"text\" ><p style=\"text-align: justify;\">Durante la tarde de este martes lleg\u00f3 hasta la Delegaci\u00f3n Presidencial Provincial don Gustavo Vidal quien es transportista y comerciante de Puerto Ays\u00e9n junto a otros colegas del rubro para manifestar su inquietud ante los \u00faltimos hechos que le han afectado y que tienen que ver con una pr\u00e1ctica inadecuada de una empresa de transportes mar\u00edtimos y que estar\u00eda retrasando la llegada de la mercader\u00eda a la regi\u00f3n.<\/p>\n<p style=\"text-align: justify;\">Gustavo Vidal una vez terminada la reuni\u00f3n agradeci\u00f3 y destac\u00f3 la intenci\u00f3n del DPP Ays\u00e9n Manuel Ortiz de querer buscar una soluci\u00f3n a los transportistas que abastecen a toda la regi\u00f3n \u201cagradecido totalmente de don Manuel Ortiz y de las dem\u00e1s personas que estuvieron presentes y bueno volver a plantear el tema de la problem\u00e1tica grande que estamos sosteniendo sobre todo los transportistas que abastecemos a la regi\u00f3n, porque la Naviera Austral no est\u00e1 dando cumplimiento a lo que acord\u00f3 con el Estado que son dos vueltas semanales, vuelvo a repetir altamente agradecido de don Manuel y me da pena de llegar a estar instancias para llegar a respuestas lo antes posible\u201d.<\/p>\n<p style=\"text-align: justify;\">En tanto el DPP Ays\u00e9n Manuel Ortiz una vez m\u00e1s reafirmaba el compromiso que ha tenido por querer buscar soluciones a los temas planteados \u201ccomo Delegaci\u00f3n Provincial de Ays\u00e9n estamos tremendamente preocupados por lo que nos manifiestas estos se\u00f1ores transportistas con los cuales hemos sostenido una reuni\u00f3n, abastecer a la regi\u00f3n y a las localidades m\u00e1s aisladas es un tremendo trabajo y esfuerzo que hacen ellos, muchas veces qued\u00e1ndose en Quell\u00f3n por varios d\u00edas esperando poder embarcarse en una de las embarcaciones subvencionadas que vienen a la regi\u00f3n, ante esto conversaremos con la Delegada Regional y con el Seremi de Transportes para buscar una soluci\u00f3n que es lo que necesitamos y que se han visto afectado con algunas situaciones producidas por la Naviera Austral\u201d.<\/p>\n<\/div><\/section><\/div>\n<div  style='height:50px' class='hr hr-invisible   avia-builder-el-6  el_after_av_one_full  el_before_av_social_share '><span class='hr-inner ' ><span class='hr-inner-style'><\/span><\/span><\/div>\n<div  class='av-social-sharing-box  avia-builder-el-7  el_after_av_hr  el_before_av_hr  '><div class='av-share-box'><h5 class='av-share-link-description av-no-toc '>Compartir esta noticia<\/h5><ul class='av-share-box-list noLightbox'><li class='av-share-link av-social-link-facebook' ><a target=\"_blank\" aria-label=\"Compartir en Facebook\" href='https:\/\/www.facebook.com\/sharer.php?u=https:\/\/radiorevelacionfm.cl\/?p=7575&#038;t=Camioneros%20se%20re%C3%BAnen%20con%20Delegado%20Presidencial%20y%20plantean%20problemas%20de%20conectividad%20mar%C3%ADtima%20que%20afectan%20su%20sector' aria-hidden='false' data-av_icon='\ue8f3' data-av_iconfont='entypo-fontello' title='' data-avia-related-tooltip='Compartir en Facebook' rel=\"noopener\"><span class='avia_hidden_link_text'>Compartir en Facebook<\/span><\/a><\/li><li class='av-share-link av-social-link-twitter' ><a target=\"_blank\" aria-label=\"Compartir en Twitter\" href='https:\/\/twitter.com\/share?text=Camioneros%20se%20re%C3%BAnen%20con%20Delegado%20Presidencial%20y%20plantean%20problemas%20de%20conectividad%20mar%C3%ADtima%20que%20afectan%20su%20sector&#038;url=https:\/\/radiorevelacionfm.cl\/?p=7575' aria-hidden='false' data-av_icon='\ue8f1' data-av_iconfont='entypo-fontello' title='' data-avia-related-tooltip='Compartir en Twitter' rel=\"noopener\"><span class='avia_hidden_link_text'>Compartir en Twitter<\/span><\/a><\/li><li class='av-share-link av-social-link-whatsapp' ><a target=\"_blank\" aria-label=\"Compartir en Whatsapp\" href='https:\/\/api.whatsapp.com\/send?text=https:\/\/radiorevelacionfm.cl\/?p=7575' aria-hidden='false' data-av_icon='\uf232' data-av_iconfont='entypo-fontello' title='' data-avia-related-tooltip='Compartir en Whatsapp' rel=\"noopener\"><span class='avia_hidden_link_text'>Compartir en Whatsapp<\/span><\/a><\/li><li class='av-share-link av-social-link-linkedin' ><a target=\"_blank\" aria-label=\"Compartir en LinkedIn\" href='https:\/\/linkedin.com\/shareArticle?mini=true&#038;title=Camioneros%20se%20re%C3%BAnen%20con%20Delegado%20Presidencial%20y%20plantean%20problemas%20de%20conectividad%20mar%C3%ADtima%20que%20afectan%20su%20sector&#038;url=https:\/\/radiorevelacionfm.cl\/?p=7575' aria-hidden='false' data-av_icon='\ue8fc' data-av_iconfont='entypo-fontello' title='' data-avia-related-tooltip='Compartir en LinkedIn' rel=\"noopener\"><span class='avia_hidden_link_text'>Compartir en LinkedIn<\/span><\/a><\/li><li class='av-share-link av-social-link-mail' ><a  aria-label=\"Compartir por correo\" href='mailto:?subject=Camioneros%20se%20re%C3%BAnen%20con%20Delegado%20Presidencial%20y%20plantean%20problemas%20de%20conectividad%20mar%C3%ADtima%20que%20afectan%20su%20sector&#038;body=https:\/\/radiorevelacionfm.cl\/?p=7575' aria-hidden='false' data-av_icon='\ue805' data-av_iconfont='entypo-fontello' title='' data-avia-related-tooltip='Compartir por correo'><span class='avia_hidden_link_text'>Compartir por correo<\/span><\/a><\/li><\/ul><\/div><\/div>\n<div  style='height:50px' class='hr hr-invisible   avia-builder-el-8  el_after_av_social_share  el_before_av_comments_list '><span class='hr-inner ' ><span class='hr-inner-style'><\/span><\/span><\/div>\n<div  class='av-buildercomment  av-blog-meta-html-info-disabled av-blog-meta-tag-disabled  '><\/div>\n","protected":false},"excerpt":{"rendered":"","protected":false},"author":1,"featured_media":7582,"comment_status":"open","ping_status":"open","sticky":false,"template":"","format":"standard","meta":{"footnotes":""},"categories":[38],"tags":[],"class_list":["post-7575","post","type-post","status-publish","format-standard","has-post-thumbnail","hentry","category-regional"],"jetpack_featured_media_url":"https:\/\/radiorevelacionfm.cl\/wp-content\/uploads\/2021\/08\/3-43-1.jpg","_links":{"self":[{"href":"https:\/\/radiorevelacionfm.cl\/index.php?rest_route=\/wp\/v2\/posts\/7575","targetHints":{"allow":["GET"]}}],"collection":[{"href":"https:\/\/radiorevelacionfm.cl\/index.php?rest_route=\/wp\/v2\/posts"}],"about":[{"href":"https:\/\/radiorevelacionfm.cl\/index.php?rest_route=\/wp\/v2\/types\/post"}],"author":[{"embeddable":true,"href":"https:\/\/radiorevelacionfm.cl\/index.php?rest_route=\/wp\/v2\/users\/1"}],"replies":[{"embeddable":true,"href":"https:\/\/radiorevelacionfm.cl\/index.php?rest_route=%2Fwp%2Fv2%2Fcomments&post=7575"}],"version-history":[{"count":4,"href":"https:\/\/radiorevelacionfm.cl\/index.php?rest_route=\/wp\/v2\/posts\/7575\/revisions"}],"predecessor-version":[{"id":7583,"href":"https:\/\/radiorevelacionfm.cl\/index.php?rest_route=\/wp\/v2\/posts\/7575\/revisions\/7583"}],"wp:featuredmedia":[{"embeddable":true,"href":"https:\/\/radiorevelacionfm.cl\/index.php?rest_route=\/wp\/v2\/media\/7582"}],"wp:attachment":[{"href":"https:\/\/radiorevelacionfm.cl\/index.php?rest_route=%2Fwp%2Fv2%2Fmedia&parent=7575"}],"wp:term":[{"taxonomy":"category","embeddable":true,"href":"https:\/\/radiorevelacionfm.cl\/index.php?rest_route=%2Fwp%2Fv2%2Fcategories&post=7575"},{"taxonomy":"post_tag","embeddable":true,"href":"https:\/\/radiorevelacionfm.cl\/index.php?rest_route=%2Fwp%2Fv2%2Ftags&post=7575"}],"curies":[{"name":"wp","href":"https:\/\/api.w.org\/{rel}","templated":true}]}}