{"id":7572,"date":"2021-08-17T20:50:34","date_gmt":"2021-08-17T23:50:34","guid":{"rendered":"https:\/\/radiorevelacionfm.cl\/?p=7572"},"modified":"2021-08-17T20:50:34","modified_gmt":"2021-08-17T23:50:34","slug":"pescadores-artesanales-se-reunieron-con-autoridades-de-pesca-y-economia","status":"publish","type":"post","link":"https:\/\/radiorevelacionfm.cl\/?p=7572","title":{"rendered":"Pescadores artesanales se reunieron con autoridades de Pesca y Econom\u00eda"},"content":{"rendered":"<div class=\"flex_column av_one_full  flex_column_div av-zero-column-padding first  avia-builder-el-0  el_before_av_one_full  avia-builder-el-first  \" style='border-radius:0px; '><div  class='avia-image-container  av-styling-    avia-builder-el-1  avia-builder-el-no-sibling  avia-align-center '  itemprop=\"image\" itemscope=\"itemscope\" itemtype=\"https:\/\/schema.org\/ImageObject\"  ><div class='avia-image-container-inner'><div class='avia-image-overlay-wrap'><img decoding=\"async\" class='wp-image-7573 avia-img-lazy-loading-not-7573 avia_image' src=\"https:\/\/radiorevelacionfm.cl\/wp-content\/uploads\/2021\/08\/AUTORIDADES-Y-PESCA-ARTESANAL-DE-AYSEN-4-1.jpeg\" alt='' title='AUTORIDADES Y PESCA ARTESANAL DE AYSEN (4) (1)' height=\"600\" width=\"1299\"  itemprop=\"thumbnailUrl\" srcset=\"https:\/\/radiorevelacionfm.cl\/wp-content\/uploads\/2021\/08\/AUTORIDADES-Y-PESCA-ARTESANAL-DE-AYSEN-4-1.jpeg 1299w, https:\/\/radiorevelacionfm.cl\/wp-content\/uploads\/2021\/08\/AUTORIDADES-Y-PESCA-ARTESANAL-DE-AYSEN-4-1-300x139.jpeg 300w, https:\/\/radiorevelacionfm.cl\/wp-content\/uploads\/2021\/08\/AUTORIDADES-Y-PESCA-ARTESANAL-DE-AYSEN-4-1-1030x476.jpeg 1030w, https:\/\/radiorevelacionfm.cl\/wp-content\/uploads\/2021\/08\/AUTORIDADES-Y-PESCA-ARTESANAL-DE-AYSEN-4-1-768x355.jpeg 768w, https:\/\/radiorevelacionfm.cl\/wp-content\/uploads\/2021\/08\/AUTORIDADES-Y-PESCA-ARTESANAL-DE-AYSEN-4-1-705x326.jpeg 705w, https:\/\/radiorevelacionfm.cl\/wp-content\/uploads\/2021\/08\/AUTORIDADES-Y-PESCA-ARTESANAL-DE-AYSEN-4-1-600x277.jpeg 600w\" sizes=\"(max-width: 1299px) 100vw, 1299px\" \/><\/div><\/div><\/div><\/div><div class=\"flex_column av_one_full  flex_column_div av-zero-column-padding first  avia-builder-el-2  el_after_av_one_full  el_before_av_one_full  column-top-margin\" style='border-radius:0px; '><section class=\"av_textblock_section \"  itemscope=\"itemscope\" itemtype=\"https:\/\/schema.org\/BlogPosting\" itemprop=\"blogPost\" ><div class='avia_textblock  '   itemprop=\"text\" ><p style=\"text-align: center;\"><strong><span style=\"font-size: 18pt;\">Pescadores artesanales se reunieron con autoridades de Pesca y Econom\u00eda<\/span><\/strong><\/p>\n<div id=\"gtx-trans\" style=\"position: absolute; left: -50px; top: 4.31534px;\">\n<div class=\"gtx-trans-icon\"><\/div>\n<\/div>\n<\/div><\/section><\/div><div class=\"flex_column av_one_full  flex_column_div av-zero-column-padding first  avia-builder-el-4  el_after_av_one_full  el_before_av_hr  column-top-margin\" style='border-radius:0px; '><section class=\"av_textblock_section \"  itemscope=\"itemscope\" itemtype=\"https:\/\/schema.org\/BlogPosting\" itemprop=\"blogPost\" ><div class='avia_textblock  '   itemprop=\"text\" ><p class=\"v1MsoNormal\" style=\"text-align: justify;\"><span lang=\"ES\">Con el objetivo de contar con un plan de trabajo en el \u00e1rea de la pesca que contenga las actuales problem\u00e1ticas del rubro productivo regional, se reunieron dirigentes de la pesca artesanales de Ays\u00e9n con el Seremi de Econom\u00eda Carlos Pacheco, el Director Regional de Sernapesca Cristi\u00e1n Hudson y el Director Zonal de Subpesca Juan Eduardo Campos.<\/span><\/p>\n<p class=\"v1MsoNormal\" style=\"text-align: justify;\"><span lang=\"ES\">La iniciativa se da por primera vez de manera presencial luego de varios meses de restricciones por las distintas fases del plan paso a paso en la regi\u00f3n.<\/span><\/p>\n<p class=\"v1MsoNormal\" style=\"text-align: justify;\"><span lang=\"ES\">En este contexto, el dirigente de la pesca artesanal Renato Flores, agradeci\u00f3 la instancia y asegur\u00f3 que \u00aben esta reuni\u00f3n pudimos exponer la problem\u00e1tica que actualmente tenemos como sector y que no solamente es a corto plazo. A trav\u00e9s de esta instancia queremos trabajar tambi\u00e9n a mediano plazo para destrabar una serie de temas que nos aquejan como por ejemplo el combate a la pesca ilegal que tanto da\u00f1o hace a nuestro sector y a la econom\u00eda regional. Es por eso que tambi\u00e9n agradecemos la presencia de la Gobernadora Regional que junto al Gobierno regional y en conjunto con las autoridades de pesca y de Econom\u00eda queremos sacar adelante una agenda clara en favor del de nuestra regi\u00f3n y que de una vez por todas zanjemos temas que se arrastran por mucho tiempo y que ya es hora de abordar de manera independiente de otras regiones\u00bb, asegur\u00f3 el dirigente.<\/span><\/p>\n<p class=\"v1MsoNormal\" style=\"text-align: justify;\"><span lang=\"ES\">En tanto el Seremi de Econom\u00eda Carlos Pacheco se\u00f1al\u00f3 que \u00abIniciaremos un trabajo conjunto con los entes t\u00e9cnicos como Sernapesca y Subpesca para revisar los actuales registros pesqueros y sus caducidades, adem\u00e1s del presupuesto con que cuentan los entes fiscalizadores para ejercer su labor. Temas que hoy en d\u00eda interesan mucho al sector de la pesca artesanal y as\u00ed daremos la tranquilidad a aquellos que ejercen labores extractivas en la regi\u00f3n a que \u00e9stas se est\u00e9n realizando seg\u00fan la normativa vigente. Adem\u00e1s, ya nos pusimos de acuerdo en sostener nuevas instancias de di\u00e1logo pensando en el futuro de la pesca en nuestra regi\u00f3n, el cual constituye un potente motor de nuestra econom\u00eda regional\u00bb, asever\u00f3 la autoridad.<\/span><\/p>\n<p class=\"v1MsoNormal\" style=\"text-align: justify;\"><span lang=\"ES\">Finalmente, Andrea Mac\u00edas, Gobernadora Regional de Ays\u00e9n sostuvo que \u00abfue un espacio grato de conversaci\u00f3n donde pudimos escuchar las principales problem\u00e1ticas del sector que hoy en d\u00eda existen. Me quedo con el trabajo que iniciaremos en conjunto, poniendo \u00e9nfasis en los temas inmediatos y por sobre todo c\u00f3mo podemos acompa\u00f1ar las soluciones con presupuestos que emanen tambi\u00e9n desde el Gobierno Regional\u00bb.<\/span><\/p>\n<p class=\"v1MsoNormal\" style=\"text-align: justify;\"><span lang=\"ES\">La instancia culmin\u00f3 con un acuerdo entre los actores del Gobierno, el Gobierno Regional y la dirigencia de la pesca artesanal, para realizar una pr\u00f3xima reuni\u00f3n t\u00e9cnica donde se analice el registro pesquero y las actuales caducidades y restricciones de extracci\u00f3n, una de las principales inquietudes que la dirigencia artesanal pesquera manifest\u00f3 en esta reuni\u00f3n.<\/span><\/p>\n<\/div><\/section><\/div><div  style='height:50px' class='hr hr-invisible   avia-builder-el-6  el_after_av_one_full  el_before_av_social_share '><span class='hr-inner ' ><span class='hr-inner-style'><\/span><\/span><\/div><\/p>\n<div  class='av-social-sharing-box  avia-builder-el-7  el_after_av_hr  el_before_av_hr  '><div class='av-share-box'><h5 class='av-share-link-description av-no-toc '>Compartir esta noticia<\/h5><ul class='av-share-box-list noLightbox'><li class='av-share-link av-social-link-facebook' ><a target=\"_blank\" aria-label=\"Compartir en Facebook\" href='https:\/\/www.facebook.com\/sharer.php?u=https:\/\/radiorevelacionfm.cl\/?p=7572&#038;t=Pescadores%20artesanales%20se%20reunieron%20con%20autoridades%20de%20Pesca%20y%20Econom%C3%ADa' aria-hidden='false' data-av_icon='\ue8f3' data-av_iconfont='entypo-fontello' title='' data-avia-related-tooltip='Compartir en Facebook' rel=\"noopener\"><span class='avia_hidden_link_text'>Compartir en Facebook<\/span><\/a><\/li><li class='av-share-link av-social-link-twitter' ><a target=\"_blank\" aria-label=\"Compartir en Twitter\" href='https:\/\/twitter.com\/share?text=Pescadores%20artesanales%20se%20reunieron%20con%20autoridades%20de%20Pesca%20y%20Econom%C3%ADa&#038;url=https:\/\/radiorevelacionfm.cl\/?p=7572' aria-hidden='false' data-av_icon='\ue8f1' data-av_iconfont='entypo-fontello' title='' data-avia-related-tooltip='Compartir en Twitter' rel=\"noopener\"><span class='avia_hidden_link_text'>Compartir en Twitter<\/span><\/a><\/li><li class='av-share-link av-social-link-whatsapp' ><a target=\"_blank\" aria-label=\"Compartir en Whatsapp\" href='https:\/\/api.whatsapp.com\/send?text=https:\/\/radiorevelacionfm.cl\/?p=7572' aria-hidden='false' data-av_icon='\uf232' data-av_iconfont='entypo-fontello' title='' data-avia-related-tooltip='Compartir en Whatsapp' rel=\"noopener\"><span class='avia_hidden_link_text'>Compartir en Whatsapp<\/span><\/a><\/li><li class='av-share-link av-social-link-linkedin' ><a target=\"_blank\" aria-label=\"Compartir en LinkedIn\" href='https:\/\/linkedin.com\/shareArticle?mini=true&#038;title=Pescadores%20artesanales%20se%20reunieron%20con%20autoridades%20de%20Pesca%20y%20Econom%C3%ADa&#038;url=https:\/\/radiorevelacionfm.cl\/?p=7572' aria-hidden='false' data-av_icon='\ue8fc' data-av_iconfont='entypo-fontello' title='' data-avia-related-tooltip='Compartir en LinkedIn' rel=\"noopener\"><span class='avia_hidden_link_text'>Compartir en LinkedIn<\/span><\/a><\/li><li class='av-share-link av-social-link-mail' ><a  aria-label=\"Compartir por correo\" href='mailto:?subject=Pescadores%20artesanales%20se%20reunieron%20con%20autoridades%20de%20Pesca%20y%20Econom%C3%ADa&#038;body=https:\/\/radiorevelacionfm.cl\/?p=7572' aria-hidden='false' data-av_icon='\ue805' data-av_iconfont='entypo-fontello' title='' data-avia-related-tooltip='Compartir por correo'><span class='avia_hidden_link_text'>Compartir por correo<\/span><\/a><\/li><\/ul><\/div><\/div>\n<div  style='height:50px' class='hr hr-invisible   avia-builder-el-8  el_after_av_social_share  el_before_av_comments_list '><span class='hr-inner ' ><span class='hr-inner-style'><\/span><\/span><\/div>\n<div  class='av-buildercomment  av-blog-meta-html-info-disabled av-blog-meta-tag-disabled  '><\/div>\n","protected":false},"excerpt":{"rendered":"","protected":false},"author":1,"featured_media":7573,"comment_status":"open","ping_status":"open","sticky":false,"template":"","format":"standard","meta":{"footnotes":""},"categories":[37,60],"tags":[],"class_list":["post-7572","post","type-post","status-publish","format-standard","has-post-thumbnail","hentry","category-economia","category-pesca"],"jetpack_featured_media_url":"https:\/\/radiorevelacionfm.cl\/wp-content\/uploads\/2021\/08\/AUTORIDADES-Y-PESCA-ARTESANAL-DE-AYSEN-4-1.jpeg","_links":{"self":[{"href":"https:\/\/radiorevelacionfm.cl\/index.php?rest_route=\/wp\/v2\/posts\/7572","targetHints":{"allow":["GET"]}}],"collection":[{"href":"https:\/\/radiorevelacionfm.cl\/index.php?rest_route=\/wp\/v2\/posts"}],"about":[{"href":"https:\/\/radiorevelacionfm.cl\/index.php?rest_route=\/wp\/v2\/types\/post"}],"author":[{"embeddable":true,"href":"https:\/\/radiorevelacionfm.cl\/index.php?rest_route=\/wp\/v2\/users\/1"}],"replies":[{"embeddable":true,"href":"https:\/\/radiorevelacionfm.cl\/index.php?rest_route=%2Fwp%2Fv2%2Fcomments&post=7572"}],"version-history":[{"count":1,"href":"https:\/\/radiorevelacionfm.cl\/index.php?rest_route=\/wp\/v2\/posts\/7572\/revisions"}],"predecessor-version":[{"id":7574,"href":"https:\/\/radiorevelacionfm.cl\/index.php?rest_route=\/wp\/v2\/posts\/7572\/revisions\/7574"}],"wp:featuredmedia":[{"embeddable":true,"href":"https:\/\/radiorevelacionfm.cl\/index.php?rest_route=\/wp\/v2\/media\/7573"}],"wp:attachment":[{"href":"https:\/\/radiorevelacionfm.cl\/index.php?rest_route=%2Fwp%2Fv2%2Fmedia&parent=7572"}],"wp:term":[{"taxonomy":"category","embeddable":true,"href":"https:\/\/radiorevelacionfm.cl\/index.php?rest_route=%2Fwp%2Fv2%2Fcategories&post=7572"},{"taxonomy":"post_tag","embeddable":true,"href":"https:\/\/radiorevelacionfm.cl\/index.php?rest_route=%2Fwp%2Fv2%2Ftags&post=7572"}],"curies":[{"name":"wp","href":"https:\/\/api.w.org\/{rel}","templated":true}]}}