{"id":7569,"date":"2021-08-18T10:26:03","date_gmt":"2021-08-18T13:26:03","guid":{"rendered":"https:\/\/radiorevelacionfm.cl\/?p=7569"},"modified":"2021-08-18T10:26:03","modified_gmt":"2021-08-18T13:26:03","slug":"atencion-ultima-semana-de-inscripcion-a-la-prueba-de-transicion","status":"publish","type":"post","link":"https:\/\/radiorevelacionfm.cl\/?p=7569","title":{"rendered":"Atenci\u00f3n \u00a1\u00daltima semana de inscripci\u00f3n a la Prueba de Transici\u00f3n!"},"content":{"rendered":"<div class=\"flex_column av_one_full  flex_column_div av-zero-column-padding first  avia-builder-el-0  el_before_av_one_full  avia-builder-el-first  \" style='border-radius:0px; '><div  class='avia-image-container  av-styling-    avia-builder-el-1  avia-builder-el-no-sibling  avia-align-center '  itemprop=\"image\" itemscope=\"itemscope\" itemtype=\"https:\/\/schema.org\/ImageObject\"  ><div class='avia-image-container-inner'><div class='avia-image-overlay-wrap'><img decoding=\"async\" class='wp-image-7570 avia-img-lazy-loading-not-7570 avia_image' src=\"https:\/\/radiorevelacionfm.cl\/wp-content\/uploads\/2021\/08\/pdt23-1_optimized.jpeg\" alt='' title='pdt23-(1)_optimized' height=\"600\" width=\"1015\"  itemprop=\"thumbnailUrl\" srcset=\"https:\/\/radiorevelacionfm.cl\/wp-content\/uploads\/2021\/08\/pdt23-1_optimized.jpeg 1015w, https:\/\/radiorevelacionfm.cl\/wp-content\/uploads\/2021\/08\/pdt23-1_optimized-300x177.jpeg 300w, https:\/\/radiorevelacionfm.cl\/wp-content\/uploads\/2021\/08\/pdt23-1_optimized-768x454.jpeg 768w, https:\/\/radiorevelacionfm.cl\/wp-content\/uploads\/2021\/08\/pdt23-1_optimized-705x417.jpeg 705w, https:\/\/radiorevelacionfm.cl\/wp-content\/uploads\/2021\/08\/pdt23-1_optimized-600x355.jpeg 600w\" sizes=\"(max-width: 1015px) 100vw, 1015px\" \/><\/div><\/div><\/div><\/div>\n<div class=\"flex_column av_one_full  flex_column_div av-zero-column-padding first  avia-builder-el-2  el_after_av_one_full  el_before_av_one_full  column-top-margin\" style='border-radius:0px; '><section class=\"av_textblock_section \"  itemscope=\"itemscope\" itemtype=\"https:\/\/schema.org\/BlogPosting\" itemprop=\"blogPost\" ><div class='avia_textblock  '   itemprop=\"text\" ><p style=\"text-align: center;\"><span style=\"font-size: 18pt;\"><b>Atenci\u00f3n \u00a1\u00daltima semana de inscripci\u00f3n a la Prueba de Transici\u00f3n!<\/b><\/span><\/p>\n<div id=\"gtx-trans\" style=\"position: absolute; left: -50px; top: 4.31534px;\">\n<div class=\"gtx-trans-icon\"><\/div>\n<\/div>\n<\/div><\/section><\/div><div class=\"flex_column av_one_full  flex_column_div av-zero-column-padding first  avia-builder-el-4  el_after_av_one_full  el_before_av_hr  column-top-margin\" style='border-radius:0px; '><section class=\"av_textblock_section \"  itemscope=\"itemscope\" itemtype=\"https:\/\/schema.org\/BlogPosting\" itemprop=\"blogPost\" ><div class='avia_textblock  '   itemprop=\"text\" ><p class=\"v1MsoNormal\" style=\"text-align: justify;\">Hasta el lunes 23 de agosto a las 13:00 horas estar\u00e1 abierto el \u00faltimo proceso de inscripci\u00f3n extraordinaria para la Prueba de Transici\u00f3n que se rendir\u00e1 durante la semana del 6 de diciembre. Luego de que m\u00e1s de 200 mil j\u00f3venes ya se inscribieran en el primer periodo, el nuevo Sistema de Acceso a la Educaci\u00f3n Superior abri\u00f3 este \u00faltimo proceso en el que se pueden inscribir tanto los estudiantes de IV Medio como los alumnos de generaciones anteriores que quieran postular a las 45 universidades adscritas, a trav\u00e9s del portal acceso.mineduc.cl.<\/p>\n<p class=\"v1MsoNormal\" style=\"text-align: justify;\">Es importante recordar que los alumnos que est\u00e1n cursando IV Medio en colegios municipales, servicios locales de educaci\u00f3n, particulares subvencionados y de administraci\u00f3n delegada quedar\u00e1n exentos de pago, sum\u00e1ndose a los m\u00e1s de 142 mil j\u00f3venes que ya accedieron al beneficio otorgado por la Subsecretar\u00eda de Educaci\u00f3n Superior.<\/p>\n<p class=\"v1MsoNormal\" style=\"text-align: justify;\">\u201cEsta es la \u00faltima semana de inscripci\u00f3n y por eso queremos reforzar el llamado a todos los j\u00f3venes que por diversos motivos a\u00fan no se han inscrito para que no dejen para el \u00faltimo momento esta oportunidad, y puedan inscribirse con tiempo en acceso.mineduc.cl. En el portal no solo podr\u00e1n inscribirse, sino que adem\u00e1s podr\u00e1n encontrar toda la informaci\u00f3n que necesitan para su proceso de postulaci\u00f3n a la Educaci\u00f3n Superior\u201d, se\u00f1al\u00f3 el subsecretario de Educaci\u00f3n Superior, Juan Eduardo Vargas.<\/p>\n<p class=\"v1MsoNormal\" style=\"text-align: justify;\">Leonor Varas, directora del DEMRE de la Universidad de Chile, destac\u00f3 adem\u00e1s que \u201ceste a\u00f1o seguimos progresando hacia pruebas m\u00e1s justas y estamos incorporando cuatro nuevas sedes de rendici\u00f3n para que m\u00e1s j\u00f3venes puedan rendir la prueba cerca de sus casas, en las mejores condiciones posibles para una rendici\u00f3n segura, considerando tambi\u00e9n el contexto de pandemia. Los invitamos a inscribirse con confianza\u201d.<\/p>\n<p class=\"v1MsoNormal\" style=\"text-align: justify;\">El Seremi de Educaci\u00f3n de Ays\u00e9n\u00a0 Sergio Becerra Mera inform\u00f3 que a la fecha en la regi\u00f3n hay 1.626 j\u00f3venes inscritos; 1.519\u00a0 se inscribieron en el primer proceso y 107 se inscribieron\u00a0 durante el proceso extraordinario de postulaci\u00f3n.<\/p>\n<p class=\"v1MsoNormal\" style=\"text-align: justify;\">El subsecretario Vargas record\u00f3 que, para apoyar a los j\u00f3venes en el contexto de la pandemia, al igual que en 2020, el Ministerio de Educaci\u00f3n ha puesto a disposici\u00f3n de los postulantes la oportunidad de acceder de forma gratuita a dos preuniversitarios online, a los que se pueden inscribir a trav\u00e9s del portal aprendoenlinea.mineduc.cl. Asimismo, en los portales de Acceso y DEMRE los j\u00f3venes podr\u00e1n acceder a los ensayos oficiales de la Prueba de Transici\u00f3n y a las gu\u00edas de resoluci\u00f3n de cada una de ellas para complementar su proceso de preparaci\u00f3n.<\/p>\n<p class=\"v1MsoNormal\" style=\"text-align: justify;\"><b>C\u00f3mo inscribirse<\/b><\/p>\n<p class=\"v1MsoNormal\" style=\"text-align: justify;\">El formulario de inscripci\u00f3n se encuentra disponible en acceso.mineduc.cl. En ese portal y en www.demre.cl, los j\u00f3venes podr\u00e1n encontrar material para prepararse para la Prueba de Transici\u00f3n e informaci\u00f3n con las instrucciones generales para inscribirse de manera adecuada. Para inscribirse es necesario contar con C\u00e9dula de Identidad Chilena (aunque est\u00e9 vencida), Pasaporte o Identificador Provisorio Escolar (IPE). Aquellas personas chilenas que durante el per\u00edodo extraordinario (05 al 23 de agosto) no cuenten con su C\u00e9dula de Identidad o esta se encuentre en tr\u00e1mite o bloqueada, podr\u00e1n inscribirse, en este per\u00edodo, siguiendo el procedimiento correspondiente que estar\u00e1 disponible en los portales ya mencionados.<\/p>\n<p class=\"v1MsoNormal\" style=\"text-align: justify;\">Adicionalmente, quienes tengan problemas respecto de sus notas de ense\u00f1anza media, podr\u00e1n inscribirse, debiendo regularizar de igual forma sus antecedentes en MINEDUC. Y ante cualquier duda, pueden comunicarse con Ayuda Mineduc, al 600 600 26 26 (desde celulares, al 224066600), o a la Mesa de Ayuda DEMRE, al 229783806.<\/p>\n<\/div><\/section><\/div><\/p>\n<div  style='height:50px' class='hr hr-invisible   avia-builder-el-6  el_after_av_one_full  el_before_av_social_share '><span class='hr-inner ' ><span class='hr-inner-style'><\/span><\/span><\/div>\n<div  class='av-social-sharing-box  avia-builder-el-7  el_after_av_hr  el_before_av_hr  '><div class='av-share-box'><h5 class='av-share-link-description av-no-toc '>Compartir esta noticia<\/h5><ul class='av-share-box-list noLightbox'><li class='av-share-link av-social-link-facebook' ><a target=\"_blank\" aria-label=\"Compartir en Facebook\" href='https:\/\/www.facebook.com\/sharer.php?u=https:\/\/radiorevelacionfm.cl\/?p=7569&#038;t=Atenci%C3%B3n%20%C2%A1%C3%9Altima%20semana%20de%20inscripci%C3%B3n%20a%20la%20Prueba%20de%20Transici%C3%B3n%21' aria-hidden='false' data-av_icon='\ue8f3' data-av_iconfont='entypo-fontello' title='' data-avia-related-tooltip='Compartir en Facebook' rel=\"noopener\"><span class='avia_hidden_link_text'>Compartir en Facebook<\/span><\/a><\/li><li class='av-share-link av-social-link-twitter' ><a target=\"_blank\" aria-label=\"Compartir en Twitter\" href='https:\/\/twitter.com\/share?text=Atenci%C3%B3n%20%C2%A1%C3%9Altima%20semana%20de%20inscripci%C3%B3n%20a%20la%20Prueba%20de%20Transici%C3%B3n%21&#038;url=https:\/\/radiorevelacionfm.cl\/?p=7569' aria-hidden='false' data-av_icon='\ue8f1' data-av_iconfont='entypo-fontello' title='' data-avia-related-tooltip='Compartir en Twitter' rel=\"noopener\"><span class='avia_hidden_link_text'>Compartir en Twitter<\/span><\/a><\/li><li class='av-share-link av-social-link-whatsapp' ><a target=\"_blank\" aria-label=\"Compartir en Whatsapp\" href='https:\/\/api.whatsapp.com\/send?text=https:\/\/radiorevelacionfm.cl\/?p=7569' aria-hidden='false' data-av_icon='\uf232' data-av_iconfont='entypo-fontello' title='' data-avia-related-tooltip='Compartir en Whatsapp' rel=\"noopener\"><span class='avia_hidden_link_text'>Compartir en Whatsapp<\/span><\/a><\/li><li class='av-share-link av-social-link-linkedin' ><a target=\"_blank\" aria-label=\"Compartir en LinkedIn\" href='https:\/\/linkedin.com\/shareArticle?mini=true&#038;title=Atenci%C3%B3n%20%C2%A1%C3%9Altima%20semana%20de%20inscripci%C3%B3n%20a%20la%20Prueba%20de%20Transici%C3%B3n%21&#038;url=https:\/\/radiorevelacionfm.cl\/?p=7569' aria-hidden='false' data-av_icon='\ue8fc' data-av_iconfont='entypo-fontello' title='' data-avia-related-tooltip='Compartir en LinkedIn' rel=\"noopener\"><span class='avia_hidden_link_text'>Compartir en LinkedIn<\/span><\/a><\/li><li class='av-share-link av-social-link-mail' ><a  aria-label=\"Compartir por correo\" href='mailto:?subject=Atenci%C3%B3n%20%C2%A1%C3%9Altima%20semana%20de%20inscripci%C3%B3n%20a%20la%20Prueba%20de%20Transici%C3%B3n%21&#038;body=https:\/\/radiorevelacionfm.cl\/?p=7569' aria-hidden='false' data-av_icon='\ue805' data-av_iconfont='entypo-fontello' title='' data-avia-related-tooltip='Compartir por correo'><span class='avia_hidden_link_text'>Compartir por correo<\/span><\/a><\/li><\/ul><\/div><\/div>\n<div  style='height:50px' class='hr hr-invisible   avia-builder-el-8  el_after_av_social_share  el_before_av_comments_list '><span class='hr-inner ' ><span class='hr-inner-style'><\/span><\/span><\/div>\n<div  class='av-buildercomment  av-blog-meta-html-info-disabled av-blog-meta-tag-disabled  '><\/div>\n","protected":false},"excerpt":{"rendered":"","protected":false},"author":1,"featured_media":7570,"comment_status":"open","ping_status":"open","sticky":false,"template":"","format":"standard","meta":{"footnotes":""},"categories":[49],"tags":[],"class_list":["post-7569","post","type-post","status-publish","format-standard","has-post-thumbnail","hentry","category-educacion"],"jetpack_featured_media_url":"https:\/\/radiorevelacionfm.cl\/wp-content\/uploads\/2021\/08\/pdt23-1_optimized.jpeg","_links":{"self":[{"href":"https:\/\/radiorevelacionfm.cl\/index.php?rest_route=\/wp\/v2\/posts\/7569","targetHints":{"allow":["GET"]}}],"collection":[{"href":"https:\/\/radiorevelacionfm.cl\/index.php?rest_route=\/wp\/v2\/posts"}],"about":[{"href":"https:\/\/radiorevelacionfm.cl\/index.php?rest_route=\/wp\/v2\/types\/post"}],"author":[{"embeddable":true,"href":"https:\/\/radiorevelacionfm.cl\/index.php?rest_route=\/wp\/v2\/users\/1"}],"replies":[{"embeddable":true,"href":"https:\/\/radiorevelacionfm.cl\/index.php?rest_route=%2Fwp%2Fv2%2Fcomments&post=7569"}],"version-history":[{"count":2,"href":"https:\/\/radiorevelacionfm.cl\/index.php?rest_route=\/wp\/v2\/posts\/7569\/revisions"}],"predecessor-version":[{"id":7593,"href":"https:\/\/radiorevelacionfm.cl\/index.php?rest_route=\/wp\/v2\/posts\/7569\/revisions\/7593"}],"wp:featuredmedia":[{"embeddable":true,"href":"https:\/\/radiorevelacionfm.cl\/index.php?rest_route=\/wp\/v2\/media\/7570"}],"wp:attachment":[{"href":"https:\/\/radiorevelacionfm.cl\/index.php?rest_route=%2Fwp%2Fv2%2Fmedia&parent=7569"}],"wp:term":[{"taxonomy":"category","embeddable":true,"href":"https:\/\/radiorevelacionfm.cl\/index.php?rest_route=%2Fwp%2Fv2%2Fcategories&post=7569"},{"taxonomy":"post_tag","embeddable":true,"href":"https:\/\/radiorevelacionfm.cl\/index.php?rest_route=%2Fwp%2Fv2%2Ftags&post=7569"}],"curies":[{"name":"wp","href":"https:\/\/api.w.org\/{rel}","templated":true}]}}