{"id":7567,"date":"2021-08-17T18:01:11","date_gmt":"2021-08-17T21:01:11","guid":{"rendered":"https:\/\/radiorevelacionfm.cl\/?p=7567"},"modified":"2021-08-17T18:01:11","modified_gmt":"2021-08-17T21:01:11","slug":"gran-cruzada-solidaria-se-ha-organizado-en-apoyo-a-familias-damnificadas-por-incendio-en-villa-la-tapera","status":"publish","type":"post","link":"https:\/\/radiorevelacionfm.cl\/?p=7567","title":{"rendered":"Gran cruzada solidaria se ha organizado en apoyo a familias damnificadas por incendio en Villa La Tapera"},"content":{"rendered":"<div class=\"flex_column av_one_full  flex_column_div av-zero-column-padding first  avia-builder-el-0  el_before_av_one_full  avia-builder-el-first  \" style='border-radius:0px; '><div  class='avia-image-container  av-styling-    avia-builder-el-1  avia-builder-el-no-sibling  avia-align-center '  itemprop=\"image\" itemscope=\"itemscope\" itemtype=\"https:\/\/schema.org\/ImageObject\"  ><div class='avia-image-container-inner'><div class='avia-image-overlay-wrap'><img decoding=\"async\" class='wp-image-7391 avia-img-lazy-loading-not-7391 avia_image' src=\"https:\/\/radiorevelacionfm.cl\/wp-content\/uploads\/2021\/08\/INCENDIO-TAPERA-4-1-1.jpg\" alt='' title='INCENDIO TAPERA 4 (1) (1)' height=\"600\" width=\"747\"  itemprop=\"thumbnailUrl\" srcset=\"https:\/\/radiorevelacionfm.cl\/wp-content\/uploads\/2021\/08\/INCENDIO-TAPERA-4-1-1.jpg 747w, https:\/\/radiorevelacionfm.cl\/wp-content\/uploads\/2021\/08\/INCENDIO-TAPERA-4-1-1-300x241.jpg 300w, https:\/\/radiorevelacionfm.cl\/wp-content\/uploads\/2021\/08\/INCENDIO-TAPERA-4-1-1-705x566.jpg 705w, https:\/\/radiorevelacionfm.cl\/wp-content\/uploads\/2021\/08\/INCENDIO-TAPERA-4-1-1-600x482.jpg 600w\" sizes=\"(max-width: 747px) 100vw, 747px\" \/><\/div><\/div><\/div><\/div><div class=\"flex_column av_one_full  flex_column_div av-zero-column-padding first  avia-builder-el-2  el_after_av_one_full  el_before_av_one_full  column-top-margin\" style='border-radius:0px; '><section class=\"av_textblock_section \"  itemscope=\"itemscope\" itemtype=\"https:\/\/schema.org\/BlogPosting\" itemprop=\"blogPost\" ><div class='avia_textblock  '   itemprop=\"text\" ><p style=\"text-align: center;\"><strong><span style=\"font-size: 18pt;\">Gran cruzada solidaria se ha organizado en apoyo a familias damnificadas por incendio en Villa La Tapera<\/span><\/strong><\/p>\n<div id=\"gtx-trans\" style=\"position: absolute; left: -50px; top: 4.31534px;\">\n<div class=\"gtx-trans-icon\"><\/div>\n<\/div>\n<\/div><\/section><\/div><div class=\"flex_column av_one_full  flex_column_div av-zero-column-padding first  avia-builder-el-4  el_after_av_one_full  el_before_av_hr  column-top-margin\" style='border-radius:0px; '><section class=\"av_textblock_section \"  itemscope=\"itemscope\" itemtype=\"https:\/\/schema.org\/BlogPosting\" itemprop=\"blogPost\" ><div class='avia_textblock  '   itemprop=\"text\" ><p style=\"text-align: justify;\">El incendio que hace algunos d\u00edas afect\u00f3 a dos familias de Villa La Tapera, ha permitido desarrollar una serie de acciones solidarias, donde la comunidad de distintos puntos de la regi\u00f3n ha decidido colaborar con quienes lo perdieron todo a ra\u00edz de un siniestro.<\/p>\n<p style=\"text-align: justify;\">Desde la Municipalidad de Lago Verde, el propio Alcalde Nelson Opazo con el permanente apoyo de todos los Concejales, han logrado desarrollar gestiones ante organismos regionales como Onemi y ya pronto llegar\u00e1n las viviendas destinadas a los damnificados.<\/p>\n<p style=\"text-align: justify;\">\u201cAfortunadamente ha ido avanzando la materializaci\u00f3n de una vivienda de emergencia para cada familia, pero es un poco m\u00e1s que una vivienda de emergencia ya que viene con todo el equipamiento, instalaci\u00f3n el\u00e9ctrica, pr\u00e1cticamente una vivienda definitiva. A esto se suma lo que hemos comprometido como administraci\u00f3n y como Concejo, porque debemos mencionar el apoyo un\u00e1nime que ha existido de parte del Concejo y la preocupaci\u00f3n de todos los Concejales respecto a estas familias afectadas, as\u00ed es que, en ese contexto hemos podido avanzar de manera importante\u201d, se\u00f1al\u00f3 el edil.<\/p>\n<p style=\"text-align: justify;\">El Alcalde Nelson Opazo, valor\u00f3 adem\u00e1s la solidaridad de toda la comunidad para quienes sufrieron la perdida de sus viviendas. Esto tambi\u00e9n se demuestra a trav\u00e9s de las radios comunitarias que posee la Municipalidad de Lago Verde y nuevamente con el importante apoyo de la Red de Emisoras del Sol, lo que permitir\u00e1 el d\u00eda 3 de septiembre realizar un gran Remate Solidario.<\/p>\n<p style=\"text-align: justify;\">\u201cQueremos hacer algo ordenado, generar esta actividad de buena forma, hoy d\u00eda lo mencionamos abiertamente dado que est\u00e1 organizado y proyectado. En la primera etapa tenemos una semana en la cual vamos a recepcionar los premios para los remates, donde gentilmente nos han manifestado su colaboraci\u00f3n tanto los equipos nuestras radios comunitarias y de manera muy importante el equipo de Fm del Sol de Ma\u00f1ihuales compuesto por Sandro Parra, don V\u00edctor Lema y don Luis Troncoso, un profesor muy colaborador. Este remate va a ser generado y se va a efectuar el d\u00eda 3 de septiembre\u201d.<\/p>\n<p style=\"text-align: justify;\">Es importante relevar que en toda esta lamentable situaci\u00f3n que afect\u00f3 a dos familias de Villa La Tapera, las fuerzas vivas de la localidad, los vecinos, vecinas, organizaciones, dirigentes y la junta de vecinos del sector presidida por don Marcos Cadagan, demuestran que en esta peque\u00f1a comunidad desde el primer minuto han dado cuenta de una gran solidaridad.<\/p>\n<p style=\"text-align: justify;\">Finalmente, para colaborar con premios para los remates existen distintos puntos ya dispuestos, en radio Fm del Sol de Ma\u00f1ihuales con su tel\u00e9fono 672 \u2013 336592 o al correo <a href=\"mailto:fmdelsol@puertoaysen.cl\">fmdelsol@puertoaysen.cl<\/a><\/p>\n<p style=\"text-align: justify;\">En Lago Verde contacto +56942754034 (solo WhatsApp) correo electr\u00f3nico <a href=\"mailto:radiofmdellago104.5@gmail.com\">radiofmdellago104.5@gmail.com<\/a><\/p>\n<p style=\"text-align: justify;\">En Villa La Tapera el n\u00famero es +56978256476 correo <a href=\"mailto:malet.tapera@gmail.com\">malet.tapera@gmail.com<\/a><\/p>\n<p style=\"text-align: left;\">Y en Villa Amengual los n\u00fameros son 672 \u2013 215402 o +56953830590 correo electr\u00f3nico <a href=\"mailto:rayen.villaamengual@gmail.com\">rayen.villaamengual@gmail.com<\/a><\/p>\n<\/div><\/section><\/div><div  style='height:50px' class='hr hr-invisible   avia-builder-el-6  el_after_av_one_full  el_before_av_social_share '><span class='hr-inner ' ><span class='hr-inner-style'><\/span><\/span><\/div><\/p>\n<div  class='av-social-sharing-box  avia-builder-el-7  el_after_av_hr  el_before_av_hr  '><div class='av-share-box'><h5 class='av-share-link-description av-no-toc '>Compartir esta noticia<\/h5><ul class='av-share-box-list noLightbox'><li class='av-share-link av-social-link-facebook' ><a target=\"_blank\" aria-label=\"Compartir en Facebook\" href='https:\/\/www.facebook.com\/sharer.php?u=https:\/\/radiorevelacionfm.cl\/?p=7567&#038;t=Gran%20cruzada%20solidaria%20se%20ha%20organizado%20en%20apoyo%20a%20familias%20damnificadas%20por%20incendio%20en%20Villa%20La%20Tapera' aria-hidden='false' data-av_icon='\ue8f3' data-av_iconfont='entypo-fontello' title='' data-avia-related-tooltip='Compartir en Facebook' rel=\"noopener\"><span class='avia_hidden_link_text'>Compartir en Facebook<\/span><\/a><\/li><li class='av-share-link av-social-link-twitter' ><a target=\"_blank\" aria-label=\"Compartir en Twitter\" href='https:\/\/twitter.com\/share?text=Gran%20cruzada%20solidaria%20se%20ha%20organizado%20en%20apoyo%20a%20familias%20damnificadas%20por%20incendio%20en%20Villa%20La%20Tapera&#038;url=https:\/\/radiorevelacionfm.cl\/?p=7567' aria-hidden='false' data-av_icon='\ue8f1' data-av_iconfont='entypo-fontello' title='' data-avia-related-tooltip='Compartir en Twitter' rel=\"noopener\"><span class='avia_hidden_link_text'>Compartir en Twitter<\/span><\/a><\/li><li class='av-share-link av-social-link-whatsapp' ><a target=\"_blank\" aria-label=\"Compartir en Whatsapp\" href='https:\/\/api.whatsapp.com\/send?text=https:\/\/radiorevelacionfm.cl\/?p=7567' aria-hidden='false' data-av_icon='\uf232' data-av_iconfont='entypo-fontello' title='' data-avia-related-tooltip='Compartir en Whatsapp' rel=\"noopener\"><span class='avia_hidden_link_text'>Compartir en Whatsapp<\/span><\/a><\/li><li class='av-share-link av-social-link-linkedin' ><a target=\"_blank\" aria-label=\"Compartir en LinkedIn\" href='https:\/\/linkedin.com\/shareArticle?mini=true&#038;title=Gran%20cruzada%20solidaria%20se%20ha%20organizado%20en%20apoyo%20a%20familias%20damnificadas%20por%20incendio%20en%20Villa%20La%20Tapera&#038;url=https:\/\/radiorevelacionfm.cl\/?p=7567' aria-hidden='false' data-av_icon='\ue8fc' data-av_iconfont='entypo-fontello' title='' data-avia-related-tooltip='Compartir en LinkedIn' rel=\"noopener\"><span class='avia_hidden_link_text'>Compartir en LinkedIn<\/span><\/a><\/li><li class='av-share-link av-social-link-mail' ><a  aria-label=\"Compartir por correo\" href='mailto:?subject=Gran%20cruzada%20solidaria%20se%20ha%20organizado%20en%20apoyo%20a%20familias%20damnificadas%20por%20incendio%20en%20Villa%20La%20Tapera&#038;body=https:\/\/radiorevelacionfm.cl\/?p=7567' aria-hidden='false' data-av_icon='\ue805' data-av_iconfont='entypo-fontello' title='' data-avia-related-tooltip='Compartir por correo'><span class='avia_hidden_link_text'>Compartir por correo<\/span><\/a><\/li><\/ul><\/div><\/div>\n<div  style='height:50px' class='hr hr-invisible   avia-builder-el-8  el_after_av_social_share  el_before_av_comments_list '><span class='hr-inner ' ><span class='hr-inner-style'><\/span><\/span><\/div>\n<div  class='av-buildercomment  av-blog-meta-html-info-disabled av-blog-meta-tag-disabled  '><\/div>\n","protected":false},"excerpt":{"rendered":"","protected":false},"author":1,"featured_media":7391,"comment_status":"open","ping_status":"open","sticky":false,"template":"","format":"standard","meta":{"footnotes":""},"categories":[38],"tags":[],"class_list":["post-7567","post","type-post","status-publish","format-standard","has-post-thumbnail","hentry","category-regional"],"jetpack_featured_media_url":"https:\/\/radiorevelacionfm.cl\/wp-content\/uploads\/2021\/08\/INCENDIO-TAPERA-4-1-1.jpg","_links":{"self":[{"href":"https:\/\/radiorevelacionfm.cl\/index.php?rest_route=\/wp\/v2\/posts\/7567","targetHints":{"allow":["GET"]}}],"collection":[{"href":"https:\/\/radiorevelacionfm.cl\/index.php?rest_route=\/wp\/v2\/posts"}],"about":[{"href":"https:\/\/radiorevelacionfm.cl\/index.php?rest_route=\/wp\/v2\/types\/post"}],"author":[{"embeddable":true,"href":"https:\/\/radiorevelacionfm.cl\/index.php?rest_route=\/wp\/v2\/users\/1"}],"replies":[{"embeddable":true,"href":"https:\/\/radiorevelacionfm.cl\/index.php?rest_route=%2Fwp%2Fv2%2Fcomments&post=7567"}],"version-history":[{"count":1,"href":"https:\/\/radiorevelacionfm.cl\/index.php?rest_route=\/wp\/v2\/posts\/7567\/revisions"}],"predecessor-version":[{"id":7568,"href":"https:\/\/radiorevelacionfm.cl\/index.php?rest_route=\/wp\/v2\/posts\/7567\/revisions\/7568"}],"wp:featuredmedia":[{"embeddable":true,"href":"https:\/\/radiorevelacionfm.cl\/index.php?rest_route=\/wp\/v2\/media\/7391"}],"wp:attachment":[{"href":"https:\/\/radiorevelacionfm.cl\/index.php?rest_route=%2Fwp%2Fv2%2Fmedia&parent=7567"}],"wp:term":[{"taxonomy":"category","embeddable":true,"href":"https:\/\/radiorevelacionfm.cl\/index.php?rest_route=%2Fwp%2Fv2%2Fcategories&post=7567"},{"taxonomy":"post_tag","embeddable":true,"href":"https:\/\/radiorevelacionfm.cl\/index.php?rest_route=%2Fwp%2Fv2%2Ftags&post=7567"}],"curies":[{"name":"wp","href":"https:\/\/api.w.org\/{rel}","templated":true}]}}