{"id":7562,"date":"2021-08-17T17:35:59","date_gmt":"2021-08-17T20:35:59","guid":{"rendered":"https:\/\/radiorevelacionfm.cl\/?p=7562"},"modified":"2021-08-17T17:40:55","modified_gmt":"2021-08-17T20:40:55","slug":"con-plan-de-gestion-de-transito-concretaran-disenos-de-proyectos-urbanos-para-chile-chico","status":"publish","type":"post","link":"https:\/\/radiorevelacionfm.cl\/?p=7562","title":{"rendered":"Con Plan de Gesti\u00f3n de Tr\u00e1nsito concretar\u00e1n dise\u00f1os de proyectos urbanos para Chile Chico"},"content":{"rendered":"<div class=\"flex_column av_one_full  flex_column_div av-zero-column-padding first  avia-builder-el-0  el_before_av_one_full  avia-builder-el-first  \" style='border-radius:0px; '><div  class='avia-image-container  av-styling-    avia-builder-el-1  avia-builder-el-no-sibling  avia-align-center '  itemprop=\"image\" itemscope=\"itemscope\" itemtype=\"https:\/\/schema.org\/ImageObject\"  ><div class='avia-image-container-inner'><div class='avia-image-overlay-wrap'><img decoding=\"async\" class='wp-image-7565 avia-img-lazy-loading-not-7565 avia_image' src=\"https:\/\/radiorevelacionfm.cl\/wp-content\/uploads\/2021\/08\/dsc_4708i-1_optimized.jpg\" alt='' title='dsc_4708i-(1)_optimized' height=\"600\" width=\"1025\"  itemprop=\"thumbnailUrl\" srcset=\"https:\/\/radiorevelacionfm.cl\/wp-content\/uploads\/2021\/08\/dsc_4708i-1_optimized.jpg 1025w, https:\/\/radiorevelacionfm.cl\/wp-content\/uploads\/2021\/08\/dsc_4708i-1_optimized-300x176.jpg 300w, https:\/\/radiorevelacionfm.cl\/wp-content\/uploads\/2021\/08\/dsc_4708i-1_optimized-768x450.jpg 768w, https:\/\/radiorevelacionfm.cl\/wp-content\/uploads\/2021\/08\/dsc_4708i-1_optimized-705x413.jpg 705w, https:\/\/radiorevelacionfm.cl\/wp-content\/uploads\/2021\/08\/dsc_4708i-1_optimized-600x351.jpg 600w\" sizes=\"(max-width: 1025px) 100vw, 1025px\" \/><\/div><\/div><\/div><\/div><div class=\"flex_column av_one_full  flex_column_div av-zero-column-padding first  avia-builder-el-2  el_after_av_one_full  el_before_av_one_full  column-top-margin\" style='border-radius:0px; '><section class=\"av_textblock_section \"  itemscope=\"itemscope\" itemtype=\"https:\/\/schema.org\/BlogPosting\" itemprop=\"blogPost\" ><div class='avia_textblock  '   itemprop=\"text\" ><p style=\"text-align: center;\"><strong><span style=\"font-size: 18pt;\">Con Plan de Gesti\u00f3n de Tr\u00e1nsito concretar\u00e1n dise\u00f1os de proyectos urbanos para Chile Chico<\/span><\/strong><\/p>\n<div id=\"gtx-trans\" style=\"position: absolute; left: -50px; top: 4.31534px;\">\n<div class=\"gtx-trans-icon\"><\/div>\n<\/div>\n<\/div><\/section><\/div><\/p>\n<div class=\"flex_column av_one_full  flex_column_div av-zero-column-padding first  avia-builder-el-4  el_after_av_one_full  el_before_av_hr  column-top-margin\" style='border-radius:0px; '><section class=\"av_textblock_section \"  itemscope=\"itemscope\" itemtype=\"https:\/\/schema.org\/BlogPosting\" itemprop=\"blogPost\" ><div class='avia_textblock  '   itemprop=\"text\" ><p style=\"font-weight: 400; text-align: justify;\">Mediante un convenio entre el Ministerio de Transportes y Telecomunicaciones (MTT) y la Municipalidad de Chile Chico se realizar\u00e1 un Plan de Gesti\u00f3n de Tr\u00e1nsito. A trav\u00e9s de una licitaci\u00f3n, que est\u00e1 pr\u00f3xima a adjudicarse, se asignar\u00e1n fondos del MTT por 160 millones de pesos para realizar este estudio en Cochrane y la ciudad del Sol.<\/p>\n<p style=\"font-weight: 400; text-align: justify;\">El objetivo de \u00e9ste no s\u00f3lo es diagnosticar las problem\u00e1ticas actuales y emergentes para la movilidad, sino que tambi\u00e9n proponer dise\u00f1os que resuelvan las necesidades detectadas por este estudio. Seg\u00fan lo expresado por el seremiTT Fabi\u00e1n Rojas es vital contar con la perspectiva de la autoridad comunal a fin de generar proyectos que impacten en forma efectiva en una mejor planificaci\u00f3n urbana.<\/p>\n<p style=\"font-weight: 400; text-align: justify;\">\u201cUn plan de gesti\u00f3n de tr\u00e1nsito permite generar proyectos con perfiles de dise\u00f1o para ciclov\u00edas, normalizaci\u00f3n de tr\u00e1nsito, pavimentaci\u00f3n o proyecci\u00f3n de nuevas calles. Esto va alineado con lo que nos se\u00f1alaba el alcalde en funci\u00f3n de los proyectos que tiene a trav\u00e9s de su secretar\u00eda comunal de planificaci\u00f3n. Entonces, estamos trabajando en la misma l\u00ednea para los efectos de generar iniciativas que permitan proyectar una ciudad mucho m\u00e1s amigable desde el punto de vista urbano\u201d, explic\u00f3 Rojas.<\/p>\n<p style=\"font-weight: 400; text-align: justify;\">En tanto el edil de Chile Chico, Luperciano Mu\u00f1oz, reconoci\u00f3 la utilidad de estos fondos asignados para permitir concretar propuestas contenidas en el plan de inversi\u00f3n comunal. Entre ellas, proyectar una calle tipo boulevard en la principal arteria de la ciudad, que incluya una pavimentaci\u00f3n moderna, demarcaciones y equipamiento urbano que permita descongestionar y descontaminar visualmente la avenida Bernardo O\u00b4Higgins.<\/p>\n<p style=\"font-weight: 400; text-align: justify;\">\u201cEste convenio nos va a ayudar a avanzar en el dise\u00f1o ya que justamente estamos en busca de recursos para avanzar en esta iniciativa y este convenio nos viene como ca\u00eddo del cielo porque nos va a ayudar a hacer el dise\u00f1o de la calle principal para posteriormente postularla a ejecuci\u00f3n. Queremos modificar este eje con pavimento moderno, con colores, equipamiento urbano, con reductores de velocidad a 30 km\/h y soterrar el cableado a\u00e9reo que contamina visualmente\u201d.<\/p>\n<p style=\"font-weight: 400; text-align: justify;\">Adem\u00e1s de implementarse en Cochrane y Chile Chico, tambi\u00e9n se desarrollar\u00e1n Planes de Gesti\u00f3n de Tr\u00e1nsito en Melinka y Puerto Cisnes, con lo cual se contribuir\u00e1 a elevar el est\u00e1ndar de la infraestructura vial para estas localidades en crecimiento.<\/p>\n<\/div><\/section><\/div>\n<div  style='height:50px' class='hr hr-invisible   avia-builder-el-6  el_after_av_one_full  el_before_av_social_share '><span class='hr-inner ' ><span class='hr-inner-style'><\/span><\/span><\/div>\n<div  class='av-social-sharing-box  avia-builder-el-7  el_after_av_hr  el_before_av_hr  '><div class='av-share-box'><h5 class='av-share-link-description av-no-toc '>Compartir esta noticia<\/h5><ul class='av-share-box-list noLightbox'><li class='av-share-link av-social-link-facebook' ><a target=\"_blank\" aria-label=\"Compartir en Facebook\" href='https:\/\/www.facebook.com\/sharer.php?u=https:\/\/radiorevelacionfm.cl\/?p=7562&#038;t=Con%20Plan%20de%20Gesti%C3%B3n%20de%20Tr%C3%A1nsito%20concretar%C3%A1n%20dise%C3%B1os%20de%20proyectos%20urbanos%20para%20Chile%20Chico' aria-hidden='false' data-av_icon='\ue8f3' data-av_iconfont='entypo-fontello' title='' data-avia-related-tooltip='Compartir en Facebook' rel=\"noopener\"><span class='avia_hidden_link_text'>Compartir en Facebook<\/span><\/a><\/li><li class='av-share-link av-social-link-twitter' ><a target=\"_blank\" aria-label=\"Compartir en Twitter\" href='https:\/\/twitter.com\/share?text=Con%20Plan%20de%20Gesti%C3%B3n%20de%20Tr%C3%A1nsito%20concretar%C3%A1n%20dise%C3%B1os%20de%20proyectos%20urbanos%20para%20Chile%20Chico&#038;url=https:\/\/radiorevelacionfm.cl\/?p=7562' aria-hidden='false' data-av_icon='\ue8f1' data-av_iconfont='entypo-fontello' title='' data-avia-related-tooltip='Compartir en Twitter' rel=\"noopener\"><span class='avia_hidden_link_text'>Compartir en Twitter<\/span><\/a><\/li><li class='av-share-link av-social-link-whatsapp' ><a target=\"_blank\" aria-label=\"Compartir en Whatsapp\" href='https:\/\/api.whatsapp.com\/send?text=https:\/\/radiorevelacionfm.cl\/?p=7562' aria-hidden='false' data-av_icon='\uf232' data-av_iconfont='entypo-fontello' title='' data-avia-related-tooltip='Compartir en Whatsapp' rel=\"noopener\"><span class='avia_hidden_link_text'>Compartir en Whatsapp<\/span><\/a><\/li><li class='av-share-link av-social-link-linkedin' ><a target=\"_blank\" aria-label=\"Compartir en LinkedIn\" href='https:\/\/linkedin.com\/shareArticle?mini=true&#038;title=Con%20Plan%20de%20Gesti%C3%B3n%20de%20Tr%C3%A1nsito%20concretar%C3%A1n%20dise%C3%B1os%20de%20proyectos%20urbanos%20para%20Chile%20Chico&#038;url=https:\/\/radiorevelacionfm.cl\/?p=7562' aria-hidden='false' data-av_icon='\ue8fc' data-av_iconfont='entypo-fontello' title='' data-avia-related-tooltip='Compartir en LinkedIn' rel=\"noopener\"><span class='avia_hidden_link_text'>Compartir en LinkedIn<\/span><\/a><\/li><li class='av-share-link av-social-link-mail' ><a  aria-label=\"Compartir por correo\" href='mailto:?subject=Con%20Plan%20de%20Gesti%C3%B3n%20de%20Tr%C3%A1nsito%20concretar%C3%A1n%20dise%C3%B1os%20de%20proyectos%20urbanos%20para%20Chile%20Chico&#038;body=https:\/\/radiorevelacionfm.cl\/?p=7562' aria-hidden='false' data-av_icon='\ue805' data-av_iconfont='entypo-fontello' title='' data-avia-related-tooltip='Compartir por correo'><span class='avia_hidden_link_text'>Compartir por correo<\/span><\/a><\/li><\/ul><\/div><\/div>\n<div  style='height:50px' class='hr hr-invisible   avia-builder-el-8  el_after_av_social_share  el_before_av_comments_list '><span class='hr-inner ' ><span class='hr-inner-style'><\/span><\/span><\/div>\n<div  class='av-buildercomment  av-blog-meta-html-info-disabled av-blog-meta-tag-disabled  '><\/div>\n","protected":false},"excerpt":{"rendered":"","protected":false},"author":1,"featured_media":7565,"comment_status":"open","ping_status":"open","sticky":false,"template":"","format":"standard","meta":{"footnotes":""},"categories":[59],"tags":[],"class_list":["post-7562","post","type-post","status-publish","format-standard","has-post-thumbnail","hentry","category-transporte"],"jetpack_featured_media_url":"https:\/\/radiorevelacionfm.cl\/wp-content\/uploads\/2021\/08\/dsc_4708i-1_optimized.jpg","_links":{"self":[{"href":"https:\/\/radiorevelacionfm.cl\/index.php?rest_route=\/wp\/v2\/posts\/7562","targetHints":{"allow":["GET"]}}],"collection":[{"href":"https:\/\/radiorevelacionfm.cl\/index.php?rest_route=\/wp\/v2\/posts"}],"about":[{"href":"https:\/\/radiorevelacionfm.cl\/index.php?rest_route=\/wp\/v2\/types\/post"}],"author":[{"embeddable":true,"href":"https:\/\/radiorevelacionfm.cl\/index.php?rest_route=\/wp\/v2\/users\/1"}],"replies":[{"embeddable":true,"href":"https:\/\/radiorevelacionfm.cl\/index.php?rest_route=%2Fwp%2Fv2%2Fcomments&post=7562"}],"version-history":[{"count":2,"href":"https:\/\/radiorevelacionfm.cl\/index.php?rest_route=\/wp\/v2\/posts\/7562\/revisions"}],"predecessor-version":[{"id":7566,"href":"https:\/\/radiorevelacionfm.cl\/index.php?rest_route=\/wp\/v2\/posts\/7562\/revisions\/7566"}],"wp:featuredmedia":[{"embeddable":true,"href":"https:\/\/radiorevelacionfm.cl\/index.php?rest_route=\/wp\/v2\/media\/7565"}],"wp:attachment":[{"href":"https:\/\/radiorevelacionfm.cl\/index.php?rest_route=%2Fwp%2Fv2%2Fmedia&parent=7562"}],"wp:term":[{"taxonomy":"category","embeddable":true,"href":"https:\/\/radiorevelacionfm.cl\/index.php?rest_route=%2Fwp%2Fv2%2Fcategories&post=7562"},{"taxonomy":"post_tag","embeddable":true,"href":"https:\/\/radiorevelacionfm.cl\/index.php?rest_route=%2Fwp%2Fv2%2Ftags&post=7562"}],"curies":[{"name":"wp","href":"https:\/\/api.w.org\/{rel}","templated":true}]}}