{"id":7559,"date":"2021-08-17T17:10:30","date_gmt":"2021-08-17T20:10:30","guid":{"rendered":"https:\/\/radiorevelacionfm.cl\/?p=7559"},"modified":"2021-08-17T17:10:30","modified_gmt":"2021-08-17T20:10:30","slug":"mas-de-2-300-familias-beneficiarias-del-subsidio-de-calefaccion-2021-en-la-region-no-han-cobrado-el-aporte","status":"publish","type":"post","link":"https:\/\/radiorevelacionfm.cl\/?p=7559","title":{"rendered":"M\u00e1s de 2.300 familias beneficiarias del Subsidio de Calefacci\u00f3n 2021 en la regi\u00f3n no han cobrado el aporte"},"content":{"rendered":"<div class=\"flex_column av_one_full  flex_column_div av-zero-column-padding first  avia-builder-el-0  el_before_av_one_full  avia-builder-el-first  \" style='border-radius:0px; '><div  class='avia-image-container  av-styling-    avia-builder-el-1  avia-builder-el-no-sibling  avia-align-center '  itemprop=\"image\" itemscope=\"itemscope\" itemtype=\"https:\/\/schema.org\/ImageObject\"  ><div class='avia-image-container-inner'><div class='avia-image-overlay-wrap'><img decoding=\"async\" class='wp-image-7560 avia-img-lazy-loading-not-7560 avia_image' src=\"https:\/\/radiorevelacionfm.cl\/wp-content\/uploads\/2021\/08\/marcelo-jelvez-seremi-de-desarrollo-social-y-familia-aysen1-1_optimized.jpg\" alt='' title='marcelo-j\u00e9lvez,-seremi-de-desarrollo-social-y-familia-ays\u00e9n1-(1)_optimized' height=\"600\" width=\"1291\"  itemprop=\"thumbnailUrl\" srcset=\"https:\/\/radiorevelacionfm.cl\/wp-content\/uploads\/2021\/08\/marcelo-jelvez-seremi-de-desarrollo-social-y-familia-aysen1-1_optimized.jpg 1291w, https:\/\/radiorevelacionfm.cl\/wp-content\/uploads\/2021\/08\/marcelo-jelvez-seremi-de-desarrollo-social-y-familia-aysen1-1_optimized-300x139.jpg 300w, https:\/\/radiorevelacionfm.cl\/wp-content\/uploads\/2021\/08\/marcelo-jelvez-seremi-de-desarrollo-social-y-familia-aysen1-1_optimized-1030x479.jpg 1030w, https:\/\/radiorevelacionfm.cl\/wp-content\/uploads\/2021\/08\/marcelo-jelvez-seremi-de-desarrollo-social-y-familia-aysen1-1_optimized-768x357.jpg 768w, https:\/\/radiorevelacionfm.cl\/wp-content\/uploads\/2021\/08\/marcelo-jelvez-seremi-de-desarrollo-social-y-familia-aysen1-1_optimized-705x328.jpg 705w, https:\/\/radiorevelacionfm.cl\/wp-content\/uploads\/2021\/08\/marcelo-jelvez-seremi-de-desarrollo-social-y-familia-aysen1-1_optimized-600x279.jpg 600w\" sizes=\"(max-width: 1291px) 100vw, 1291px\" \/><\/div><\/div><\/div><\/div><div class=\"flex_column av_one_full  flex_column_div av-zero-column-padding first  avia-builder-el-2  el_after_av_one_full  el_before_av_one_full  column-top-margin\" style='border-radius:0px; '><section class=\"av_textblock_section \"  itemscope=\"itemscope\" itemtype=\"https:\/\/schema.org\/BlogPosting\" itemprop=\"blogPost\" ><div class='avia_textblock  '   itemprop=\"text\" ><p style=\"text-align: center;\"><strong><span style=\"font-size: 18pt;\">M\u00e1s de 2.300 familias beneficiarias del Subsidio de Calefacci\u00f3n 2021 en la regi\u00f3n no han cobrado el aporte<\/span><\/strong><\/p>\n<div id=\"gtx-trans\" style=\"position: absolute; left: -50px; top: 4.31534px;\">\n<div class=\"gtx-trans-icon\"><\/div>\n<\/div>\n<\/div><\/section><\/div><div class=\"flex_column av_one_full  flex_column_div av-zero-column-padding first  avia-builder-el-4  el_after_av_one_full  el_before_av_hr  column-top-margin\" style='border-radius:0px; '><section class=\"av_textblock_section \"  itemscope=\"itemscope\" itemtype=\"https:\/\/schema.org\/BlogPosting\" itemprop=\"blogPost\" ><div class='avia_textblock  '   itemprop=\"text\" ><p style=\"text-align: justify;\">Un llamado a todas las familias que tienen pendiente el cobro del Subsidio de Calefacci\u00f3n de Ays\u00e9n, hicieron el FOSIS y el Seremi de Desarrollo Social y Familia, Marcelo J\u00e9lvez, antes de que venza el plazo.<\/p>\n<p style=\"text-align: justify;\">\u201cQueremos informar que hay m\u00e1s de 2.300 familias, de las diez comunas de la Regi\u00f3n de Ays\u00e9n, que a\u00fan no han realizado el cobro de su beneficio en las sucursales de BancoEstado presentes en el territorio. Tenemos dos grandes grupos que a\u00fan no han ido a retirar su bono, quienes recibieron el beneficio a partir de marzo, deben cobrar antes de 15 de septiembre. De la misma manera, a las familias que correspond\u00eda el aporte en la instancia de ampliaci\u00f3n, en el mes de julio, debe cobrar antes del 23 de diciembre\u201d, se\u00f1al\u00f3 el Seremi.<\/p>\n<p style=\"text-align: justify;\">La autoridad regional recalc\u00f3 que \u201cposterior a las fechas ya mencionadas, los bonos no cobrados pasan a un proceso de reasignaci\u00f3n y ser\u00e1n destinados a las familias que quedaron en lista de espera, de acuerdo con la cantidad subsidios disponibles para el a\u00f1o en curso. Es importante se\u00f1alar que la mayor cantidad de subsidios pendientes de cobro se encuentran en las comunas de Coyhaique, Ays\u00e9n, Chile Chico, Cisnes y R\u00edo Ib\u00e1\u00f1ez\u201d, concluy\u00f3.<\/p>\n<p style=\"text-align: justify;\">El Subsidio de Calefacci\u00f3n es un aporte de $100.000 destinado a apoyar gastos asociados a la calefacci\u00f3n en la \u00e9poca invernal, que se entrega a trav\u00e9s del Fondo de Solidaridad e Inversi\u00f3n Social, FOSIS, del Ministerio de Desarrollo Social y Familia, a las familias m\u00e1s vulnerables de la Regi\u00f3n de Ays\u00e9n.<\/p>\n<p style=\"text-align: justify;\">Para verificar si a su familia le corresponde el Subsidio de Calefacci\u00f3n 2021 debe consultar con el rut en el sitio web del FOSIS (<a href=\"http:\/\/www.fosis.gob.cl\">www.fosis.gob.cl<\/a>). Para quienes no puedan concurrir presencialmente a realizar el cobro pueden gestionar el dep\u00f3sito del aporte a una cuenta bancaria asociada al receptor titular, en el mismo sitio web.<\/p>\n<p style=\"text-align: justify;\">La Directora Regional (S) del FOSIS, Mar\u00eda Soledad Vera, se\u00f1al\u00f3 que \u201cBanco Estado cuenta con sucursales en Coyhaique, Puerto Ays\u00e9n, Puerto Cisnes, Chile Chico y Cochrane; donde est\u00e1n dispuestas todas las medidas sanitarias requeridas para poder realizar los cobros presenciales pendientes del beneficio. Es importante comentar que para el presente a\u00f1o la entrega de este beneficio alcanz\u00f3 la cobertura de 28.550 familias, igualando la cobertura 2020, gracias al proceso de ampliaci\u00f3n iniciado en julio, donde se alcanz\u00f3 a cubrir parte del tramo del 60% seg\u00fan calificaci\u00f3n socio econ\u00f3mica del Registro Social de Hogares\u201d.<\/p>\n<p style=\"text-align: justify;\">El Subsidio de Calefacci\u00f3n no es postulable y lo reciben quienes se encuentran en los tramos de mayor vulnerabilidad seg\u00fan su calificaci\u00f3n socioecon\u00f3mica del RSH al 1 de marzo. Para m\u00e1s informaci\u00f3n o consultas sobre el beneficio visitar la web del FOSIS <a href=\"http:\/\/www.fosis.gob.cl\">www.fosis.gob.cl<\/a> o comunicarse con los tel\u00e9fonos +56934301234 o +56934301233.<\/p>\n<\/div><\/section><\/div><div  style='height:50px' class='hr hr-invisible   avia-builder-el-6  el_after_av_one_full  el_before_av_social_share '><span class='hr-inner ' ><span class='hr-inner-style'><\/span><\/span><\/div><\/p>\n<div  class='av-social-sharing-box  avia-builder-el-7  el_after_av_hr  el_before_av_hr  '><div class='av-share-box'><h5 class='av-share-link-description av-no-toc '>Compartir esta noticia<\/h5><ul class='av-share-box-list noLightbox'><li class='av-share-link av-social-link-facebook' ><a target=\"_blank\" aria-label=\"Compartir en Facebook\" href='https:\/\/www.facebook.com\/sharer.php?u=https:\/\/radiorevelacionfm.cl\/?p=7559&#038;t=M%C3%A1s%20de%202.300%20familias%20beneficiarias%20del%20Subsidio%20de%20Calefacci%C3%B3n%202021%20en%20la%20regi%C3%B3n%20no%20han%20cobrado%20el%20aporte' aria-hidden='false' data-av_icon='\ue8f3' data-av_iconfont='entypo-fontello' title='' data-avia-related-tooltip='Compartir en Facebook' rel=\"noopener\"><span class='avia_hidden_link_text'>Compartir en Facebook<\/span><\/a><\/li><li class='av-share-link av-social-link-twitter' ><a target=\"_blank\" aria-label=\"Compartir en Twitter\" href='https:\/\/twitter.com\/share?text=M%C3%A1s%20de%202.300%20familias%20beneficiarias%20del%20Subsidio%20de%20Calefacci%C3%B3n%202021%20en%20la%20regi%C3%B3n%20no%20han%20cobrado%20el%20aporte&#038;url=https:\/\/radiorevelacionfm.cl\/?p=7559' aria-hidden='false' data-av_icon='\ue8f1' data-av_iconfont='entypo-fontello' title='' data-avia-related-tooltip='Compartir en Twitter' rel=\"noopener\"><span class='avia_hidden_link_text'>Compartir en Twitter<\/span><\/a><\/li><li class='av-share-link av-social-link-whatsapp' ><a target=\"_blank\" aria-label=\"Compartir en Whatsapp\" href='https:\/\/api.whatsapp.com\/send?text=https:\/\/radiorevelacionfm.cl\/?p=7559' aria-hidden='false' data-av_icon='\uf232' data-av_iconfont='entypo-fontello' title='' data-avia-related-tooltip='Compartir en Whatsapp' rel=\"noopener\"><span class='avia_hidden_link_text'>Compartir en Whatsapp<\/span><\/a><\/li><li class='av-share-link av-social-link-linkedin' ><a target=\"_blank\" aria-label=\"Compartir en LinkedIn\" href='https:\/\/linkedin.com\/shareArticle?mini=true&#038;title=M%C3%A1s%20de%202.300%20familias%20beneficiarias%20del%20Subsidio%20de%20Calefacci%C3%B3n%202021%20en%20la%20regi%C3%B3n%20no%20han%20cobrado%20el%20aporte&#038;url=https:\/\/radiorevelacionfm.cl\/?p=7559' aria-hidden='false' data-av_icon='\ue8fc' data-av_iconfont='entypo-fontello' title='' data-avia-related-tooltip='Compartir en LinkedIn' rel=\"noopener\"><span class='avia_hidden_link_text'>Compartir en LinkedIn<\/span><\/a><\/li><li class='av-share-link av-social-link-mail' ><a  aria-label=\"Compartir por correo\" href='mailto:?subject=M%C3%A1s%20de%202.300%20familias%20beneficiarias%20del%20Subsidio%20de%20Calefacci%C3%B3n%202021%20en%20la%20regi%C3%B3n%20no%20han%20cobrado%20el%20aporte&#038;body=https:\/\/radiorevelacionfm.cl\/?p=7559' aria-hidden='false' data-av_icon='\ue805' data-av_iconfont='entypo-fontello' title='' data-avia-related-tooltip='Compartir por correo'><span class='avia_hidden_link_text'>Compartir por correo<\/span><\/a><\/li><\/ul><\/div><\/div>\n<div  style='height:50px' class='hr hr-invisible   avia-builder-el-8  el_after_av_social_share  el_before_av_comments_list '><span class='hr-inner ' ><span class='hr-inner-style'><\/span><\/span><\/div>\n<div  class='av-buildercomment  av-blog-meta-html-info-disabled av-blog-meta-tag-disabled  '><\/div>\n","protected":false},"excerpt":{"rendered":"","protected":false},"author":1,"featured_media":7560,"comment_status":"open","ping_status":"open","sticky":false,"template":"","format":"standard","meta":{"footnotes":""},"categories":[38],"tags":[],"class_list":["post-7559","post","type-post","status-publish","format-standard","has-post-thumbnail","hentry","category-regional"],"jetpack_featured_media_url":"https:\/\/radiorevelacionfm.cl\/wp-content\/uploads\/2021\/08\/marcelo-jelvez-seremi-de-desarrollo-social-y-familia-aysen1-1_optimized.jpg","_links":{"self":[{"href":"https:\/\/radiorevelacionfm.cl\/index.php?rest_route=\/wp\/v2\/posts\/7559","targetHints":{"allow":["GET"]}}],"collection":[{"href":"https:\/\/radiorevelacionfm.cl\/index.php?rest_route=\/wp\/v2\/posts"}],"about":[{"href":"https:\/\/radiorevelacionfm.cl\/index.php?rest_route=\/wp\/v2\/types\/post"}],"author":[{"embeddable":true,"href":"https:\/\/radiorevelacionfm.cl\/index.php?rest_route=\/wp\/v2\/users\/1"}],"replies":[{"embeddable":true,"href":"https:\/\/radiorevelacionfm.cl\/index.php?rest_route=%2Fwp%2Fv2%2Fcomments&post=7559"}],"version-history":[{"count":1,"href":"https:\/\/radiorevelacionfm.cl\/index.php?rest_route=\/wp\/v2\/posts\/7559\/revisions"}],"predecessor-version":[{"id":7561,"href":"https:\/\/radiorevelacionfm.cl\/index.php?rest_route=\/wp\/v2\/posts\/7559\/revisions\/7561"}],"wp:featuredmedia":[{"embeddable":true,"href":"https:\/\/radiorevelacionfm.cl\/index.php?rest_route=\/wp\/v2\/media\/7560"}],"wp:attachment":[{"href":"https:\/\/radiorevelacionfm.cl\/index.php?rest_route=%2Fwp%2Fv2%2Fmedia&parent=7559"}],"wp:term":[{"taxonomy":"category","embeddable":true,"href":"https:\/\/radiorevelacionfm.cl\/index.php?rest_route=%2Fwp%2Fv2%2Fcategories&post=7559"},{"taxonomy":"post_tag","embeddable":true,"href":"https:\/\/radiorevelacionfm.cl\/index.php?rest_route=%2Fwp%2Fv2%2Ftags&post=7559"}],"curies":[{"name":"wp","href":"https:\/\/api.w.org\/{rel}","templated":true}]}}