{"id":7553,"date":"2021-08-18T14:40:55","date_gmt":"2021-08-18T17:40:55","guid":{"rendered":"https:\/\/radiorevelacionfm.cl\/?p=7553"},"modified":"2021-08-18T14:40:55","modified_gmt":"2021-08-18T17:40:55","slug":"acompanamiento-en-caso-de-perdida-gestacional-ya-es-ley-norma-se-conoce-como-ley-dominga","status":"publish","type":"post","link":"https:\/\/radiorevelacionfm.cl\/?p=7553","title":{"rendered":"Acompa\u00f1amiento en caso de p\u00e9rdida gestacional ya es ley, norma se conoce como Ley Dominga"},"content":{"rendered":"<div class=\"flex_column av_one_full  flex_column_div av-zero-column-padding first  avia-builder-el-0  el_before_av_one_full  avia-builder-el-first  \" style='border-radius:0px; '><div  class='avia-image-container  av-styling-    avia-builder-el-1  avia-builder-el-no-sibling  avia-align-center '  itemprop=\"image\" itemscope=\"itemscope\" itemtype=\"https:\/\/schema.org\/ImageObject\"  ><div class='avia-image-container-inner'><div class='avia-image-overlay-wrap'><img decoding=\"async\" class='wp-image-7554 avia-img-lazy-loading-not-7554 avia_image' src=\"https:\/\/radiorevelacionfm.cl\/wp-content\/uploads\/2021\/08\/gestacion1-1-1.jpg\" alt='' title='gestacion1 (1) (1)' height=\"600\" width=\"893\"  itemprop=\"thumbnailUrl\" srcset=\"https:\/\/radiorevelacionfm.cl\/wp-content\/uploads\/2021\/08\/gestacion1-1-1.jpg 893w, https:\/\/radiorevelacionfm.cl\/wp-content\/uploads\/2021\/08\/gestacion1-1-1-300x202.jpg 300w, https:\/\/radiorevelacionfm.cl\/wp-content\/uploads\/2021\/08\/gestacion1-1-1-768x516.jpg 768w, https:\/\/radiorevelacionfm.cl\/wp-content\/uploads\/2021\/08\/gestacion1-1-1-705x474.jpg 705w, https:\/\/radiorevelacionfm.cl\/wp-content\/uploads\/2021\/08\/gestacion1-1-1-600x403.jpg 600w\" sizes=\"(max-width: 893px) 100vw, 893px\" \/><\/div><\/div><\/div><\/div><div class=\"flex_column av_one_full  flex_column_div av-zero-column-padding first  avia-builder-el-2  el_after_av_one_full  el_before_av_one_full  column-top-margin\" style='border-radius:0px; '><section class=\"av_textblock_section \"  itemscope=\"itemscope\" itemtype=\"https:\/\/schema.org\/BlogPosting\" itemprop=\"blogPost\" ><div class='avia_textblock  '   itemprop=\"text\" ><p style=\"text-align: center;\"><strong><span style=\"font-size: 18pt;\">Acompa\u00f1amiento en caso de p\u00e9rdida gestacional ya es ley, norma se conoce como Ley Dominga<\/span><\/strong><\/p>\n<div id=\"gtx-trans\" style=\"position: absolute; left: -50px; top: 4.31534px;\">\n<div class=\"gtx-trans-icon\"><\/div>\n<\/div>\n<\/div><\/section><\/div><div class=\"flex_column av_one_full  flex_column_div av-zero-column-padding first  avia-builder-el-4  el_after_av_one_full  el_before_av_hr  column-top-margin\" style='border-radius:0px; '><section class=\"av_textblock_section \"  itemscope=\"itemscope\" itemtype=\"https:\/\/schema.org\/BlogPosting\" itemprop=\"blogPost\" ><div class='avia_textblock  '   itemprop=\"text\" ><p style=\"text-align: justify;\">El fin es que todas las instituciones de salud cuenten con un protocolo en caso de muerte perinatal, con manejo cl\u00ednico y acompa\u00f1amiento psico-emocional para contener a la madre, al padre y al n\u00facleo m\u00e1s cercano.<\/p>\n<p style=\"text-align: justify;\">Cumpliendo el anhelo de miles de padres que han perdido un hijo \u00abestrella\u00bb, el proyecto que\u00a0establece un est\u00e1ndar especial en relaci\u00f3n con el manejo cl\u00ednico y acompa\u00f1amiento a madres y padres que hayan sufrido una muerte gestacional o perinatal\u00a0qued\u00f3 en condiciones de ser promulgado como ley.<\/p>\n<p style=\"text-align: justify;\">Esto, luego que el informe de la Comisi\u00f3n Mixta que zanj\u00f3 las diferencias entre ambas Corporaciones en relaci\u00f3n a esta norma conocida tambi\u00e9n como &#8216;Ley Dominga&#8217;, fuera respaldado por la C\u00e1mara Baja en la sesi\u00f3n de este martes 17 de agosto.<\/p>\n<p style=\"text-align: justify;\">Durante el debate, el presidente de la Comisi\u00f3n de Salud,\u00a0<a href=\"https:\/\/sesiones.senado.cl\/#1628725160\">Rabindranath Quinteros<\/a>\u00a0enfatiz\u00f3 la importancia de priorizar las necesidades de los padres, recordando las palabras de Aracelly Brito, quien sufri\u00f3 la muerte de su hija Dominga, de 36 semanas de embarazo y denunci\u00f3 un trato deshumanizado en la cl\u00ednica que la atendi\u00f3.<\/p>\n<p>Este proyecto viene a complementar la ley de mortinato. \u201cHoy los ni\u00f1os que mueren en el vientre de sus madres pueden tener un nombre\u00bb.<\/p>\n<\/div><\/section><\/div><div  style='height:50px' class='hr hr-invisible   avia-builder-el-6  el_after_av_one_full  el_before_av_social_share '><span class='hr-inner ' ><span class='hr-inner-style'><\/span><\/span><\/div><\/p>\n<div  class='av-social-sharing-box  avia-builder-el-7  el_after_av_hr  el_before_av_hr  '><div class='av-share-box'><h5 class='av-share-link-description av-no-toc '>Compartir esta noticia<\/h5><ul class='av-share-box-list noLightbox'><li class='av-share-link av-social-link-facebook' ><a target=\"_blank\" aria-label=\"Compartir en Facebook\" href='https:\/\/www.facebook.com\/sharer.php?u=https:\/\/radiorevelacionfm.cl\/?p=7553&#038;t=Acompa%C3%B1amiento%20en%20caso%20de%20p%C3%A9rdida%20gestacional%20ya%20es%20ley%2C%20norma%20se%20conoce%20como%20Ley%20Dominga' aria-hidden='false' data-av_icon='\ue8f3' data-av_iconfont='entypo-fontello' title='' data-avia-related-tooltip='Compartir en Facebook' rel=\"noopener\"><span class='avia_hidden_link_text'>Compartir en Facebook<\/span><\/a><\/li><li class='av-share-link av-social-link-twitter' ><a target=\"_blank\" aria-label=\"Compartir en Twitter\" href='https:\/\/twitter.com\/share?text=Acompa%C3%B1amiento%20en%20caso%20de%20p%C3%A9rdida%20gestacional%20ya%20es%20ley%2C%20norma%20se%20conoce%20como%20Ley%20Dominga&#038;url=https:\/\/radiorevelacionfm.cl\/?p=7553' aria-hidden='false' data-av_icon='\ue8f1' data-av_iconfont='entypo-fontello' title='' data-avia-related-tooltip='Compartir en Twitter' rel=\"noopener\"><span class='avia_hidden_link_text'>Compartir en Twitter<\/span><\/a><\/li><li class='av-share-link av-social-link-whatsapp' ><a target=\"_blank\" aria-label=\"Compartir en Whatsapp\" href='https:\/\/api.whatsapp.com\/send?text=https:\/\/radiorevelacionfm.cl\/?p=7553' aria-hidden='false' data-av_icon='\uf232' data-av_iconfont='entypo-fontello' title='' data-avia-related-tooltip='Compartir en Whatsapp' rel=\"noopener\"><span class='avia_hidden_link_text'>Compartir en Whatsapp<\/span><\/a><\/li><li class='av-share-link av-social-link-linkedin' ><a target=\"_blank\" aria-label=\"Compartir en LinkedIn\" href='https:\/\/linkedin.com\/shareArticle?mini=true&#038;title=Acompa%C3%B1amiento%20en%20caso%20de%20p%C3%A9rdida%20gestacional%20ya%20es%20ley%2C%20norma%20se%20conoce%20como%20Ley%20Dominga&#038;url=https:\/\/radiorevelacionfm.cl\/?p=7553' aria-hidden='false' data-av_icon='\ue8fc' data-av_iconfont='entypo-fontello' title='' data-avia-related-tooltip='Compartir en LinkedIn' rel=\"noopener\"><span class='avia_hidden_link_text'>Compartir en LinkedIn<\/span><\/a><\/li><li class='av-share-link av-social-link-mail' ><a  aria-label=\"Compartir por correo\" href='mailto:?subject=Acompa%C3%B1amiento%20en%20caso%20de%20p%C3%A9rdida%20gestacional%20ya%20es%20ley%2C%20norma%20se%20conoce%20como%20Ley%20Dominga&#038;body=https:\/\/radiorevelacionfm.cl\/?p=7553' aria-hidden='false' data-av_icon='\ue805' data-av_iconfont='entypo-fontello' title='' data-avia-related-tooltip='Compartir por correo'><span class='avia_hidden_link_text'>Compartir por correo<\/span><\/a><\/li><\/ul><\/div><\/div>\n<div  style='height:50px' class='hr hr-invisible   avia-builder-el-8  el_after_av_social_share  el_before_av_comments_list '><span class='hr-inner ' ><span class='hr-inner-style'><\/span><\/span><\/div>\n<div  class='av-buildercomment  av-blog-meta-html-info-disabled av-blog-meta-tag-disabled  '><\/div>\n","protected":false},"excerpt":{"rendered":"","protected":false},"author":1,"featured_media":7554,"comment_status":"open","ping_status":"open","sticky":false,"template":"","format":"standard","meta":{"footnotes":""},"categories":[46],"tags":[],"class_list":["post-7553","post","type-post","status-publish","format-standard","has-post-thumbnail","hentry","category-salud"],"jetpack_featured_media_url":"https:\/\/radiorevelacionfm.cl\/wp-content\/uploads\/2021\/08\/gestacion1-1-1.jpg","_links":{"self":[{"href":"https:\/\/radiorevelacionfm.cl\/index.php?rest_route=\/wp\/v2\/posts\/7553","targetHints":{"allow":["GET"]}}],"collection":[{"href":"https:\/\/radiorevelacionfm.cl\/index.php?rest_route=\/wp\/v2\/posts"}],"about":[{"href":"https:\/\/radiorevelacionfm.cl\/index.php?rest_route=\/wp\/v2\/types\/post"}],"author":[{"embeddable":true,"href":"https:\/\/radiorevelacionfm.cl\/index.php?rest_route=\/wp\/v2\/users\/1"}],"replies":[{"embeddable":true,"href":"https:\/\/radiorevelacionfm.cl\/index.php?rest_route=%2Fwp%2Fv2%2Fcomments&post=7553"}],"version-history":[{"count":1,"href":"https:\/\/radiorevelacionfm.cl\/index.php?rest_route=\/wp\/v2\/posts\/7553\/revisions"}],"predecessor-version":[{"id":7555,"href":"https:\/\/radiorevelacionfm.cl\/index.php?rest_route=\/wp\/v2\/posts\/7553\/revisions\/7555"}],"wp:featuredmedia":[{"embeddable":true,"href":"https:\/\/radiorevelacionfm.cl\/index.php?rest_route=\/wp\/v2\/media\/7554"}],"wp:attachment":[{"href":"https:\/\/radiorevelacionfm.cl\/index.php?rest_route=%2Fwp%2Fv2%2Fmedia&parent=7553"}],"wp:term":[{"taxonomy":"category","embeddable":true,"href":"https:\/\/radiorevelacionfm.cl\/index.php?rest_route=%2Fwp%2Fv2%2Fcategories&post=7553"},{"taxonomy":"post_tag","embeddable":true,"href":"https:\/\/radiorevelacionfm.cl\/index.php?rest_route=%2Fwp%2Fv2%2Ftags&post=7553"}],"curies":[{"name":"wp","href":"https:\/\/api.w.org\/{rel}","templated":true}]}}