{"id":7551,"date":"2021-08-17T15:45:08","date_gmt":"2021-08-17T18:45:08","guid":{"rendered":"https:\/\/radiorevelacionfm.cl\/?p=7551"},"modified":"2021-08-17T15:45:08","modified_gmt":"2021-08-17T18:45:08","slug":"subsidio-para-sectores-medios-ds1-cerca-de-8-mil-familias-fueron-seleccionadas","status":"publish","type":"post","link":"https:\/\/radiorevelacionfm.cl\/?p=7551","title":{"rendered":"Subsidio para Sectores Medios DS1: Cerca de 8 mil familias fueron seleccionadas"},"content":{"rendered":"<div class=\"flex_column av_one_full  flex_column_div av-zero-column-padding first  avia-builder-el-0  el_before_av_one_full  avia-builder-el-first  \" style='border-radius:0px; '><div  class='avia-image-container  av-styling-    avia-builder-el-1  avia-builder-el-no-sibling  avia-align-center '  itemprop=\"image\" itemscope=\"itemscope\" itemtype=\"https:\/\/schema.org\/ImageObject\"  ><div class='avia-image-container-inner'><div class='avia-image-overlay-wrap'><img decoding=\"async\" class='wp-image-0 avia-img-lazy-loading-not-0 avia_image' src=\"https:\/\/radiorevelacionfm.cl\/wp-content\/uploads\/2021\/05\/Ministro-de-Vivienda-y-U-Felipe-Ward_2-1.jpg\" alt='' title=''   itemprop=\"thumbnailUrl\"  \/><\/div><\/div><\/div><\/div><div class=\"flex_column av_one_full  flex_column_div av-zero-column-padding first  avia-builder-el-2  el_after_av_one_full  el_before_av_one_full  column-top-margin\" style='border-radius:0px; '><section class=\"av_textblock_section \"  itemscope=\"itemscope\" itemtype=\"https:\/\/schema.org\/BlogPosting\" itemprop=\"blogPost\" ><div class='avia_textblock  '   itemprop=\"text\" ><p style=\"text-align: center;\"><strong><span style=\"font-size: 18pt;\">Subsidio para Sectores Medios DS1: Cerca de 8 mil familias fueron seleccionadas<\/span><\/strong><\/p>\n<div id=\"gtx-trans\" style=\"position: absolute; left: -50px; top: 4.31534px;\">\n<div class=\"gtx-trans-icon\"><\/div>\n<\/div>\n<\/div><\/section><\/div><div class=\"flex_column av_one_full  flex_column_div av-zero-column-padding first  avia-builder-el-4  el_after_av_one_full  el_before_av_hr  column-top-margin\" style='border-radius:0px; '><section class=\"av_textblock_section \"  itemscope=\"itemscope\" itemtype=\"https:\/\/schema.org\/BlogPosting\" itemprop=\"blogPost\" ><div class='avia_textblock  '   itemprop=\"text\" ><p style=\"font-weight: 400; text-align: justify;\">El ministro de Vivienda y Urbanismo,\u00a0Felipe Ward, dio a conocer este martes las familias seleccionadas con el Subsidio para Sectores Medios DS1, beneficio que permite construir o adquirir una vivienda nueva o usada de hasta 1.100, 1.600 o 2.200 UF dependiendo del tramo al que se postule. Est\u00e1 dirigido a familias que no son propietarias, que cuentan con capacidad de ahorro y\/o acceso a cr\u00e9dito hipotecario, pero que requieren de la ayuda del Estado para acceder a una soluci\u00f3n habitacional definitiva.<em>\u00a0<\/em>En la zona norte y extremo sur del pa\u00eds, este valor aumenta hasta las 2.600 UF.<\/p>\n<p style=\"font-weight: 400; text-align: justify;\">En el primer llamado de este a\u00f1o,\u00a07.929 personas fueron seleccionadas. Sobre esto, el ministro\u00a0Felipe Ward\u00a0asegur\u00f3 que \u201cEste martes 17 de agosto dimos a conocer los 8 mil nuevos beneficiarios del subsidio para Sectores Medios DS1, que permite a las personas adquirir o construir una vivienda en sitio propio. En los \u00faltimos tres a\u00f1os\u00a0hemos beneficiado a m\u00e1s de 63 mil familias\u00a0a trav\u00e9s de este importante beneficio. Lo que nos ha pedido el\u00a0Presidente Sebasti\u00e1n Pi\u00f1era\u00a0es apoyar a las familias de clase media, ya que sabemos las dificultades que tienen para contar con una vivienda propia, por lo que este beneficio est\u00e1 dirigido a todas ellas\u201d.<\/p>\n<p style=\"font-weight: 400; text-align: justify;\">En ese sentido, el a\u00f1o pasado se realizaron tres modificaciones a este subsidio con el objetivo de ampliar las oportunidades de acceso a una vivienda definitiva a las familias: el aumento del monto del subsidio y nuevos tramos permitidos para el valor de la vivienda a adquirir, aumento en el puntaje por antig\u00fcedad de la postulaci\u00f3n para aquellas familias que han postulado anteriormente y no han resultado seleccionadas y por \u00faltimo, que podr\u00e1n postular al tramo 3, las familias que tengan Registro Social de Hogares (RSH), es decir, las que est\u00e9n por sobre el 90% m\u00e1s vulnerable de la poblaci\u00f3n nacional.<\/p>\n<p style=\"font-weight: 400; text-align: justify;\">El pr\u00f3ximo llamado a postulaci\u00f3n se realizar\u00e1 en octubre y para poder postular a este programa, las familias y personas\u00a0<strong>t<\/strong>ienen que tener el ahorro m\u00ednimo depositado y reflejado como saldo disponible en la cuenta de ahorro para la vivienda<strong> a m\u00e1s tardar el jueves 30 de septiembre<\/strong>\u00a0<strong>a las 14:00 horas<\/strong>. Las postulaciones son 100% online\u00a0a trav\u00e9s de\u00a0<a href=\"https:\/\/www.minvu.gob.cl\/\" data-saferedirecturl=\"https:\/\/www.google.com\/url?q=https:\/\/www.minvu.gob.cl\/&amp;source=gmail&amp;ust=1629304433594000&amp;usg=AFQjCNGe9r_HDoIWbXgpM-IjgURcbed61A\"><strong>www.minvu.cl<\/strong><\/a>.<\/p>\n<p style=\"font-weight: 400; text-align: justify;\"><strong><u>Requisitos generales de postulaci\u00f3n<\/u><\/strong><\/p>\n<ul style=\"font-weight: 400; text-align: justify;\">\n<li>Tener m\u00ednimo 18 a\u00f1os de edad.<\/li>\n<li>Contar con C\u00e9dula Nacional de Identidad. Las personas extranjeras deben presentar C\u00e9dula de Identidad para Extranjeros con permanencia definitiva y Certificado de Permanencia Definitiva (emitido por el Departamento de Extranjer\u00eda del Ministerio del Interior o por Polic\u00eda de Investigaciones de Chile).<\/li>\n<li>Acreditar una cuenta de ahorro para la vivienda con una antig\u00fcedad m\u00ednima de 12 meses.<\/li>\n<li>Acreditar que el ahorro exigido en cada tramo est\u00e9 depositado y reflejado como saldo disponible en la cuenta de ahorro para la vivienda a m\u00e1s tardar el 30 de septiembre hasta las 14:00 horas. A partir de esa fecha no deber\u00e1 efectuar giros en la cuenta.<\/li>\n<li>Estar inscrito en el Registro Social de Hogares (RSH) y no superar el porcentaje de calificaci\u00f3n socioecon\u00f3mica que exige la alternativa de subsidio a la que desea postular.<\/li>\n<li>En caso de postular colectivamente el grupo debe:<\/li>\n<\/ul>\n<ul style=\"font-weight: 400; text-align: justify;\">\n<li>Tener un m\u00ednimo de 10 integrantes.<\/li>\n<li>Postular a trav\u00e9s de una Entidad Patrocinante.<\/li>\n<li>Contar con un proyecto habitacional aprobado por el Serviu.<\/li>\n<\/ul>\n<p style=\"font-weight: 400; text-align: justify;\"><strong><u>Modalidades de postulaci\u00f3n<\/u><\/strong><\/p>\n<ul style=\"font-weight: 400; text-align: justify;\">\n<li><strong>Adquisici\u00f3n de vivienda<\/strong>: Permite comprar una vivienda nueva o usada en algunos de los siguientes tramos de precio de vivienda, para lo que se deben cumplir distintos requisitos de ahorro y calificaci\u00f3n socioecon\u00f3mica:<\/li>\n<li>Tramo 1: Viviendas hasta 1.100 UF<\/li>\n<li>Tramo 2: Viviendas hasta 1.600 UF<\/li>\n<li>Tramo 3: Viviendas hasta 2.200 UF<\/li>\n<\/ul>\n<ul style=\"font-weight: 400; text-align: justify;\">\n<li><strong>Construcci\u00f3n en Sitio Propio<\/strong>:\u00a0 Permite la construcci\u00f3n de una vivienda en sitio propio o en densificaci\u00f3n predial (construcci\u00f3n de una vivienda en un terreno donde ya existe otra). Considera los siguientes tramos:<\/li>\n<\/ul>\n<ul style=\"font-weight: 400;\">\n<li style=\"text-align: justify;\">Tramo 2: Viviendas hasta 1.600 UF<\/li>\n<li style=\"text-align: justify;\">Tramo 3: Viviendas hasta 2.200 UF<\/li>\n<\/ul>\n<\/div><\/section><\/div><div  style='height:50px' class='hr hr-invisible   avia-builder-el-6  el_after_av_one_full  el_before_av_social_share '><span class='hr-inner ' ><span class='hr-inner-style'><\/span><\/span><\/div><\/p>\n<div  class='av-social-sharing-box  avia-builder-el-7  el_after_av_hr  el_before_av_hr  '><div class='av-share-box'><h5 class='av-share-link-description av-no-toc '>Compartir esta noticia<\/h5><ul class='av-share-box-list noLightbox'><li class='av-share-link av-social-link-facebook' ><a target=\"_blank\" aria-label=\"Compartir en Facebook\" href='https:\/\/www.facebook.com\/sharer.php?u=https:\/\/radiorevelacionfm.cl\/?p=7551&#038;t=Subsidio%20para%20Sectores%20Medios%20DS1%3A%20Cerca%20de%208%20mil%20familias%20fueron%20seleccionadas' aria-hidden='false' data-av_icon='\ue8f3' data-av_iconfont='entypo-fontello' title='' data-avia-related-tooltip='Compartir en Facebook' rel=\"noopener\"><span class='avia_hidden_link_text'>Compartir en Facebook<\/span><\/a><\/li><li class='av-share-link av-social-link-twitter' ><a target=\"_blank\" aria-label=\"Compartir en Twitter\" href='https:\/\/twitter.com\/share?text=Subsidio%20para%20Sectores%20Medios%20DS1%3A%20Cerca%20de%208%20mil%20familias%20fueron%20seleccionadas&#038;url=https:\/\/radiorevelacionfm.cl\/?p=7551' aria-hidden='false' data-av_icon='\ue8f1' data-av_iconfont='entypo-fontello' title='' data-avia-related-tooltip='Compartir en Twitter' rel=\"noopener\"><span class='avia_hidden_link_text'>Compartir en Twitter<\/span><\/a><\/li><li class='av-share-link av-social-link-whatsapp' ><a target=\"_blank\" aria-label=\"Compartir en Whatsapp\" href='https:\/\/api.whatsapp.com\/send?text=https:\/\/radiorevelacionfm.cl\/?p=7551' aria-hidden='false' data-av_icon='\uf232' data-av_iconfont='entypo-fontello' title='' data-avia-related-tooltip='Compartir en Whatsapp' rel=\"noopener\"><span class='avia_hidden_link_text'>Compartir en Whatsapp<\/span><\/a><\/li><li class='av-share-link av-social-link-linkedin' ><a target=\"_blank\" aria-label=\"Compartir en LinkedIn\" href='https:\/\/linkedin.com\/shareArticle?mini=true&#038;title=Subsidio%20para%20Sectores%20Medios%20DS1%3A%20Cerca%20de%208%20mil%20familias%20fueron%20seleccionadas&#038;url=https:\/\/radiorevelacionfm.cl\/?p=7551' aria-hidden='false' data-av_icon='\ue8fc' data-av_iconfont='entypo-fontello' title='' data-avia-related-tooltip='Compartir en LinkedIn' rel=\"noopener\"><span class='avia_hidden_link_text'>Compartir en LinkedIn<\/span><\/a><\/li><li class='av-share-link av-social-link-mail' ><a  aria-label=\"Compartir por correo\" href='mailto:?subject=Subsidio%20para%20Sectores%20Medios%20DS1%3A%20Cerca%20de%208%20mil%20familias%20fueron%20seleccionadas&#038;body=https:\/\/radiorevelacionfm.cl\/?p=7551' aria-hidden='false' data-av_icon='\ue805' data-av_iconfont='entypo-fontello' title='' data-avia-related-tooltip='Compartir por correo'><span class='avia_hidden_link_text'>Compartir por correo<\/span><\/a><\/li><\/ul><\/div><\/div>\n<div  style='height:50px' class='hr hr-invisible   avia-builder-el-8  el_after_av_social_share  el_before_av_comments_list '><span class='hr-inner ' ><span class='hr-inner-style'><\/span><\/span><\/div>\n<div  class='av-buildercomment  av-blog-meta-html-info-disabled av-blog-meta-tag-disabled  '><\/div>\n","protected":false},"excerpt":{"rendered":"","protected":false},"author":1,"featured_media":0,"comment_status":"open","ping_status":"open","sticky":false,"template":"","format":"standard","meta":{"footnotes":""},"categories":[57],"tags":[],"class_list":["post-7551","post","type-post","status-publish","format-standard","hentry","category-vivienda"],"jetpack_featured_media_url":"","_links":{"self":[{"href":"https:\/\/radiorevelacionfm.cl\/index.php?rest_route=\/wp\/v2\/posts\/7551","targetHints":{"allow":["GET"]}}],"collection":[{"href":"https:\/\/radiorevelacionfm.cl\/index.php?rest_route=\/wp\/v2\/posts"}],"about":[{"href":"https:\/\/radiorevelacionfm.cl\/index.php?rest_route=\/wp\/v2\/types\/post"}],"author":[{"embeddable":true,"href":"https:\/\/radiorevelacionfm.cl\/index.php?rest_route=\/wp\/v2\/users\/1"}],"replies":[{"embeddable":true,"href":"https:\/\/radiorevelacionfm.cl\/index.php?rest_route=%2Fwp%2Fv2%2Fcomments&post=7551"}],"version-history":[{"count":1,"href":"https:\/\/radiorevelacionfm.cl\/index.php?rest_route=\/wp\/v2\/posts\/7551\/revisions"}],"predecessor-version":[{"id":7552,"href":"https:\/\/radiorevelacionfm.cl\/index.php?rest_route=\/wp\/v2\/posts\/7551\/revisions\/7552"}],"wp:attachment":[{"href":"https:\/\/radiorevelacionfm.cl\/index.php?rest_route=%2Fwp%2Fv2%2Fmedia&parent=7551"}],"wp:term":[{"taxonomy":"category","embeddable":true,"href":"https:\/\/radiorevelacionfm.cl\/index.php?rest_route=%2Fwp%2Fv2%2Fcategories&post=7551"},{"taxonomy":"post_tag","embeddable":true,"href":"https:\/\/radiorevelacionfm.cl\/index.php?rest_route=%2Fwp%2Fv2%2Ftags&post=7551"}],"curies":[{"name":"wp","href":"https:\/\/api.w.org\/{rel}","templated":true}]}}