{"id":7548,"date":"2021-08-17T13:33:57","date_gmt":"2021-08-17T16:33:57","guid":{"rendered":"https:\/\/radiorevelacionfm.cl\/?p=7548"},"modified":"2021-08-17T13:33:57","modified_gmt":"2021-08-17T16:33:57","slug":"el-observatorio-laboral-de-aysen-sostiene-dialogos-con-la-ong-canales","status":"publish","type":"post","link":"https:\/\/radiorevelacionfm.cl\/?p=7548","title":{"rendered":"El Observatorio Laboral de Ays\u00e9n sostiene di\u00e1logos con la ONG Canales"},"content":{"rendered":"<div class=\"flex_column av_one_full  flex_column_div av-zero-column-padding first  avia-builder-el-0  el_before_av_one_full  avia-builder-el-first  \" style='border-radius:0px; '><div  class='avia-image-container  av-styling-    avia-builder-el-1  avia-builder-el-no-sibling  avia-align-center '  itemprop=\"image\" itemscope=\"itemscope\" itemtype=\"https:\/\/schema.org\/ImageObject\"  ><div class='avia-image-container-inner'><div class='avia-image-overlay-wrap'><img decoding=\"async\" class='wp-image-7549 avia-img-lazy-loading-not-7549 avia_image' src=\"https:\/\/radiorevelacionfm.cl\/wp-content\/uploads\/2021\/08\/estudiantes-tecnicos-construccion-1_optimized.jpg\" alt='' title='estudiantes-t\u00e9cnicos-construccion-(1)_optimized' height=\"600\" width=\"900\"  itemprop=\"thumbnailUrl\" srcset=\"https:\/\/radiorevelacionfm.cl\/wp-content\/uploads\/2021\/08\/estudiantes-tecnicos-construccion-1_optimized.jpg 900w, https:\/\/radiorevelacionfm.cl\/wp-content\/uploads\/2021\/08\/estudiantes-tecnicos-construccion-1_optimized-300x200.jpg 300w, https:\/\/radiorevelacionfm.cl\/wp-content\/uploads\/2021\/08\/estudiantes-tecnicos-construccion-1_optimized-768x512.jpg 768w, https:\/\/radiorevelacionfm.cl\/wp-content\/uploads\/2021\/08\/estudiantes-tecnicos-construccion-1_optimized-705x470.jpg 705w, https:\/\/radiorevelacionfm.cl\/wp-content\/uploads\/2021\/08\/estudiantes-tecnicos-construccion-1_optimized-600x400.jpg 600w\" sizes=\"(max-width: 900px) 100vw, 900px\" \/><\/div><\/div><\/div><\/div><div class=\"flex_column av_one_full  flex_column_div av-zero-column-padding first  avia-builder-el-2  el_after_av_one_full  el_before_av_one_full  column-top-margin\" style='border-radius:0px; '><section class=\"av_textblock_section \"  itemscope=\"itemscope\" itemtype=\"https:\/\/schema.org\/BlogPosting\" itemprop=\"blogPost\" ><div class='avia_textblock  '   itemprop=\"text\" ><p style=\"text-align: center;\"><strong><span style=\"font-size: 18pt;\">El Observatorio Laboral de Ays\u00e9n sostiene di\u00e1logos con la ONG Canales<\/span><\/strong><\/p>\n<div id=\"gtx-trans\" style=\"position: absolute; left: -50px; top: 4.31534px;\">\n<div class=\"gtx-trans-icon\"><\/div>\n<\/div>\n<\/div><\/section><\/div><div class=\"flex_column av_one_full  flex_column_div av-zero-column-padding first  avia-builder-el-4  el_after_av_one_full  el_before_av_hr  column-top-margin\" style='border-radius:0px; '><section class=\"av_textblock_section \"  itemscope=\"itemscope\" itemtype=\"https:\/\/schema.org\/BlogPosting\" itemprop=\"blogPost\" ><div class='avia_textblock  '   itemprop=\"text\" ><p style=\"text-align: justify;\">En el contexto de investigaci\u00f3n para la Encuesta de Demanda Laboral 2021, el Observatorio Laboral de Ays\u00e9n se encuentra realizando entrevistas con actores claves de los sectores de industria manufacturera, transporte y almacenamiento, y telecomunicaciones.<\/p>\n<p style=\"text-align: justify;\">As\u00ed, durante este proceso, el equipo del Observatorio se ha encontrado con autoridades regionales como el Seremi de Transportes y Telecomunicaciones, Fabi\u00e1n Rojas; el Seremi de Econom\u00eda, Carlos Pacheco; el alcalde de Coyhaique, Carlos Gatica; el administrador municipal de Villa O\u2019higgins, Manuel Idarte; el alcalde de Cochrane, Jorge Calder\u00f3n y la Jefa de Divisi\u00f3n de Fomento e Industria de Ays\u00e9n, Yessica Lagos, entre otros.<\/p>\n<p style=\"text-align: justify;\">De la misma manera, tambi\u00e9n ha sido importante encontrarse con organizaciones sociales, gremios y sindicatos, como por ejemplo, con el presidente del sindicato L\u00ednea 9 de colectivos, Luciano Valdebenito; el presidente del sindicato Marine Harvest, Abraham Abad y el secretario regional de la CUT, Mauricio Mu\u00f1oz Gatica.<\/p>\n<p style=\"text-align: justify;\">En esa misma l\u00ednea, el Observatorio sostuvo un encuentro con la ONG Canales, una corporaci\u00f3n sin fines de lucro que busca contribuir a la formaci\u00f3n de j\u00f3venes t\u00e9cnicos especializados para el desarrollo de la regi\u00f3n y el pa\u00eds.<\/p>\n<p style=\"text-align: justify;\">Sobre esta instancia, el director del Observatorio Laboral de Ays\u00e9n, Marcio Villouta, se\u00f1al\u00f3 que \u00absin duda, la posibilidad de coordinarnos como observatorio con la ONG canales permite establecer un trabajo intersectorial, en la base de construir temas relacionados al mundo laboral desde el territorio, considerando en este \u00faltimo punto la necesidad de contar con informaci\u00f3n local de calidad y fundada no tan solo en tema cuantitativo, sino tambi\u00e9n en el an\u00e1lisis cualitativo del contexto regional, lo que se permite entrevistando a distintos actores p\u00fablicos y privados.\u00bb<\/p>\n<p style=\"text-align: justify;\">Por su parte, la directora regional de la ONG, Bernardita Lazo sostuvo que: \u201cEl trabajo que realiza el Observatorio es muy interesante porque conocen indicadores, monitorean el comportamiento de los sectores productivos y ven c\u00f3mo avanza la regi\u00f3n. Este trabajo es fundamental para ver qu\u00e9 l\u00edneas abordar dentro de los liceos y qu\u00e9 especialidades necesitan de mayor \u00e9nfasis. Incluso, sirve para revisar la posibilidad de apertura de nuevas especialidades\u201d. Adem\u00e1s, agreg\u00f3 que \u201cesta articulaci\u00f3n nos permitir\u00e1 tener un panorama actualizado y objetivo de la realidad territorial para poder vincular con las especialidades de los liceos t\u00e9cnicos\u201d.<\/p>\n<\/div><\/section><\/div><div  style='height:50px' class='hr hr-invisible   avia-builder-el-6  el_after_av_one_full  el_before_av_social_share '><span class='hr-inner ' ><span class='hr-inner-style'><\/span><\/span><\/div><\/p>\n<div  class='av-social-sharing-box  avia-builder-el-7  el_after_av_hr  el_before_av_hr  '><div class='av-share-box'><h5 class='av-share-link-description av-no-toc '>Compartir esta noticia<\/h5><ul class='av-share-box-list noLightbox'><li class='av-share-link av-social-link-facebook' ><a target=\"_blank\" aria-label=\"Compartir en Facebook\" href='https:\/\/www.facebook.com\/sharer.php?u=https:\/\/radiorevelacionfm.cl\/?p=7548&#038;t=El%20Observatorio%20Laboral%20de%20Ays%C3%A9n%20sostiene%20di%C3%A1logos%20con%20la%20ONG%20Canales' aria-hidden='false' data-av_icon='\ue8f3' data-av_iconfont='entypo-fontello' title='' data-avia-related-tooltip='Compartir en Facebook' rel=\"noopener\"><span class='avia_hidden_link_text'>Compartir en Facebook<\/span><\/a><\/li><li class='av-share-link av-social-link-twitter' ><a target=\"_blank\" aria-label=\"Compartir en Twitter\" href='https:\/\/twitter.com\/share?text=El%20Observatorio%20Laboral%20de%20Ays%C3%A9n%20sostiene%20di%C3%A1logos%20con%20la%20ONG%20Canales&#038;url=https:\/\/radiorevelacionfm.cl\/?p=7548' aria-hidden='false' data-av_icon='\ue8f1' data-av_iconfont='entypo-fontello' title='' data-avia-related-tooltip='Compartir en Twitter' rel=\"noopener\"><span class='avia_hidden_link_text'>Compartir en Twitter<\/span><\/a><\/li><li class='av-share-link av-social-link-whatsapp' ><a target=\"_blank\" aria-label=\"Compartir en Whatsapp\" href='https:\/\/api.whatsapp.com\/send?text=https:\/\/radiorevelacionfm.cl\/?p=7548' aria-hidden='false' data-av_icon='\uf232' data-av_iconfont='entypo-fontello' title='' data-avia-related-tooltip='Compartir en Whatsapp' rel=\"noopener\"><span class='avia_hidden_link_text'>Compartir en Whatsapp<\/span><\/a><\/li><li class='av-share-link av-social-link-linkedin' ><a target=\"_blank\" aria-label=\"Compartir en LinkedIn\" href='https:\/\/linkedin.com\/shareArticle?mini=true&#038;title=El%20Observatorio%20Laboral%20de%20Ays%C3%A9n%20sostiene%20di%C3%A1logos%20con%20la%20ONG%20Canales&#038;url=https:\/\/radiorevelacionfm.cl\/?p=7548' aria-hidden='false' data-av_icon='\ue8fc' data-av_iconfont='entypo-fontello' title='' data-avia-related-tooltip='Compartir en LinkedIn' rel=\"noopener\"><span class='avia_hidden_link_text'>Compartir en LinkedIn<\/span><\/a><\/li><li class='av-share-link av-social-link-mail' ><a  aria-label=\"Compartir por correo\" href='mailto:?subject=El%20Observatorio%20Laboral%20de%20Ays%C3%A9n%20sostiene%20di%C3%A1logos%20con%20la%20ONG%20Canales&#038;body=https:\/\/radiorevelacionfm.cl\/?p=7548' aria-hidden='false' data-av_icon='\ue805' data-av_iconfont='entypo-fontello' title='' data-avia-related-tooltip='Compartir por correo'><span class='avia_hidden_link_text'>Compartir por correo<\/span><\/a><\/li><\/ul><\/div><\/div>\n<div  style='height:50px' class='hr hr-invisible   avia-builder-el-8  el_after_av_social_share  el_before_av_comments_list '><span class='hr-inner ' ><span class='hr-inner-style'><\/span><\/span><\/div>\n<div  class='av-buildercomment  av-blog-meta-html-info-disabled av-blog-meta-tag-disabled  '><\/div>\n","protected":false},"excerpt":{"rendered":"","protected":false},"author":1,"featured_media":7549,"comment_status":"open","ping_status":"open","sticky":false,"template":"","format":"standard","meta":{"footnotes":""},"categories":[38],"tags":[],"class_list":["post-7548","post","type-post","status-publish","format-standard","has-post-thumbnail","hentry","category-regional"],"jetpack_featured_media_url":"https:\/\/radiorevelacionfm.cl\/wp-content\/uploads\/2021\/08\/estudiantes-tecnicos-construccion-1_optimized.jpg","_links":{"self":[{"href":"https:\/\/radiorevelacionfm.cl\/index.php?rest_route=\/wp\/v2\/posts\/7548","targetHints":{"allow":["GET"]}}],"collection":[{"href":"https:\/\/radiorevelacionfm.cl\/index.php?rest_route=\/wp\/v2\/posts"}],"about":[{"href":"https:\/\/radiorevelacionfm.cl\/index.php?rest_route=\/wp\/v2\/types\/post"}],"author":[{"embeddable":true,"href":"https:\/\/radiorevelacionfm.cl\/index.php?rest_route=\/wp\/v2\/users\/1"}],"replies":[{"embeddable":true,"href":"https:\/\/radiorevelacionfm.cl\/index.php?rest_route=%2Fwp%2Fv2%2Fcomments&post=7548"}],"version-history":[{"count":1,"href":"https:\/\/radiorevelacionfm.cl\/index.php?rest_route=\/wp\/v2\/posts\/7548\/revisions"}],"predecessor-version":[{"id":7550,"href":"https:\/\/radiorevelacionfm.cl\/index.php?rest_route=\/wp\/v2\/posts\/7548\/revisions\/7550"}],"wp:featuredmedia":[{"embeddable":true,"href":"https:\/\/radiorevelacionfm.cl\/index.php?rest_route=\/wp\/v2\/media\/7549"}],"wp:attachment":[{"href":"https:\/\/radiorevelacionfm.cl\/index.php?rest_route=%2Fwp%2Fv2%2Fmedia&parent=7548"}],"wp:term":[{"taxonomy":"category","embeddable":true,"href":"https:\/\/radiorevelacionfm.cl\/index.php?rest_route=%2Fwp%2Fv2%2Fcategories&post=7548"},{"taxonomy":"post_tag","embeddable":true,"href":"https:\/\/radiorevelacionfm.cl\/index.php?rest_route=%2Fwp%2Fv2%2Ftags&post=7548"}],"curies":[{"name":"wp","href":"https:\/\/api.w.org\/{rel}","templated":true}]}}