{"id":7545,"date":"2021-08-17T12:32:22","date_gmt":"2021-08-17T15:32:22","guid":{"rendered":"https:\/\/radiorevelacionfm.cl\/?p=7545"},"modified":"2021-08-17T12:32:22","modified_gmt":"2021-08-17T15:32:22","slug":"cesfam-victor-domingo-silva-inicio-ciclo-de-talleres-para-cuidadores-de-personas-con-demencia","status":"publish","type":"post","link":"https:\/\/radiorevelacionfm.cl\/?p=7545","title":{"rendered":"CESFAM V\u00edctor Domingo Silva inici\u00f3 ciclo de talleres para cuidadores de personas con demencia"},"content":{"rendered":"<div class=\"flex_column av_one_full  flex_column_div av-zero-column-padding first  avia-builder-el-0  el_before_av_one_full  avia-builder-el-first  \" style='border-radius:0px; '><div  class='avia-image-container  av-styling-    avia-builder-el-1  avia-builder-el-no-sibling  avia-align-center '  itemprop=\"image\" itemscope=\"itemscope\" itemtype=\"https:\/\/schema.org\/ImageObject\"  ><div class='avia-image-container-inner'><div class='avia-image-overlay-wrap'><img decoding=\"async\" class='wp-image-7546 avia-img-lazy-loading-not-7546 avia_image' src=\"https:\/\/radiorevelacionfm.cl\/wp-content\/uploads\/2021\/08\/cuidadores2-1_optimized.jpeg\" alt='' title='cuidadores2-(1)_optimized' height=\"600\" width=\"1067\"  itemprop=\"thumbnailUrl\" srcset=\"https:\/\/radiorevelacionfm.cl\/wp-content\/uploads\/2021\/08\/cuidadores2-1_optimized.jpeg 1067w, https:\/\/radiorevelacionfm.cl\/wp-content\/uploads\/2021\/08\/cuidadores2-1_optimized-300x169.jpeg 300w, https:\/\/radiorevelacionfm.cl\/wp-content\/uploads\/2021\/08\/cuidadores2-1_optimized-1030x579.jpeg 1030w, https:\/\/radiorevelacionfm.cl\/wp-content\/uploads\/2021\/08\/cuidadores2-1_optimized-768x432.jpeg 768w, https:\/\/radiorevelacionfm.cl\/wp-content\/uploads\/2021\/08\/cuidadores2-1_optimized-705x396.jpeg 705w, https:\/\/radiorevelacionfm.cl\/wp-content\/uploads\/2021\/08\/cuidadores2-1_optimized-600x337.jpeg 600w\" sizes=\"(max-width: 1067px) 100vw, 1067px\" \/><\/div><\/div><\/div><\/div><div class=\"flex_column av_one_full  flex_column_div av-zero-column-padding first  avia-builder-el-2  el_after_av_one_full  el_before_av_one_full  column-top-margin\" style='border-radius:0px; '><section class=\"av_textblock_section \"  itemscope=\"itemscope\" itemtype=\"https:\/\/schema.org\/BlogPosting\" itemprop=\"blogPost\" ><div class='avia_textblock  '   itemprop=\"text\" ><p style=\"text-align: center;\"><strong><span style=\"font-size: 18pt;\">CESFAM V\u00edctor Domingo Silva inici\u00f3 ciclo de talleres para cuidadores de personas con demencia<\/span><\/strong><\/p>\n<div id=\"gtx-trans\" style=\"position: absolute; left: -50px; top: 4.31534px;\">\n<div class=\"gtx-trans-icon\"><\/div>\n<\/div>\n<\/div><\/section><\/div><div class=\"flex_column av_one_full  flex_column_div av-zero-column-padding first  avia-builder-el-4  el_after_av_one_full  el_before_av_hr  column-top-margin\" style='border-radius:0px; '><section class=\"av_textblock_section \"  itemscope=\"itemscope\" itemtype=\"https:\/\/schema.org\/BlogPosting\" itemprop=\"blogPost\" ><div class='avia_textblock  '   itemprop=\"text\" ><p style=\"text-align: justify;\">De agosto a mediados de octubre del presente a\u00f1o, se extender\u00e1n los talleres organizados por el equipo de salud mental, del Centro de Salud Familiar V\u00edctor Domingo Silva, dirigido a cuidadores de adultos mayores que presentan demencia, que requieren de asistencia continua, a trav\u00e9s de los cuales se pretende dar una mejor\u00eda significativa a las y los usuarios.<\/p>\n<p style=\"text-align: justify;\">\u201cEste es un taller que hace harto rato hab\u00edamos estado intencionando, en el que buscamos instruir y retomar el trabajo hacia los cuidadores de adultos mayores, muchos de ellos con demencia o trastorno cognitivo mayor y otros con dependencia severa, que requieren de apoyo, de asistencia constante y continua, de d\u00eda y de noche, por parte de sus cuidadores, lo que est\u00e1 asociado a estr\u00e9s psicol\u00f3gico, a problemas relacionados a sobre uso de sus extremidades, etc. teniendo muchas implicancias en instancias como \u00e9stas, talleres y que se trabaja en conjunto, lleva a una mejor\u00eda significativa de esta sobrecarga, que muchas veces involucra esta funci\u00f3n que es tan noble, tan importante, pero lamentablemente con esta implicancia tambi\u00e9n para el mismo individuo o cuidador\u201d, coment\u00f3 Cristian Acevedo, coordinador cl\u00ednico suplente del Consultorio V\u00edctor Domingo Silva de Coyhaique.<\/p>\n<p style=\"text-align: justify;\">La intenci\u00f3n de las jornadas, es que se vayan prolongando con el tiempo, de acuerdo a c\u00f3mo se siga desarrollando la contingencia sanitaria y buscando incluir a m\u00e1s poblaci\u00f3n con demencia, los que podr\u00e1n acceder a actividades de recreaci\u00f3n, de socio meditaci\u00f3n y musicoterapia.<\/p>\n<p style=\"text-align: justify;\">Antonio Gonz\u00e1lez, psic\u00f3logo del Unidad de Salud Mental del Cesfam V\u00edctor Domingo Silva, coment\u00f3, los talleres se constituyen en una deuda que se ten\u00eda con las personas que padecen este tipo de enfermedades.<\/p>\n<p style=\"text-align: justify;\">\u201cTeniendo en consideraci\u00f3n que el tema demencia, pas\u00f3 a ser el a\u00f1o pasado, una patolog\u00eda que pertenece a la rama de salud mental a trav\u00e9s del GES, quisimos comenzar a trabajar con esta tem\u00e1tica, por qu\u00e9 nuestra poblaci\u00f3n se est\u00e1 envejeciendo cada vez con mucha m\u00e1s rapidez; la esperanza de vida es muy alta, nosotros tenemos mucho adulto mayor que asiste al consultorio y l\u00f3gicamente que al tener m\u00e1s adultos mayores, la probabilidad de tener pacientes con demencia es mayor y l\u00f3gicamente trabajar con los cuidadores implica entregarles una herramienta, para que ellos tambi\u00e9n tengan una mejor calidad de vida, porque el desgaste emocional y f\u00edsico, es tremendamente alto\u201c, coment\u00f3 el profesional de la salud.<\/p>\n<p style=\"text-align: justify;\"><strong>Testimonio de vida<\/strong><\/p>\n<p style=\"text-align: justify;\">Don Carlos Vald\u00e9s Montalb\u00e1n, cuida a su se\u00f1ora esposa desde hace 13 a\u00f1os, y decidi\u00f3 aceptar la invitaci\u00f3n de quienes se han constituido en un apoyo esencial para \u00e9l, como lo son los profesionales del equipo de salud mental del consultorio.<\/p>\n<p style=\"text-align: justify;\">\u201cHa sido excelente la tem\u00e1tica y lo que espero es que mucha gente que ignora esta situaci\u00f3n, tome conocimiento para que se adapte a la enfermedad, que es lo m\u00e1s fuerte que se necesita, es decir que las personas que cuidan, se adapten a la incapacidad, ponerse en el lugar del enfermo como para poderlo guiar y cuidarlo\u201d, coment\u00f3.<\/p>\n<p style=\"text-align: justify;\">\u201cDesde el tiempo que llevo, que ya van hacer 13 a\u00f1os, he estado constantemente con la colaboraci\u00f3n del Servicio de Salud, tanto de m\u00e9dico como enfermera. \u00bfUsted vive con una paciente postrada?, ya llevo 13 a\u00f1os con ella, fue dif\u00edcil al principio, porque de ella yo estuve separado 23 a\u00f1os por esas cosas de la vida, opt\u00e9 por venirla a cuidar y me adapt\u00e9 ya al medio; es la madre de mis hijas y por tal raz\u00f3n, se merece ese respeto\u201d, coment\u00f3 el asistente a los talleres.<\/p>\n<p style=\"text-align: justify;\">Cabe se\u00f1alar que el trabajo desarrollado por el equipo de salud mental, est\u00e1 compuesto por un equipo m\u00e9dico, un asistente social, psic\u00f3logo, adem\u00e1s del apoyo de terapeuta ocupacional y fonoaudi\u00f3loga.<\/p>\n<\/div><\/section><\/div><div  style='height:50px' class='hr hr-invisible   avia-builder-el-6  el_after_av_one_full  el_before_av_social_share '><span class='hr-inner ' ><span class='hr-inner-style'><\/span><\/span><\/div><\/p>\n<div  class='av-social-sharing-box  avia-builder-el-7  el_after_av_hr  el_before_av_hr  '><div class='av-share-box'><h5 class='av-share-link-description av-no-toc '>Compartir esta noticia<\/h5><ul class='av-share-box-list noLightbox'><li class='av-share-link av-social-link-facebook' ><a target=\"_blank\" aria-label=\"Compartir en Facebook\" href='https:\/\/www.facebook.com\/sharer.php?u=https:\/\/radiorevelacionfm.cl\/?p=7545&#038;t=CESFAM%20V%C3%ADctor%20Domingo%20Silva%20inici%C3%B3%20ciclo%20de%20talleres%20para%20cuidadores%20de%20personas%20con%20demencia' aria-hidden='false' data-av_icon='\ue8f3' data-av_iconfont='entypo-fontello' title='' data-avia-related-tooltip='Compartir en Facebook' rel=\"noopener\"><span class='avia_hidden_link_text'>Compartir en Facebook<\/span><\/a><\/li><li class='av-share-link av-social-link-twitter' ><a target=\"_blank\" aria-label=\"Compartir en Twitter\" href='https:\/\/twitter.com\/share?text=CESFAM%20V%C3%ADctor%20Domingo%20Silva%20inici%C3%B3%20ciclo%20de%20talleres%20para%20cuidadores%20de%20personas%20con%20demencia&#038;url=https:\/\/radiorevelacionfm.cl\/?p=7545' aria-hidden='false' data-av_icon='\ue8f1' data-av_iconfont='entypo-fontello' title='' data-avia-related-tooltip='Compartir en Twitter' rel=\"noopener\"><span class='avia_hidden_link_text'>Compartir en Twitter<\/span><\/a><\/li><li class='av-share-link av-social-link-whatsapp' ><a target=\"_blank\" aria-label=\"Compartir en Whatsapp\" href='https:\/\/api.whatsapp.com\/send?text=https:\/\/radiorevelacionfm.cl\/?p=7545' aria-hidden='false' data-av_icon='\uf232' data-av_iconfont='entypo-fontello' title='' data-avia-related-tooltip='Compartir en Whatsapp' rel=\"noopener\"><span class='avia_hidden_link_text'>Compartir en Whatsapp<\/span><\/a><\/li><li class='av-share-link av-social-link-linkedin' ><a target=\"_blank\" aria-label=\"Compartir en LinkedIn\" href='https:\/\/linkedin.com\/shareArticle?mini=true&#038;title=CESFAM%20V%C3%ADctor%20Domingo%20Silva%20inici%C3%B3%20ciclo%20de%20talleres%20para%20cuidadores%20de%20personas%20con%20demencia&#038;url=https:\/\/radiorevelacionfm.cl\/?p=7545' aria-hidden='false' data-av_icon='\ue8fc' data-av_iconfont='entypo-fontello' title='' data-avia-related-tooltip='Compartir en LinkedIn' rel=\"noopener\"><span class='avia_hidden_link_text'>Compartir en LinkedIn<\/span><\/a><\/li><li class='av-share-link av-social-link-mail' ><a  aria-label=\"Compartir por correo\" href='mailto:?subject=CESFAM%20V%C3%ADctor%20Domingo%20Silva%20inici%C3%B3%20ciclo%20de%20talleres%20para%20cuidadores%20de%20personas%20con%20demencia&#038;body=https:\/\/radiorevelacionfm.cl\/?p=7545' aria-hidden='false' data-av_icon='\ue805' data-av_iconfont='entypo-fontello' title='' data-avia-related-tooltip='Compartir por correo'><span class='avia_hidden_link_text'>Compartir por correo<\/span><\/a><\/li><\/ul><\/div><\/div>\n<div  style='height:50px' class='hr hr-invisible   avia-builder-el-8  el_after_av_social_share  el_before_av_comments_list '><span class='hr-inner ' ><span class='hr-inner-style'><\/span><\/span><\/div>\n<div  class='av-buildercomment  av-blog-meta-html-info-disabled av-blog-meta-tag-disabled  '><\/div>\n","protected":false},"excerpt":{"rendered":"","protected":false},"author":1,"featured_media":7546,"comment_status":"open","ping_status":"open","sticky":false,"template":"","format":"standard","meta":{"footnotes":""},"categories":[46],"tags":[],"class_list":["post-7545","post","type-post","status-publish","format-standard","has-post-thumbnail","hentry","category-salud"],"jetpack_featured_media_url":"https:\/\/radiorevelacionfm.cl\/wp-content\/uploads\/2021\/08\/cuidadores2-1_optimized.jpeg","_links":{"self":[{"href":"https:\/\/radiorevelacionfm.cl\/index.php?rest_route=\/wp\/v2\/posts\/7545","targetHints":{"allow":["GET"]}}],"collection":[{"href":"https:\/\/radiorevelacionfm.cl\/index.php?rest_route=\/wp\/v2\/posts"}],"about":[{"href":"https:\/\/radiorevelacionfm.cl\/index.php?rest_route=\/wp\/v2\/types\/post"}],"author":[{"embeddable":true,"href":"https:\/\/radiorevelacionfm.cl\/index.php?rest_route=\/wp\/v2\/users\/1"}],"replies":[{"embeddable":true,"href":"https:\/\/radiorevelacionfm.cl\/index.php?rest_route=%2Fwp%2Fv2%2Fcomments&post=7545"}],"version-history":[{"count":1,"href":"https:\/\/radiorevelacionfm.cl\/index.php?rest_route=\/wp\/v2\/posts\/7545\/revisions"}],"predecessor-version":[{"id":7547,"href":"https:\/\/radiorevelacionfm.cl\/index.php?rest_route=\/wp\/v2\/posts\/7545\/revisions\/7547"}],"wp:featuredmedia":[{"embeddable":true,"href":"https:\/\/radiorevelacionfm.cl\/index.php?rest_route=\/wp\/v2\/media\/7546"}],"wp:attachment":[{"href":"https:\/\/radiorevelacionfm.cl\/index.php?rest_route=%2Fwp%2Fv2%2Fmedia&parent=7545"}],"wp:term":[{"taxonomy":"category","embeddable":true,"href":"https:\/\/radiorevelacionfm.cl\/index.php?rest_route=%2Fwp%2Fv2%2Fcategories&post=7545"},{"taxonomy":"post_tag","embeddable":true,"href":"https:\/\/radiorevelacionfm.cl\/index.php?rest_route=%2Fwp%2Fv2%2Ftags&post=7545"}],"curies":[{"name":"wp","href":"https:\/\/api.w.org\/{rel}","templated":true}]}}