{"id":7540,"date":"2021-08-17T11:37:12","date_gmt":"2021-08-17T14:37:12","guid":{"rendered":"https:\/\/radiorevelacionfm.cl\/?p=7540"},"modified":"2021-08-17T11:37:12","modified_gmt":"2021-08-17T14:37:12","slug":"sag-aysen-llama-a-propietarios-de-ganado-a-realizar-declaracion-de-existencia-animal","status":"publish","type":"post","link":"https:\/\/radiorevelacionfm.cl\/?p=7540","title":{"rendered":"SAG Ays\u00e9n llama a propietarios de ganado a realizar Declaraci\u00f3n de Existencia Animal"},"content":{"rendered":"<div class=\"flex_column av_one_full  flex_column_div av-zero-column-padding first  avia-builder-el-0  el_before_av_one_full  avia-builder-el-first  \" style='border-radius:0px; '><div  class='avia-image-container  av-styling-    avia-builder-el-1  avia-builder-el-no-sibling  avia-align-center '  itemprop=\"image\" itemscope=\"itemscope\" itemtype=\"https:\/\/schema.org\/ImageObject\"  ><div class='avia-image-container-inner'><div class='avia-image-overlay-wrap'><img decoding=\"async\" class='wp-image-7541 avia-img-lazy-loading-not-7541 avia_image' src=\"https:\/\/radiorevelacionfm.cl\/wp-content\/uploads\/2021\/08\/Cerdo0-1-1.jpg\" alt='' title='Cerdo0 (1) (1)' height=\"685\" width=\"1150\"  itemprop=\"thumbnailUrl\" srcset=\"https:\/\/radiorevelacionfm.cl\/wp-content\/uploads\/2021\/08\/Cerdo0-1-1.jpg 1150w, https:\/\/radiorevelacionfm.cl\/wp-content\/uploads\/2021\/08\/Cerdo0-1-1-300x179.jpg 300w, https:\/\/radiorevelacionfm.cl\/wp-content\/uploads\/2021\/08\/Cerdo0-1-1-1030x614.jpg 1030w, https:\/\/radiorevelacionfm.cl\/wp-content\/uploads\/2021\/08\/Cerdo0-1-1-768x457.jpg 768w, https:\/\/radiorevelacionfm.cl\/wp-content\/uploads\/2021\/08\/Cerdo0-1-1-705x420.jpg 705w, https:\/\/radiorevelacionfm.cl\/wp-content\/uploads\/2021\/08\/Cerdo0-1-1-600x357.jpg 600w\" sizes=\"(max-width: 1150px) 100vw, 1150px\" \/><\/div><\/div><\/div><\/div><div class=\"flex_column av_one_full  flex_column_div av-zero-column-padding first  avia-builder-el-2  el_after_av_one_full  el_before_av_one_full  column-top-margin\" style='border-radius:0px; '><section class=\"av_textblock_section \"  itemscope=\"itemscope\" itemtype=\"https:\/\/schema.org\/BlogPosting\" itemprop=\"blogPost\" ><div class='avia_textblock  '   itemprop=\"text\" ><p align=\"center\"><span style=\"font-size: 18pt;\"><strong>SAG Ays\u00e9n llama a propietarios de ganado a realizar Declaraci\u00f3n de Existencia Animal <\/strong><\/span><\/p>\n<div id=\"gtx-trans\" style=\"position: absolute; left: -50px; top: 4.31534px;\">\n<div class=\"gtx-trans-icon\"><\/div>\n<\/div>\n<\/div><\/section><\/div><div class=\"flex_column av_one_full  flex_column_div av-zero-column-padding first  avia-builder-el-4  el_after_av_one_full  el_before_av_hr  column-top-margin\" style='border-radius:0px; '><section class=\"av_textblock_section \"  itemscope=\"itemscope\" itemtype=\"https:\/\/schema.org\/BlogPosting\" itemprop=\"blogPost\" ><div class='avia_textblock  '   itemprop=\"text\" ><p style=\"text-align: justify;\">Se inici\u00f3 el periodo 2021 para actualizar la Declaraci\u00f3n de Existencia Animal (DEA) para titulares de predio con RUP.<\/p>\n<p style=\"text-align: justify;\">El Servicio Agr\u00edcola y Ganadero, SAG, recuerda a los titulares de predios con Rol \u00danico Pecuario (RUP) que, entre el 1 de agosto y el 30 de noviembre, se debe realizar la Declaraci\u00f3n de Existencia Animal (DEA) ante el Servicio.<\/p>\n<p style=\"text-align: justify;\">La DEA es un tr\u00e1mite obligatorio que los propietarios y propietarias de ganado que cuenten con RUP deben realizar en el SAG, declarando la totalidad de animales existentes en su predio seg\u00fan especie y categor\u00eda, ya sean bovinos, ovinos, porcinos, conejos, caprinos, cam\u00e9lidos, caballares, entre otros; completando el formulario en papel disponible en cualquier oficina SAG de la regi\u00f3n o ingresando los datos a trav\u00e9s del sistema SIPECweb, en <a href=\"https:\/\/nam10.safelinks.protection.outlook.com\/?url=https%3A%2F%2Fsipecweb.sag.gob.cl%2F&amp;data=04%7C01%7Ccecilia.munoz%40sag.gob.cl%7C756de56c0af94b91443808d95e63c0e2%7C77ecda755864422aa5356ea67154029c%7C0%7C0%7C637644604790562953%7CUnknown%7CTWFpbGZsb3d8eyJWIjoiMC4wLjAwMDAiLCJQIjoiV2luMzIiLCJBTiI6Ik1haWwiLCJXVCI6Mn0%3D%7C1000&amp;sdata=GHHplA8O95fJy4441FO4cMft3YoT9VKbq23tE3V8Qoo%3D&amp;reserved=0\">https:\/\/sipecweb.sag.gob.cl\/<\/a>, para lo cual el propietario\/a debe contar con una cuenta y clave que tambi\u00e9n se solicita en las oficinas del Servicio.<\/p>\n<p style=\"text-align: justify;\">La DEA es uno de los componentes claves del sistema de trazabilidad animal que ha llevado adelante el SAG los \u00faltimos a\u00f1os, pues permite conocer el n\u00famero total de animales vivos en el pa\u00eds y hacer una mejor gesti\u00f3n sanitaria en el campo.<\/p>\n<p style=\"text-align: justify;\">No se debe olvidar que tener la DEA realizada es un tr\u00e1mite obligatorio para solicitar el Formulario de Movimiento Animal (FMA) en el SAG, documento necesario para movilizar animales en la regi\u00f3n y en el pa\u00eds.<\/p>\n<\/div><\/section><\/div><div  style='height:50px' class='hr hr-invisible   avia-builder-el-6  el_after_av_one_full  el_before_av_social_share '><span class='hr-inner ' ><span class='hr-inner-style'><\/span><\/span><\/div><\/p>\n<div  class='av-social-sharing-box  avia-builder-el-7  el_after_av_hr  el_before_av_hr  '><div class='av-share-box'><h5 class='av-share-link-description av-no-toc '>Compartir esta noticia<\/h5><ul class='av-share-box-list noLightbox'><li class='av-share-link av-social-link-facebook' ><a target=\"_blank\" aria-label=\"Compartir en Facebook\" href='https:\/\/www.facebook.com\/sharer.php?u=https:\/\/radiorevelacionfm.cl\/?p=7540&#038;t=SAG%20Ays%C3%A9n%20llama%20a%20propietarios%20de%20ganado%20a%20realizar%20Declaraci%C3%B3n%20de%20Existencia%20Animal' aria-hidden='false' data-av_icon='\ue8f3' data-av_iconfont='entypo-fontello' title='' data-avia-related-tooltip='Compartir en Facebook' rel=\"noopener\"><span class='avia_hidden_link_text'>Compartir en Facebook<\/span><\/a><\/li><li class='av-share-link av-social-link-twitter' ><a target=\"_blank\" aria-label=\"Compartir en Twitter\" href='https:\/\/twitter.com\/share?text=SAG%20Ays%C3%A9n%20llama%20a%20propietarios%20de%20ganado%20a%20realizar%20Declaraci%C3%B3n%20de%20Existencia%20Animal&#038;url=https:\/\/radiorevelacionfm.cl\/?p=7540' aria-hidden='false' data-av_icon='\ue8f1' data-av_iconfont='entypo-fontello' title='' data-avia-related-tooltip='Compartir en Twitter' rel=\"noopener\"><span class='avia_hidden_link_text'>Compartir en Twitter<\/span><\/a><\/li><li class='av-share-link av-social-link-whatsapp' ><a target=\"_blank\" aria-label=\"Compartir en Whatsapp\" href='https:\/\/api.whatsapp.com\/send?text=https:\/\/radiorevelacionfm.cl\/?p=7540' aria-hidden='false' data-av_icon='\uf232' data-av_iconfont='entypo-fontello' title='' data-avia-related-tooltip='Compartir en Whatsapp' rel=\"noopener\"><span class='avia_hidden_link_text'>Compartir en Whatsapp<\/span><\/a><\/li><li class='av-share-link av-social-link-linkedin' ><a target=\"_blank\" aria-label=\"Compartir en LinkedIn\" href='https:\/\/linkedin.com\/shareArticle?mini=true&#038;title=SAG%20Ays%C3%A9n%20llama%20a%20propietarios%20de%20ganado%20a%20realizar%20Declaraci%C3%B3n%20de%20Existencia%20Animal&#038;url=https:\/\/radiorevelacionfm.cl\/?p=7540' aria-hidden='false' data-av_icon='\ue8fc' data-av_iconfont='entypo-fontello' title='' data-avia-related-tooltip='Compartir en LinkedIn' rel=\"noopener\"><span class='avia_hidden_link_text'>Compartir en LinkedIn<\/span><\/a><\/li><li class='av-share-link av-social-link-mail' ><a  aria-label=\"Compartir por correo\" href='mailto:?subject=SAG%20Ays%C3%A9n%20llama%20a%20propietarios%20de%20ganado%20a%20realizar%20Declaraci%C3%B3n%20de%20Existencia%20Animal&#038;body=https:\/\/radiorevelacionfm.cl\/?p=7540' aria-hidden='false' data-av_icon='\ue805' data-av_iconfont='entypo-fontello' title='' data-avia-related-tooltip='Compartir por correo'><span class='avia_hidden_link_text'>Compartir por correo<\/span><\/a><\/li><\/ul><\/div><\/div>\n<div  style='height:50px' class='hr hr-invisible   avia-builder-el-8  el_after_av_social_share  el_before_av_comments_list '><span class='hr-inner ' ><span class='hr-inner-style'><\/span><\/span><\/div>\n<div  class='av-buildercomment  av-blog-meta-html-info-disabled av-blog-meta-tag-disabled  '><\/div>\n","protected":false},"excerpt":{"rendered":"","protected":false},"author":1,"featured_media":7541,"comment_status":"open","ping_status":"open","sticky":false,"template":"","format":"standard","meta":{"footnotes":""},"categories":[58],"tags":[],"class_list":["post-7540","post","type-post","status-publish","format-standard","has-post-thumbnail","hentry","category-agricultura"],"jetpack_featured_media_url":"https:\/\/radiorevelacionfm.cl\/wp-content\/uploads\/2021\/08\/Cerdo0-1-1.jpg","_links":{"self":[{"href":"https:\/\/radiorevelacionfm.cl\/index.php?rest_route=\/wp\/v2\/posts\/7540","targetHints":{"allow":["GET"]}}],"collection":[{"href":"https:\/\/radiorevelacionfm.cl\/index.php?rest_route=\/wp\/v2\/posts"}],"about":[{"href":"https:\/\/radiorevelacionfm.cl\/index.php?rest_route=\/wp\/v2\/types\/post"}],"author":[{"embeddable":true,"href":"https:\/\/radiorevelacionfm.cl\/index.php?rest_route=\/wp\/v2\/users\/1"}],"replies":[{"embeddable":true,"href":"https:\/\/radiorevelacionfm.cl\/index.php?rest_route=%2Fwp%2Fv2%2Fcomments&post=7540"}],"version-history":[{"count":1,"href":"https:\/\/radiorevelacionfm.cl\/index.php?rest_route=\/wp\/v2\/posts\/7540\/revisions"}],"predecessor-version":[{"id":7542,"href":"https:\/\/radiorevelacionfm.cl\/index.php?rest_route=\/wp\/v2\/posts\/7540\/revisions\/7542"}],"wp:featuredmedia":[{"embeddable":true,"href":"https:\/\/radiorevelacionfm.cl\/index.php?rest_route=\/wp\/v2\/media\/7541"}],"wp:attachment":[{"href":"https:\/\/radiorevelacionfm.cl\/index.php?rest_route=%2Fwp%2Fv2%2Fmedia&parent=7540"}],"wp:term":[{"taxonomy":"category","embeddable":true,"href":"https:\/\/radiorevelacionfm.cl\/index.php?rest_route=%2Fwp%2Fv2%2Fcategories&post=7540"},{"taxonomy":"post_tag","embeddable":true,"href":"https:\/\/radiorevelacionfm.cl\/index.php?rest_route=%2Fwp%2Fv2%2Ftags&post=7540"}],"curies":[{"name":"wp","href":"https:\/\/api.w.org\/{rel}","templated":true}]}}