{"id":7536,"date":"2021-08-17T10:49:31","date_gmt":"2021-08-17T13:49:31","guid":{"rendered":"https:\/\/radiorevelacionfm.cl\/?p=7536"},"modified":"2021-08-17T10:49:31","modified_gmt":"2021-08-17T13:49:31","slug":"en-visita-por-aysen-subsecretario-dona-libros-para-acercar-la-mineria-a-los-estudiantes","status":"publish","type":"post","link":"https:\/\/radiorevelacionfm.cl\/?p=7536","title":{"rendered":"En visita por Ays\u00e9n, Subsecretario dona libros para acercar la miner\u00eda a los estudiantes"},"content":{"rendered":"<div class=\"flex_column av_one_full  flex_column_div av-zero-column-padding first  avia-builder-el-0  el_before_av_one_full  avia-builder-el-first  \" style='border-radius:0px; '><div  class='avia-image-container  av-styling-    avia-builder-el-1  avia-builder-el-no-sibling  avia-align-center '  itemprop=\"image\" itemscope=\"itemscope\" itemtype=\"https:\/\/schema.org\/ImageObject\"  ><div class='avia-image-container-inner'><div class='avia-image-overlay-wrap'><img decoding=\"async\" class='wp-image-7538 avia-img-lazy-loading-not-7538 avia_image' src=\"https:\/\/radiorevelacionfm.cl\/wp-content\/uploads\/2021\/08\/Subsecretario_Libros1-1-1.jpg\" alt='' title='Subsecretario_Libros1 (1) (1)' height=\"600\" width=\"996\"  itemprop=\"thumbnailUrl\" srcset=\"https:\/\/radiorevelacionfm.cl\/wp-content\/uploads\/2021\/08\/Subsecretario_Libros1-1-1.jpg 996w, https:\/\/radiorevelacionfm.cl\/wp-content\/uploads\/2021\/08\/Subsecretario_Libros1-1-1-300x181.jpg 300w, https:\/\/radiorevelacionfm.cl\/wp-content\/uploads\/2021\/08\/Subsecretario_Libros1-1-1-768x463.jpg 768w, https:\/\/radiorevelacionfm.cl\/wp-content\/uploads\/2021\/08\/Subsecretario_Libros1-1-1-705x425.jpg 705w, https:\/\/radiorevelacionfm.cl\/wp-content\/uploads\/2021\/08\/Subsecretario_Libros1-1-1-600x361.jpg 600w\" sizes=\"(max-width: 996px) 100vw, 996px\" \/><\/div><\/div><\/div><\/div><div class=\"flex_column av_one_full  flex_column_div av-zero-column-padding first  avia-builder-el-2  el_after_av_one_full  el_before_av_one_full  column-top-margin\" style='border-radius:0px; '><section class=\"av_textblock_section \"  itemscope=\"itemscope\" itemtype=\"https:\/\/schema.org\/BlogPosting\" itemprop=\"blogPost\" ><div class='avia_textblock  '   itemprop=\"text\" ><p style=\"text-align: center;\"><strong><span style=\"font-size: 18pt;\">En visita por Ays\u00e9n, Subsecretario dona libros para acercar la miner\u00eda a los estudiantes<\/span><\/strong><\/p>\n<div id=\"gtx-trans\" style=\"position: absolute; left: -50px; top: 4.31534px;\">\n<div class=\"gtx-trans-icon\"><\/div>\n<\/div>\n<\/div><\/section><\/div><div class=\"flex_column av_one_full  flex_column_div av-zero-column-padding first  avia-builder-el-4  el_after_av_one_full  el_before_av_hr  column-top-margin\" style='border-radius:0px; '><section class=\"av_textblock_section \"  itemscope=\"itemscope\" itemtype=\"https:\/\/schema.org\/BlogPosting\" itemprop=\"blogPost\" ><div class='avia_textblock  '   itemprop=\"text\" ><p style=\"text-align: justify;\">En el marco del Mes de la Miner\u00eda, el subsecretario de la cartera, Edgar Blanco, viaj\u00f3 a la Regi\u00f3n de Ays\u00e9n con el objetivo de acercar la miner\u00eda a sus estudiantes. Junto al seremi de Miner\u00eda, Julio Z\u00fa\u00f1iga, el subsecretario hizo entrega de libros sobre \u201cLa sensacional historia del cobre\u201d realizado por Freeport-McMoran a los alumnos del Liceo TP Ma\u00f1ihuales y del Liceo Bicentenario Rural de Cerro Castillo.<\/p>\n<p style=\"text-align: justify;\">El Liceo TP Ma\u00f1ihuales es el \u00fanico establecimiento educacional que imparte la carrera t\u00e9cnico medio en explotaci\u00f3n minera de la regi\u00f3n y su directora, Sandra Rubilar destac\u00f3 que \u201cPara nosotros la preparaci\u00f3n de estos j\u00f3venes es muy importante y estos libros nos permiten poder ense\u00f1arles desde peque\u00f1os que la Regi\u00f3n de Ays\u00e9n s\u00ed tiene miner\u00eda\u201d.<\/p>\n<div class=\"code-block code-block-4\" style=\"text-align: justify;\">\n<div id=\"sas_99072\">\u201cPara nosotros es una alegr\u00eda que existan j\u00f3venes de Ays\u00e9n tan interesados en miner\u00eda. Nos hemos comprometido junto al seremi y a la Gobernadora Regional de Ays\u00e9n, Andrea Mac\u00edas, de seguir apoy\u00e1ndolos para un mayor desarrollo de su aprendizaje y as\u00ed puedan comprender de manera did\u00e1ctica la industria m\u00e1s importante de nuestro pa\u00eds que ser\u00e1 protagonista en la lucha contra el cambio clim\u00e1tico\u201d afirm\u00f3 el subsecretario de Miner\u00eda Edgar Blanco.<\/div>\n<\/div>\n<p style=\"text-align: justify;\">Por otra parte, el Seremi de Miner\u00eda de Ays\u00e9n, Julio Z\u00fa\u00f1iga, agreg\u00f3, \u201cpara nosotros era importante acercar la miner\u00eda a la educaci\u00f3n, es por ello que dentro de las actividades contempladas para conmemorar el mes de la miner\u00eda, se incorporaron iniciativas con nuestros establecimientos educacionales, estamos seguros que estos libros ser\u00e1n un aporte significativo para las aulas\u201d.<\/p>\n<p style=\"text-align: justify;\">\u201cLa sensacional historia del cobre\u201d entrega datos como que los minerales de nuestro pa\u00eds est\u00e1n presenta en todos lados: en tuber\u00edas, cereales, ropa, cubiertos, jugo, toallas, pasta dental, jab\u00f3n, entre otros. Incluyen adem\u00e1s adivinanzas, crucigramas y calcoman\u00edas. Cumpliendo as\u00ed con el prop\u00f3sito de difundir de manera did\u00e1ctica y atractiva datos relacionados con el rubro entendiendo y valorando el por qu\u00e9 somos un pa\u00eds minero.<\/p>\n<\/div><\/section><\/div><div  style='height:50px' class='hr hr-invisible   avia-builder-el-6  el_after_av_one_full  el_before_av_social_share '><span class='hr-inner ' ><span class='hr-inner-style'><\/span><\/span><\/div><\/p>\n<div  class='av-social-sharing-box  avia-builder-el-7  el_after_av_hr  el_before_av_hr  '><div class='av-share-box'><h5 class='av-share-link-description av-no-toc '>Compartir esta noticia<\/h5><ul class='av-share-box-list noLightbox'><li class='av-share-link av-social-link-facebook' ><a target=\"_blank\" aria-label=\"Compartir en Facebook\" href='https:\/\/www.facebook.com\/sharer.php?u=https:\/\/radiorevelacionfm.cl\/?p=7536&#038;t=En%20visita%20por%20Ays%C3%A9n%2C%20Subsecretario%20dona%20libros%20para%20acercar%20la%20miner%C3%ADa%20a%20los%20estudiantes' aria-hidden='false' data-av_icon='\ue8f3' data-av_iconfont='entypo-fontello' title='' data-avia-related-tooltip='Compartir en Facebook' rel=\"noopener\"><span class='avia_hidden_link_text'>Compartir en Facebook<\/span><\/a><\/li><li class='av-share-link av-social-link-twitter' ><a target=\"_blank\" aria-label=\"Compartir en Twitter\" href='https:\/\/twitter.com\/share?text=En%20visita%20por%20Ays%C3%A9n%2C%20Subsecretario%20dona%20libros%20para%20acercar%20la%20miner%C3%ADa%20a%20los%20estudiantes&#038;url=https:\/\/radiorevelacionfm.cl\/?p=7536' aria-hidden='false' data-av_icon='\ue8f1' data-av_iconfont='entypo-fontello' title='' data-avia-related-tooltip='Compartir en Twitter' rel=\"noopener\"><span class='avia_hidden_link_text'>Compartir en Twitter<\/span><\/a><\/li><li class='av-share-link av-social-link-whatsapp' ><a target=\"_blank\" aria-label=\"Compartir en Whatsapp\" href='https:\/\/api.whatsapp.com\/send?text=https:\/\/radiorevelacionfm.cl\/?p=7536' aria-hidden='false' data-av_icon='\uf232' data-av_iconfont='entypo-fontello' title='' data-avia-related-tooltip='Compartir en Whatsapp' rel=\"noopener\"><span class='avia_hidden_link_text'>Compartir en Whatsapp<\/span><\/a><\/li><li class='av-share-link av-social-link-linkedin' ><a target=\"_blank\" aria-label=\"Compartir en LinkedIn\" href='https:\/\/linkedin.com\/shareArticle?mini=true&#038;title=En%20visita%20por%20Ays%C3%A9n%2C%20Subsecretario%20dona%20libros%20para%20acercar%20la%20miner%C3%ADa%20a%20los%20estudiantes&#038;url=https:\/\/radiorevelacionfm.cl\/?p=7536' aria-hidden='false' data-av_icon='\ue8fc' data-av_iconfont='entypo-fontello' title='' data-avia-related-tooltip='Compartir en LinkedIn' rel=\"noopener\"><span class='avia_hidden_link_text'>Compartir en LinkedIn<\/span><\/a><\/li><li class='av-share-link av-social-link-mail' ><a  aria-label=\"Compartir por correo\" href='mailto:?subject=En%20visita%20por%20Ays%C3%A9n%2C%20Subsecretario%20dona%20libros%20para%20acercar%20la%20miner%C3%ADa%20a%20los%20estudiantes&#038;body=https:\/\/radiorevelacionfm.cl\/?p=7536' aria-hidden='false' data-av_icon='\ue805' data-av_iconfont='entypo-fontello' title='' data-avia-related-tooltip='Compartir por correo'><span class='avia_hidden_link_text'>Compartir por correo<\/span><\/a><\/li><\/ul><\/div><\/div>\n<div  style='height:50px' class='hr hr-invisible   avia-builder-el-8  el_after_av_social_share  el_before_av_comments_list '><span class='hr-inner ' ><span class='hr-inner-style'><\/span><\/span><\/div>\n<div  class='av-buildercomment  av-blog-meta-html-info-disabled av-blog-meta-tag-disabled  '><\/div>\n","protected":false},"excerpt":{"rendered":"","protected":false},"author":1,"featured_media":7538,"comment_status":"open","ping_status":"open","sticky":false,"template":"","format":"standard","meta":{"footnotes":""},"categories":[38],"tags":[],"class_list":["post-7536","post","type-post","status-publish","format-standard","has-post-thumbnail","hentry","category-regional"],"jetpack_featured_media_url":"https:\/\/radiorevelacionfm.cl\/wp-content\/uploads\/2021\/08\/Subsecretario_Libros1-1-1.jpg","_links":{"self":[{"href":"https:\/\/radiorevelacionfm.cl\/index.php?rest_route=\/wp\/v2\/posts\/7536","targetHints":{"allow":["GET"]}}],"collection":[{"href":"https:\/\/radiorevelacionfm.cl\/index.php?rest_route=\/wp\/v2\/posts"}],"about":[{"href":"https:\/\/radiorevelacionfm.cl\/index.php?rest_route=\/wp\/v2\/types\/post"}],"author":[{"embeddable":true,"href":"https:\/\/radiorevelacionfm.cl\/index.php?rest_route=\/wp\/v2\/users\/1"}],"replies":[{"embeddable":true,"href":"https:\/\/radiorevelacionfm.cl\/index.php?rest_route=%2Fwp%2Fv2%2Fcomments&post=7536"}],"version-history":[{"count":1,"href":"https:\/\/radiorevelacionfm.cl\/index.php?rest_route=\/wp\/v2\/posts\/7536\/revisions"}],"predecessor-version":[{"id":7539,"href":"https:\/\/radiorevelacionfm.cl\/index.php?rest_route=\/wp\/v2\/posts\/7536\/revisions\/7539"}],"wp:featuredmedia":[{"embeddable":true,"href":"https:\/\/radiorevelacionfm.cl\/index.php?rest_route=\/wp\/v2\/media\/7538"}],"wp:attachment":[{"href":"https:\/\/radiorevelacionfm.cl\/index.php?rest_route=%2Fwp%2Fv2%2Fmedia&parent=7536"}],"wp:term":[{"taxonomy":"category","embeddable":true,"href":"https:\/\/radiorevelacionfm.cl\/index.php?rest_route=%2Fwp%2Fv2%2Fcategories&post=7536"},{"taxonomy":"post_tag","embeddable":true,"href":"https:\/\/radiorevelacionfm.cl\/index.php?rest_route=%2Fwp%2Fv2%2Ftags&post=7536"}],"curies":[{"name":"wp","href":"https:\/\/api.w.org\/{rel}","templated":true}]}}