{"id":7533,"date":"2021-08-17T10:44:41","date_gmt":"2021-08-17T13:44:41","guid":{"rendered":"https:\/\/radiorevelacionfm.cl\/?p=7533"},"modified":"2021-08-17T10:44:41","modified_gmt":"2021-08-17T13:44:41","slug":"explora-aysen-inicia-ciclo-de-conversatorios-sobre-el-mundo-en-transformacion","status":"publish","type":"post","link":"https:\/\/radiorevelacionfm.cl\/?p=7533","title":{"rendered":"Explora Ays\u00e9n inicia ciclo de conversatorios sobre el mundo en transformaci\u00f3n"},"content":{"rendered":"<div class=\"flex_column av_one_full  flex_column_div av-zero-column-padding first  avia-builder-el-0  el_before_av_one_full  avia-builder-el-first  \" style='border-radius:0px; '><div  class='avia-image-container  av-styling-    avia-builder-el-1  avia-builder-el-no-sibling  avia-align-center '  itemprop=\"image\" itemscope=\"itemscope\" itemtype=\"https:\/\/schema.org\/ImageObject\"  ><div class='avia-image-container-inner'><div class='avia-image-overlay-wrap'><img decoding=\"async\" class='wp-image-7534 avia-img-lazy-loading-not-7534 avia_image' src=\"https:\/\/radiorevelacionfm.cl\/wp-content\/uploads\/2021\/08\/ConversatorioCC-1-1.png\" alt='' title='ConversatorioCC (1) (1)' height=\"600\" width=\"938\"  itemprop=\"thumbnailUrl\" srcset=\"https:\/\/radiorevelacionfm.cl\/wp-content\/uploads\/2021\/08\/ConversatorioCC-1-1.png 938w, https:\/\/radiorevelacionfm.cl\/wp-content\/uploads\/2021\/08\/ConversatorioCC-1-1-300x192.png 300w, https:\/\/radiorevelacionfm.cl\/wp-content\/uploads\/2021\/08\/ConversatorioCC-1-1-768x491.png 768w, https:\/\/radiorevelacionfm.cl\/wp-content\/uploads\/2021\/08\/ConversatorioCC-1-1-705x451.png 705w, https:\/\/radiorevelacionfm.cl\/wp-content\/uploads\/2021\/08\/ConversatorioCC-1-1-600x384.png 600w\" sizes=\"(max-width: 938px) 100vw, 938px\" \/><\/div><\/div><\/div><\/div><div class=\"flex_column av_one_full  flex_column_div av-zero-column-padding first  avia-builder-el-2  el_after_av_one_full  el_before_av_one_full  column-top-margin\" style='border-radius:0px; '><section class=\"av_textblock_section \"  itemscope=\"itemscope\" itemtype=\"https:\/\/schema.org\/BlogPosting\" itemprop=\"blogPost\" ><div class='avia_textblock  '   itemprop=\"text\" ><p style=\"text-align: center;\"><span style=\"font-size: 18pt;\"><strong>Explora Ays\u00e9n inicia ciclo de conversatorios sobre el mundo en transformaci\u00f3n<\/strong><\/span><\/p>\n<div id=\"gtx-trans\" style=\"position: absolute; left: -50px; top: 4.31534px;\">\n<div class=\"gtx-trans-icon\"><\/div>\n<\/div>\n<\/div><\/section><\/div><div class=\"flex_column av_one_full  flex_column_div av-zero-column-padding first  avia-builder-el-4  el_after_av_one_full  el_before_av_hr  column-top-margin\" style='border-radius:0px; '><section class=\"av_textblock_section \"  itemscope=\"itemscope\" itemtype=\"https:\/\/schema.org\/BlogPosting\" itemprop=\"blogPost\" ><div class='avia_textblock  '   itemprop=\"text\" ><p style=\"text-align: justify;\">\u201cPensando el cambio clim\u00e1tico: la resiliencia de la vida en un mundo cambiante\u201d es el t\u00edtulo del primer encuentro del ciclo de conversatorios Ideas para un mundo en transformaci\u00f3n, donde especialistas de diversas \u00e1reas de la ciencia se reunir\u00e1n para conversar sobre diversas transformaciones que hoy se viven en el planeta y el rol de los seres humanos en \u00e9stas.<\/p>\n<p style=\"text-align: justify;\">La crisis clim\u00e1tica que hoy se vive a nivel planetario urge de atenci\u00f3n y acci\u00f3n inmediata. En busca de abordar esta tem\u00e1tica desde un espacio de di\u00e1logo y encuentro de ideas, el <strong>24 de agosto a las 18:00 horas<\/strong> se realizar\u00e1 el conversatorio <strong>Pensando el cambio clim\u00e1tico: la resiliencia de la vida en un mundo cambiante<\/strong>, el primer del ciclo de conversatorios de Ciencia Abierta, iniciativa implementada por el Proyecto Explora Ays\u00e9n del Ministerio de Ciencia, ejecutado en la regi\u00f3n por el Campus Patagonia de la Universidad Austral de Chile.<\/p>\n<p style=\"text-align: justify;\"><strong>Un planeta interconectado<\/strong><\/p>\n<p style=\"text-align: justify;\">El calentamiento global provocado por la actividad humana es una realidad que hoy precisa de acciones inmediatas. Desde las Naciones Unidas se se\u00f1ala que el aumento de las temperaturas es solo el comienzo de m\u00faltiples consecuencias de esta crisis y que es fundamental comprender a la Tierra como un sistema interconectado, en el que cambios en un \u00e1rea pueden gatillar cambios en todas las dem\u00e1s.<\/p>\n<p style=\"text-align: justify;\">Tomando en consideraci\u00f3n esta mirada sist\u00e9mica, este primer conversatorio reunir\u00e1 a especialistas de diversas \u00e1reas de estudio para dialogar sobre posibles estrategias y acciones multidimensionales a tomar para frenar la emergencia clim\u00e1tica que hoy se vive y cuyas consecuencias fueron abordadas recientemente en el \u00faltimo informe del Panel Intergubernamental de Expertos sobre el Cambio Clim\u00e1tico (IPCC, por sus siglas en ingl\u00e9s).<\/p>\n<p style=\"text-align: justify;\">Respecto al conversatorio, Celeste Skewes, encargada de Ciencia Abierta de Explora Ays\u00e9n comenta: \u201cbuscamos generar un espacio de encuentro y di\u00e1logo, en el que sea posible abordar la crisis clim\u00e1tica desde la resiliencia, pensando c\u00f3mo podemos actuar y tambi\u00e9n adaptarnos colectivamente a los escenarios clim\u00e1ticos complejos que ya estamos viendo ocurrir con mayor frecuencia y gravedad en diversos lugares del planeta\u201d.<\/p>\n<p style=\"text-align: justify;\"><strong>\u00bfQuieres ser parte de esta conversaci\u00f3n? <\/strong><\/p>\n<p style=\"text-align: justify;\">En Ciencia Abierta siempre hay un espacio para ti. Solo debes ingresar tus datos en el formulario de la web https:\/\/www.explora.cl\/aysen\/<\/p>\n<p style=\"text-align: justify;\"><strong>\u00a0<\/strong><\/p>\n<\/div><\/section><\/div><div  style='height:50px' class='hr hr-invisible   avia-builder-el-6  el_after_av_one_full  el_before_av_social_share '><span class='hr-inner ' ><span class='hr-inner-style'><\/span><\/span><\/div><\/p>\n<div  class='av-social-sharing-box  avia-builder-el-7  el_after_av_hr  el_before_av_hr  '><div class='av-share-box'><h5 class='av-share-link-description av-no-toc '>Compartir esta noticia<\/h5><ul class='av-share-box-list noLightbox'><li class='av-share-link av-social-link-facebook' ><a target=\"_blank\" aria-label=\"Compartir en Facebook\" href='https:\/\/www.facebook.com\/sharer.php?u=https:\/\/radiorevelacionfm.cl\/?p=7533&#038;t=Explora%20Ays%C3%A9n%20inicia%20ciclo%20de%20conversatorios%20sobre%20el%20mundo%20en%20transformaci%C3%B3n' aria-hidden='false' data-av_icon='\ue8f3' data-av_iconfont='entypo-fontello' title='' data-avia-related-tooltip='Compartir en Facebook' rel=\"noopener\"><span class='avia_hidden_link_text'>Compartir en Facebook<\/span><\/a><\/li><li class='av-share-link av-social-link-twitter' ><a target=\"_blank\" aria-label=\"Compartir en Twitter\" href='https:\/\/twitter.com\/share?text=Explora%20Ays%C3%A9n%20inicia%20ciclo%20de%20conversatorios%20sobre%20el%20mundo%20en%20transformaci%C3%B3n&#038;url=https:\/\/radiorevelacionfm.cl\/?p=7533' aria-hidden='false' data-av_icon='\ue8f1' data-av_iconfont='entypo-fontello' title='' data-avia-related-tooltip='Compartir en Twitter' rel=\"noopener\"><span class='avia_hidden_link_text'>Compartir en Twitter<\/span><\/a><\/li><li class='av-share-link av-social-link-whatsapp' ><a target=\"_blank\" aria-label=\"Compartir en Whatsapp\" href='https:\/\/api.whatsapp.com\/send?text=https:\/\/radiorevelacionfm.cl\/?p=7533' aria-hidden='false' data-av_icon='\uf232' data-av_iconfont='entypo-fontello' title='' data-avia-related-tooltip='Compartir en Whatsapp' rel=\"noopener\"><span class='avia_hidden_link_text'>Compartir en Whatsapp<\/span><\/a><\/li><li class='av-share-link av-social-link-linkedin' ><a target=\"_blank\" aria-label=\"Compartir en LinkedIn\" href='https:\/\/linkedin.com\/shareArticle?mini=true&#038;title=Explora%20Ays%C3%A9n%20inicia%20ciclo%20de%20conversatorios%20sobre%20el%20mundo%20en%20transformaci%C3%B3n&#038;url=https:\/\/radiorevelacionfm.cl\/?p=7533' aria-hidden='false' data-av_icon='\ue8fc' data-av_iconfont='entypo-fontello' title='' data-avia-related-tooltip='Compartir en LinkedIn' rel=\"noopener\"><span class='avia_hidden_link_text'>Compartir en LinkedIn<\/span><\/a><\/li><li class='av-share-link av-social-link-mail' ><a  aria-label=\"Compartir por correo\" href='mailto:?subject=Explora%20Ays%C3%A9n%20inicia%20ciclo%20de%20conversatorios%20sobre%20el%20mundo%20en%20transformaci%C3%B3n&#038;body=https:\/\/radiorevelacionfm.cl\/?p=7533' aria-hidden='false' data-av_icon='\ue805' data-av_iconfont='entypo-fontello' title='' data-avia-related-tooltip='Compartir por correo'><span class='avia_hidden_link_text'>Compartir por correo<\/span><\/a><\/li><\/ul><\/div><\/div>\n<div  style='height:50px' class='hr hr-invisible   avia-builder-el-8  el_after_av_social_share  el_before_av_comments_list '><span class='hr-inner ' ><span class='hr-inner-style'><\/span><\/span><\/div>\n<div  class='av-buildercomment  av-blog-meta-html-info-disabled av-blog-meta-tag-disabled  '><\/div>\n","protected":false},"excerpt":{"rendered":"","protected":false},"author":1,"featured_media":7534,"comment_status":"open","ping_status":"open","sticky":false,"template":"","format":"standard","meta":{"footnotes":""},"categories":[39],"tags":[],"class_list":["post-7533","post","type-post","status-publish","format-standard","has-post-thumbnail","hentry","category-medio-ambiente"],"jetpack_featured_media_url":"https:\/\/radiorevelacionfm.cl\/wp-content\/uploads\/2021\/08\/ConversatorioCC-1-1.png","_links":{"self":[{"href":"https:\/\/radiorevelacionfm.cl\/index.php?rest_route=\/wp\/v2\/posts\/7533","targetHints":{"allow":["GET"]}}],"collection":[{"href":"https:\/\/radiorevelacionfm.cl\/index.php?rest_route=\/wp\/v2\/posts"}],"about":[{"href":"https:\/\/radiorevelacionfm.cl\/index.php?rest_route=\/wp\/v2\/types\/post"}],"author":[{"embeddable":true,"href":"https:\/\/radiorevelacionfm.cl\/index.php?rest_route=\/wp\/v2\/users\/1"}],"replies":[{"embeddable":true,"href":"https:\/\/radiorevelacionfm.cl\/index.php?rest_route=%2Fwp%2Fv2%2Fcomments&post=7533"}],"version-history":[{"count":1,"href":"https:\/\/radiorevelacionfm.cl\/index.php?rest_route=\/wp\/v2\/posts\/7533\/revisions"}],"predecessor-version":[{"id":7535,"href":"https:\/\/radiorevelacionfm.cl\/index.php?rest_route=\/wp\/v2\/posts\/7533\/revisions\/7535"}],"wp:featuredmedia":[{"embeddable":true,"href":"https:\/\/radiorevelacionfm.cl\/index.php?rest_route=\/wp\/v2\/media\/7534"}],"wp:attachment":[{"href":"https:\/\/radiorevelacionfm.cl\/index.php?rest_route=%2Fwp%2Fv2%2Fmedia&parent=7533"}],"wp:term":[{"taxonomy":"category","embeddable":true,"href":"https:\/\/radiorevelacionfm.cl\/index.php?rest_route=%2Fwp%2Fv2%2Fcategories&post=7533"},{"taxonomy":"post_tag","embeddable":true,"href":"https:\/\/radiorevelacionfm.cl\/index.php?rest_route=%2Fwp%2Fv2%2Ftags&post=7533"}],"curies":[{"name":"wp","href":"https:\/\/api.w.org\/{rel}","templated":true}]}}