{"id":7528,"date":"2021-08-16T23:08:54","date_gmt":"2021-08-17T02:08:54","guid":{"rendered":"https:\/\/radiorevelacionfm.cl\/?p=7528"},"modified":"2021-08-16T23:18:16","modified_gmt":"2021-08-17T02:18:16","slug":"en-la-junta-detienen-a-3-personas-por-trafico-de-drogas-y-decomisan-marihuana-avaluada-en-cerca-de-17-millones","status":"publish","type":"post","link":"https:\/\/radiorevelacionfm.cl\/?p=7528","title":{"rendered":"En La Junta detienen a 3 personas por tr\u00e1fico de drogas y decomisan marihuana avaluada en cerca de 17 millones\u00a0"},"content":{"rendered":"<div class=\"flex_column av_one_full  flex_column_div av-zero-column-padding first  avia-builder-el-0  el_before_av_one_full  avia-builder-el-first  \" style='border-radius:0px; '><div  class='avia-image-container  av-styling-    avia-builder-el-1  avia-builder-el-no-sibling  avia-align-center '  itemprop=\"image\" itemscope=\"itemscope\" itemtype=\"https:\/\/schema.org\/ImageObject\"  ><div class='avia-image-container-inner'><div class='avia-image-overlay-wrap'><img decoding=\"async\" class='wp-image-7530 avia-img-lazy-loading-not-7530 avia_image' src=\"https:\/\/radiorevelacionfm.cl\/wp-content\/uploads\/2021\/08\/Evidencia-LJ0-1.jpg\" alt='' title='Evidencia LJ0 (1)' height=\"600\" width=\"439\"  itemprop=\"thumbnailUrl\" srcset=\"https:\/\/radiorevelacionfm.cl\/wp-content\/uploads\/2021\/08\/Evidencia-LJ0-1.jpg 439w, https:\/\/radiorevelacionfm.cl\/wp-content\/uploads\/2021\/08\/Evidencia-LJ0-1-220x300.jpg 220w\" sizes=\"(max-width: 439px) 100vw, 439px\" \/><\/div><\/div><\/div><\/div><div class=\"flex_column av_one_full  flex_column_div av-zero-column-padding first  avia-builder-el-2  el_after_av_one_full  el_before_av_one_full  column-top-margin\" style='border-radius:0px; '><section class=\"av_textblock_section \"  itemscope=\"itemscope\" itemtype=\"https:\/\/schema.org\/BlogPosting\" itemprop=\"blogPost\" ><div class='avia_textblock  '   itemprop=\"text\" ><p style=\"text-align: center;\"><strong><span style=\"font-size: 18pt;\">En La Junta detienen a 3 personas por tr\u00e1fico de drogas y decomisan marihuana avaluada en cerca de 17 millones\u00a0<\/span><\/strong><\/p>\n<div id=\"gtx-trans\" style=\"position: absolute; left: -50px; top: 4.31534px;\">\n<div class=\"gtx-trans-icon\"><\/div>\n<\/div>\n<\/div><\/section><\/div><div class=\"flex_column av_one_full  flex_column_div av-zero-column-padding first  avia-builder-el-4  el_after_av_one_full  el_before_av_hr  column-top-margin\" style='border-radius:0px; '><section class=\"av_textblock_section \"  itemscope=\"itemscope\" itemtype=\"https:\/\/schema.org\/BlogPosting\" itemprop=\"blogPost\" ><div class='avia_textblock  '   itemprop=\"text\" ><p class=\"v1MsoNormal\" style=\"text-align: justify;\">Producto de una orden de investigar emanada de la Fiscal\u00eda de Puerto Cisnes, por el delito de tr\u00e1fico il\u00edcito de drogas y luego de meses de trabajo investigativo, personal de la Secci\u00f3n O.S.7 Ays\u00e9n, puso t\u00e9rmino a las diligencias, tareas que culminaron con la detenci\u00f3n de dos personas mayores de edad y -en diligencias posteriores- a un tercer individuo quien ser\u00eda el receptor de las sustancias il\u00edcitas.<\/p>\n<p class=\"v1MsoNormal\" style=\"text-align: justify;\">Los aprehendidos \u2013quienes se desempe\u00f1an en una empresa de transportes de la zona- habr\u00edan aprovechado dicho medio, quienes se dedicaban a internar droga a la Regi\u00f3n de Ays\u00e9n.<\/p>\n<p class=\"v1MsoNormal\" style=\"text-align: justify;\">Mediante un control carretero y de fiscalizaci\u00f3n planificado por Carabineros de la Secci\u00f3n O.S.7 a la altura del km. 280, de la Carretera Austral, en la localidad de La Junta, permiti\u00f3 el decomiso de m\u00e1s de 1.180 dosis de marihuana, avaluadas en aproximadamente 17 millones de pesos, la cual ven\u00eda oculta en uno de los veh\u00edculos de carga.<\/p>\n<p class=\"v1MsoNormal\" style=\"text-align: justify;\">A trav\u00e9s del desarrollo de diversas t\u00e9cnicas, dicha Unidad especializada del O.S.7 de Carabineros, logr\u00f3 comprobar la participaci\u00f3n de dichas personas en delitos contemplados en la Ley de Drogas N\u00ba 20.000.<\/p>\n<p class=\"v1MsoNormal\" style=\"text-align: justify;\">Los detenidos y los antecedentes del procedimiento fueron puestos en conocimiento de la Fiscal\u00eda que dirige investigaci\u00f3n por este hecho.<\/p>\n<p class=\"v1MsoNormal\" style=\"text-align: justify;\">El trabajo de Carabineros del O.S.7 se desarrolla con apoyo de los canes detectores de drogas Dala y Gazu, permitiendo reforzar el trabajo de los equipos especializados en los diversos puntos de ingreso a la regi\u00f3n, como son puertos, aeropuerto, v\u00edas terrestre y el litoral, marcado presencia permitiendo sacar de circulaci\u00f3n sustancias prohibidas, junto con mantener a los menores y sus familias alejados del flagelo de las droga, contribuyendo a hacer de los barrios sector m\u00e1s seguros para vivir.<\/p>\n<p class=\"v1MsoNormal\" style=\"text-align: justify;\">Carabineros record\u00f3 a la comunidad utilizar el fono drogas 135 y denunciar en forma an\u00f3nima antecedentes que digan relaci\u00f3n con materias de venta, tr\u00e1fico y microtr\u00e1fico de drogas, con la finalidad de iniciar los procesos investigativos y derivar los antecedentes a los Tribunales de Justicia.<\/p>\n<\/div><\/section><\/div><div  style='height:50px' class='hr hr-invisible   avia-builder-el-6  el_after_av_one_full  el_before_av_social_share '><span class='hr-inner ' ><span class='hr-inner-style'><\/span><\/span><\/div><\/p>\n<div  class='av-social-sharing-box  avia-builder-el-7  el_after_av_hr  el_before_av_hr  '><div class='av-share-box'><h5 class='av-share-link-description av-no-toc '>Compartir esta noticia<\/h5><ul class='av-share-box-list noLightbox'><li class='av-share-link av-social-link-facebook' ><a target=\"_blank\" aria-label=\"Compartir en Facebook\" href='https:\/\/www.facebook.com\/sharer.php?u=https:\/\/radiorevelacionfm.cl\/?p=7528&#038;t=En%20La%20Junta%20detienen%20a%203%20personas%20por%20tr%C3%A1fico%20de%20drogas%20y%20decomisan%20marihuana%20avaluada%20en%20cerca%20de%2017%20millones%C2%A0' aria-hidden='false' data-av_icon='\ue8f3' data-av_iconfont='entypo-fontello' title='' data-avia-related-tooltip='Compartir en Facebook' rel=\"noopener\"><span class='avia_hidden_link_text'>Compartir en Facebook<\/span><\/a><\/li><li class='av-share-link av-social-link-twitter' ><a target=\"_blank\" aria-label=\"Compartir en Twitter\" href='https:\/\/twitter.com\/share?text=En%20La%20Junta%20detienen%20a%203%20personas%20por%20tr%C3%A1fico%20de%20drogas%20y%20decomisan%20marihuana%20avaluada%20en%20cerca%20de%2017%20millones%C2%A0&#038;url=https:\/\/radiorevelacionfm.cl\/?p=7528' aria-hidden='false' data-av_icon='\ue8f1' data-av_iconfont='entypo-fontello' title='' data-avia-related-tooltip='Compartir en Twitter' rel=\"noopener\"><span class='avia_hidden_link_text'>Compartir en Twitter<\/span><\/a><\/li><li class='av-share-link av-social-link-whatsapp' ><a target=\"_blank\" aria-label=\"Compartir en Whatsapp\" href='https:\/\/api.whatsapp.com\/send?text=https:\/\/radiorevelacionfm.cl\/?p=7528' aria-hidden='false' data-av_icon='\uf232' data-av_iconfont='entypo-fontello' title='' data-avia-related-tooltip='Compartir en Whatsapp' rel=\"noopener\"><span class='avia_hidden_link_text'>Compartir en Whatsapp<\/span><\/a><\/li><li class='av-share-link av-social-link-linkedin' ><a target=\"_blank\" aria-label=\"Compartir en LinkedIn\" href='https:\/\/linkedin.com\/shareArticle?mini=true&#038;title=En%20La%20Junta%20detienen%20a%203%20personas%20por%20tr%C3%A1fico%20de%20drogas%20y%20decomisan%20marihuana%20avaluada%20en%20cerca%20de%2017%20millones%C2%A0&#038;url=https:\/\/radiorevelacionfm.cl\/?p=7528' aria-hidden='false' data-av_icon='\ue8fc' data-av_iconfont='entypo-fontello' title='' data-avia-related-tooltip='Compartir en LinkedIn' rel=\"noopener\"><span class='avia_hidden_link_text'>Compartir en LinkedIn<\/span><\/a><\/li><li class='av-share-link av-social-link-mail' ><a  aria-label=\"Compartir por correo\" href='mailto:?subject=En%20La%20Junta%20detienen%20a%203%20personas%20por%20tr%C3%A1fico%20de%20drogas%20y%20decomisan%20marihuana%20avaluada%20en%20cerca%20de%2017%20millones%C2%A0&#038;body=https:\/\/radiorevelacionfm.cl\/?p=7528' aria-hidden='false' data-av_icon='\ue805' data-av_iconfont='entypo-fontello' title='' data-avia-related-tooltip='Compartir por correo'><span class='avia_hidden_link_text'>Compartir por correo<\/span><\/a><\/li><\/ul><\/div><\/div>\n<div  style='height:50px' class='hr hr-invisible   avia-builder-el-8  el_after_av_social_share  el_before_av_comments_list '><span class='hr-inner ' ><span class='hr-inner-style'><\/span><\/span><\/div>\n<div  class='av-buildercomment  av-blog-meta-html-info-disabled av-blog-meta-tag-disabled  '><\/div>\n","protected":false},"excerpt":{"rendered":"","protected":false},"author":1,"featured_media":7532,"comment_status":"open","ping_status":"open","sticky":false,"template":"","format":"standard","meta":{"footnotes":""},"categories":[36],"tags":[],"class_list":["post-7528","post","type-post","status-publish","format-standard","has-post-thumbnail","hentry","category-policial"],"jetpack_featured_media_url":"https:\/\/radiorevelacionfm.cl\/wp-content\/uploads\/2021\/08\/Evidencia-LJ01-1-1.jpg","_links":{"self":[{"href":"https:\/\/radiorevelacionfm.cl\/index.php?rest_route=\/wp\/v2\/posts\/7528","targetHints":{"allow":["GET"]}}],"collection":[{"href":"https:\/\/radiorevelacionfm.cl\/index.php?rest_route=\/wp\/v2\/posts"}],"about":[{"href":"https:\/\/radiorevelacionfm.cl\/index.php?rest_route=\/wp\/v2\/types\/post"}],"author":[{"embeddable":true,"href":"https:\/\/radiorevelacionfm.cl\/index.php?rest_route=\/wp\/v2\/users\/1"}],"replies":[{"embeddable":true,"href":"https:\/\/radiorevelacionfm.cl\/index.php?rest_route=%2Fwp%2Fv2%2Fcomments&post=7528"}],"version-history":[{"count":1,"href":"https:\/\/radiorevelacionfm.cl\/index.php?rest_route=\/wp\/v2\/posts\/7528\/revisions"}],"predecessor-version":[{"id":7531,"href":"https:\/\/radiorevelacionfm.cl\/index.php?rest_route=\/wp\/v2\/posts\/7528\/revisions\/7531"}],"wp:featuredmedia":[{"embeddable":true,"href":"https:\/\/radiorevelacionfm.cl\/index.php?rest_route=\/wp\/v2\/media\/7532"}],"wp:attachment":[{"href":"https:\/\/radiorevelacionfm.cl\/index.php?rest_route=%2Fwp%2Fv2%2Fmedia&parent=7528"}],"wp:term":[{"taxonomy":"category","embeddable":true,"href":"https:\/\/radiorevelacionfm.cl\/index.php?rest_route=%2Fwp%2Fv2%2Fcategories&post=7528"},{"taxonomy":"post_tag","embeddable":true,"href":"https:\/\/radiorevelacionfm.cl\/index.php?rest_route=%2Fwp%2Fv2%2Ftags&post=7528"}],"curies":[{"name":"wp","href":"https:\/\/api.w.org\/{rel}","templated":true}]}}