{"id":7519,"date":"2021-08-16T19:48:36","date_gmt":"2021-08-16T22:48:36","guid":{"rendered":"https:\/\/radiorevelacionfm.cl\/?p=7519"},"modified":"2021-08-16T20:46:00","modified_gmt":"2021-08-16T23:46:00","slug":"jovenes-disfrutan-del-rafting-en-actividad-financiada-por-iinjuv-aysen","status":"publish","type":"post","link":"https:\/\/radiorevelacionfm.cl\/?p=7519","title":{"rendered":"J\u00f3venes disfrutan del Rafting en actividad financiada por INJUV Ays\u00e9n"},"content":{"rendered":"<div class=\"flex_column av_one_full  flex_column_div av-zero-column-padding first  avia-builder-el-0  el_before_av_one_full  avia-builder-el-first  \" style='border-radius:0px; '><div  class='avia-image-container  av-styling-    avia-builder-el-1  avia-builder-el-no-sibling  avia-align-center '  itemprop=\"image\" itemscope=\"itemscope\" itemtype=\"https:\/\/schema.org\/ImageObject\"  ><div class='avia-image-container-inner'><div class='avia-image-overlay-wrap'><img decoding=\"async\" class='wp-image-7520 avia-img-lazy-loading-not-7520 avia_image' src=\"https:\/\/radiorevelacionfm.cl\/wp-content\/uploads\/2021\/08\/rafting-1_optimized.jpg\" alt='' title='rafting-(1)_optimized' height=\"600\" width=\"900\"  itemprop=\"thumbnailUrl\" srcset=\"https:\/\/radiorevelacionfm.cl\/wp-content\/uploads\/2021\/08\/rafting-1_optimized.jpg 900w, https:\/\/radiorevelacionfm.cl\/wp-content\/uploads\/2021\/08\/rafting-1_optimized-300x200.jpg 300w, https:\/\/radiorevelacionfm.cl\/wp-content\/uploads\/2021\/08\/rafting-1_optimized-768x512.jpg 768w, https:\/\/radiorevelacionfm.cl\/wp-content\/uploads\/2021\/08\/rafting-1_optimized-705x470.jpg 705w, https:\/\/radiorevelacionfm.cl\/wp-content\/uploads\/2021\/08\/rafting-1_optimized-600x400.jpg 600w\" sizes=\"(max-width: 900px) 100vw, 900px\" \/><\/div><\/div><\/div><\/div><div class=\"flex_column av_one_full  flex_column_div av-zero-column-padding first  avia-builder-el-2  el_after_av_one_full  el_before_av_one_full  column-top-margin\" style='border-radius:0px; '><section class=\"av_textblock_section \"  itemscope=\"itemscope\" itemtype=\"https:\/\/schema.org\/BlogPosting\" itemprop=\"blogPost\" ><div class='avia_textblock  '   itemprop=\"text\" ><p style=\"text-align: center;\"><span style=\"font-size: 18pt;\"><strong>J\u00f3venes disfrutan del Rafting en actividad financiada por INJUV Ays\u00e9n<\/strong><\/span><\/p>\n<div id=\"gtx-trans\" style=\"position: absolute; left: -50px; top: 4.31534px;\">\n<div class=\"gtx-trans-icon\"><\/div>\n<\/div>\n<\/div><\/section><\/div><div class=\"flex_column av_one_full  flex_column_div av-zero-column-padding first  avia-builder-el-4  el_after_av_one_full  el_before_av_hr  column-top-margin\" style='border-radius:0px; '><section class=\"av_textblock_section \"  itemscope=\"itemscope\" itemtype=\"https:\/\/schema.org\/BlogPosting\" itemprop=\"blogPost\" ><div class='avia_textblock  '   itemprop=\"text\" ><p style=\"text-align: justify;\">La agrupaci\u00f3n deportiva\u00a0<em>\u2018Liga de la Justicia\u2019<\/em>, con el apoyo del Instituto Nacional de la Juventud (INJUV), realiz\u00f3 la X Traves\u00eda Aventura 2021, iniciativa de car\u00e1cter deportivo que este a\u00f1o se desarroll\u00f3 en el R\u00edo Blanco, ubicado en la comuna de Puerto Ays\u00e9n y fue\u00a0financiada por el fondo concursable Participa 2021 de INJUV Ays\u00e9n.<\/p>\n<p style=\"text-align: justify;\">La instancia deportiva tuvo como objetivo instaurar en los j\u00f3venes y sus pares la capacidad y motivaci\u00f3n para generar espacios que les permitan conocer la regi\u00f3n de una forma deportiva, outdoor, promoviendo y contribuyendo a mejorar la calidad de vida a trav\u00e9s del deporte y vida sana, cumpliendo adem\u00e1s con el aforo y las medidas exigidas para este tipo de actividades por la autoridad sanitaria.<\/p>\n<p style=\"text-align: justify;\">\u201cFortalecer la participaci\u00f3n de los j\u00f3venes es uno de los principales objetivos de INJUV a trav\u00e9s del apoyo de los fondos concursables. Estas iniciativas ampl\u00edan los conocimientos de nuestra juventud respecto a los potenciales tur\u00edsticos que tiene nuestra regi\u00f3n y fomentan la vida sana, algo tremendamente positivo. Estamos muy contentos con la traves\u00eda, puesto que fue una excelente instancia para que nuestros j\u00f3venes conozcan m\u00e1s de su regi\u00f3n a trav\u00e9s del deporte\u201d, sostuvo la directora regional de INJUV, Silvia Leiva Henr\u00edquez.<\/p>\n<p style=\"text-align: justify;\">En tanto el\u00a0presidente de la agrupaci\u00f3n deportiva organizadora, Braulio Bast\u00edas, se\u00f1al\u00f3 que \u201cla X versi\u00f3n de la Traves\u00eda Aventura 2021 cre\u00f3 un ambiente propicio al aire libre para la comunicaci\u00f3n entre los j\u00f3venes que participaron, sin duda que este tipo de instancias son de gran ayuda en el \u00e1mbito mental para la juventud regional, estamos agradecidos de todos quienes se motivaron y participaron, \u00a0cumpliendo as\u00ed \u00a0a cabalidad todos y cada uno de los objetivos propuestos por la organizaci\u00f3n Liga de la Justicia\u201d.<\/p>\n<p style=\"text-align: justify;\">Sara Rivas, joven beneficiaria indic\u00f3 que \u201cpara mi esta experiencia va a ser inolvidable, ya que nunca hab\u00eda hecho rafting, fue muy genial y adrenal\u00ednico, quede con ganas de m\u00e1s, el equipo excelente, los gu\u00edas tambi\u00e9n, estuvo todo muy bien organizado y eso se agradece. Ojal\u00e1 que m\u00e1s servicios p\u00fablicos financien actividades como estas, en la regi\u00f3n tenemos todo para realizar estos deportes y tenemos que saber aprovecharlos\u201d.<\/p>\n<p style=\"text-align: justify;\">Por su parte Diego Alvarado, afirm\u00f3 que \u201cfue una experiencia nueva, entretenida, se disfrut\u00f3 mucho, muy grato el ambiente, el aguita helada pero un gran desaf\u00edo de conocer los r\u00e1pidos del r\u00edo Blanco. La organizaci\u00f3n de la actividad fue excelente, espero se sigan realizando estas actividades, as\u00ed conocemos de mejor manera los atractivos tur\u00edsticos de nuestra regi\u00f3n.<\/p>\n<\/div><\/section><\/div><div  style='height:50px' class='hr hr-invisible   avia-builder-el-6  el_after_av_one_full  el_before_av_social_share '><span class='hr-inner ' ><span class='hr-inner-style'><\/span><\/span><\/div><\/p>\n<div  class='av-social-sharing-box  avia-builder-el-7  el_after_av_hr  el_before_av_hr  '><div class='av-share-box'><h5 class='av-share-link-description av-no-toc '>Compartir esta noticia<\/h5><ul class='av-share-box-list noLightbox'><li class='av-share-link av-social-link-facebook' ><a target=\"_blank\" aria-label=\"Compartir en Facebook\" href='https:\/\/www.facebook.com\/sharer.php?u=https:\/\/radiorevelacionfm.cl\/?p=7519&#038;t=J%C3%B3venes%20disfrutan%20del%20Rafting%20en%20actividad%20financiada%20por%20INJUV%20Ays%C3%A9n' aria-hidden='false' data-av_icon='\ue8f3' data-av_iconfont='entypo-fontello' title='' data-avia-related-tooltip='Compartir en Facebook' rel=\"noopener\"><span class='avia_hidden_link_text'>Compartir en Facebook<\/span><\/a><\/li><li class='av-share-link av-social-link-twitter' ><a target=\"_blank\" aria-label=\"Compartir en Twitter\" href='https:\/\/twitter.com\/share?text=J%C3%B3venes%20disfrutan%20del%20Rafting%20en%20actividad%20financiada%20por%20INJUV%20Ays%C3%A9n&#038;url=https:\/\/radiorevelacionfm.cl\/?p=7519' aria-hidden='false' data-av_icon='\ue8f1' data-av_iconfont='entypo-fontello' title='' data-avia-related-tooltip='Compartir en Twitter' rel=\"noopener\"><span class='avia_hidden_link_text'>Compartir en Twitter<\/span><\/a><\/li><li class='av-share-link av-social-link-whatsapp' ><a target=\"_blank\" aria-label=\"Compartir en Whatsapp\" href='https:\/\/api.whatsapp.com\/send?text=https:\/\/radiorevelacionfm.cl\/?p=7519' aria-hidden='false' data-av_icon='\uf232' data-av_iconfont='entypo-fontello' title='' data-avia-related-tooltip='Compartir en Whatsapp' rel=\"noopener\"><span class='avia_hidden_link_text'>Compartir en Whatsapp<\/span><\/a><\/li><li class='av-share-link av-social-link-linkedin' ><a target=\"_blank\" aria-label=\"Compartir en LinkedIn\" href='https:\/\/linkedin.com\/shareArticle?mini=true&#038;title=J%C3%B3venes%20disfrutan%20del%20Rafting%20en%20actividad%20financiada%20por%20INJUV%20Ays%C3%A9n&#038;url=https:\/\/radiorevelacionfm.cl\/?p=7519' aria-hidden='false' data-av_icon='\ue8fc' data-av_iconfont='entypo-fontello' title='' data-avia-related-tooltip='Compartir en LinkedIn' rel=\"noopener\"><span class='avia_hidden_link_text'>Compartir en LinkedIn<\/span><\/a><\/li><li class='av-share-link av-social-link-mail' ><a  aria-label=\"Compartir por correo\" href='mailto:?subject=J%C3%B3venes%20disfrutan%20del%20Rafting%20en%20actividad%20financiada%20por%20INJUV%20Ays%C3%A9n&#038;body=https:\/\/radiorevelacionfm.cl\/?p=7519' aria-hidden='false' data-av_icon='\ue805' data-av_iconfont='entypo-fontello' title='' data-avia-related-tooltip='Compartir por correo'><span class='avia_hidden_link_text'>Compartir por correo<\/span><\/a><\/li><\/ul><\/div><\/div>\n<div  style='height:50px' class='hr hr-invisible   avia-builder-el-8  el_after_av_social_share  el_before_av_comments_list '><span class='hr-inner ' ><span class='hr-inner-style'><\/span><\/span><\/div>\n<div  class='av-buildercomment  av-blog-meta-html-info-disabled av-blog-meta-tag-disabled  '><\/div>\n","protected":false},"excerpt":{"rendered":"","protected":false},"author":1,"featured_media":7520,"comment_status":"open","ping_status":"open","sticky":false,"template":"","format":"standard","meta":{"footnotes":""},"categories":[40],"tags":[],"class_list":["post-7519","post","type-post","status-publish","format-standard","has-post-thumbnail","hentry","category-deportes"],"jetpack_featured_media_url":"https:\/\/radiorevelacionfm.cl\/wp-content\/uploads\/2021\/08\/rafting-1_optimized.jpg","_links":{"self":[{"href":"https:\/\/radiorevelacionfm.cl\/index.php?rest_route=\/wp\/v2\/posts\/7519","targetHints":{"allow":["GET"]}}],"collection":[{"href":"https:\/\/radiorevelacionfm.cl\/index.php?rest_route=\/wp\/v2\/posts"}],"about":[{"href":"https:\/\/radiorevelacionfm.cl\/index.php?rest_route=\/wp\/v2\/types\/post"}],"author":[{"embeddable":true,"href":"https:\/\/radiorevelacionfm.cl\/index.php?rest_route=\/wp\/v2\/users\/1"}],"replies":[{"embeddable":true,"href":"https:\/\/radiorevelacionfm.cl\/index.php?rest_route=%2Fwp%2Fv2%2Fcomments&post=7519"}],"version-history":[{"count":2,"href":"https:\/\/radiorevelacionfm.cl\/index.php?rest_route=\/wp\/v2\/posts\/7519\/revisions"}],"predecessor-version":[{"id":7524,"href":"https:\/\/radiorevelacionfm.cl\/index.php?rest_route=\/wp\/v2\/posts\/7519\/revisions\/7524"}],"wp:featuredmedia":[{"embeddable":true,"href":"https:\/\/radiorevelacionfm.cl\/index.php?rest_route=\/wp\/v2\/media\/7520"}],"wp:attachment":[{"href":"https:\/\/radiorevelacionfm.cl\/index.php?rest_route=%2Fwp%2Fv2%2Fmedia&parent=7519"}],"wp:term":[{"taxonomy":"category","embeddable":true,"href":"https:\/\/radiorevelacionfm.cl\/index.php?rest_route=%2Fwp%2Fv2%2Fcategories&post=7519"},{"taxonomy":"post_tag","embeddable":true,"href":"https:\/\/radiorevelacionfm.cl\/index.php?rest_route=%2Fwp%2Fv2%2Ftags&post=7519"}],"curies":[{"name":"wp","href":"https:\/\/api.w.org\/{rel}","templated":true}]}}