{"id":7515,"date":"2021-08-18T10:35:09","date_gmt":"2021-08-18T13:35:09","guid":{"rendered":"https:\/\/radiorevelacionfm.cl\/?p=7515"},"modified":"2021-08-18T11:07:07","modified_gmt":"2021-08-18T14:07:07","slug":"malotun-anuncia-nueva-temporada-de-conciertos-the-dark-side-of-the-sur","status":"publish","type":"post","link":"https:\/\/radiorevelacionfm.cl\/?p=7515","title":{"rendered":"Malotun anuncia nueva temporada de conciertos \u201cThe Dark Side of the Sur\u201d"},"content":{"rendered":"<div class=\"flex_column av_one_full  flex_column_div av-zero-column-padding first  avia-builder-el-0  el_before_av_one_full  avia-builder-el-first  \" style='border-radius:0px; '><div  class='avia-image-container  av-styling-    avia-builder-el-1  avia-builder-el-no-sibling  avia-align-center '  itemprop=\"image\" itemscope=\"itemscope\" itemtype=\"https:\/\/schema.org\/ImageObject\"  ><div class='avia-image-container-inner'><div class='avia-image-overlay-wrap'><img decoding=\"async\" class='wp-image-7516 avia-img-lazy-loading-not-7516 avia_image' src=\"https:\/\/radiorevelacionfm.cl\/wp-content\/uploads\/2021\/08\/afiche-The-Dark-2021-Tabloide-1-1.jpg\" alt='' title='afiche-The-Dark-2021-Tabloide (1) (1)' height=\"600\" width=\"454\"  itemprop=\"thumbnailUrl\" srcset=\"https:\/\/radiorevelacionfm.cl\/wp-content\/uploads\/2021\/08\/afiche-The-Dark-2021-Tabloide-1-1.jpg 454w, https:\/\/radiorevelacionfm.cl\/wp-content\/uploads\/2021\/08\/afiche-The-Dark-2021-Tabloide-1-1-227x300.jpg 227w\" sizes=\"(max-width: 454px) 100vw, 454px\" \/><\/div><\/div><\/div><\/div><div class=\"flex_column av_one_full  flex_column_div av-zero-column-padding first  avia-builder-el-2  el_after_av_one_full  el_before_av_one_full  column-top-margin\" style='border-radius:0px; '><section class=\"av_textblock_section \"  itemscope=\"itemscope\" itemtype=\"https:\/\/schema.org\/BlogPosting\" itemprop=\"blogPost\" ><div class='avia_textblock  '   itemprop=\"text\" ><p style=\"text-align: center;\"><span style=\"font-size: 18pt;\"><strong>Malotun anuncia nueva temporada de conciertos \u201cThe Dark Side of the Sur\u201d<\/strong><\/span><\/p>\n<div id=\"gtx-trans\" style=\"position: absolute; left: -50px; top: 4.31534px;\">\n<div class=\"gtx-trans-icon\"><\/div>\n<\/div>\n<\/div><\/section><\/div><div class=\"flex_column av_one_full  flex_column_div av-zero-column-padding first  avia-builder-el-4  el_after_av_one_full  el_before_av_hr  column-top-margin\" style='border-radius:0px; '><section class=\"av_textblock_section \"  itemscope=\"itemscope\" itemtype=\"https:\/\/schema.org\/BlogPosting\" itemprop=\"blogPost\" ><div class='avia_textblock  '   itemprop=\"text\" ><p style=\"text-align: justify;\">La sexta versi\u00f3n de \u201cThe Dark Side of the Sur\u201d, ciclo de conciertos ac\u00fasticos organizados por la organizaci\u00f3n cultural comunitaria Malotun, tendr\u00e1 una nueva temporada durante el agosto y contar\u00e1 con grandes m\u00fasicos regionales, todos con una vasta trayectoria, tanto a nivel local como nacional. As\u00ed lo indic\u00f3 V\u00edctor Cabrera, director de la iniciativa, quien destac\u00f3 la variedad de estilos musicales presentes en esta nueva edici\u00f3n.<\/p>\n<p style=\"text-align: justify;\">\u201cDurante seis a\u00f1os ininterrumpidos, hemos trabajado en la realizaci\u00f3n de este evento que busca mostrar y acercar la m\u00fasica a diversos p\u00fablicos, con bandas y solistas regionales y nacionales. Este a\u00f1o, al igual que el pasado, hemos debido adaptarnos a la contingencia sanitaria para mantener en pie el Dark Side. El nuevo ciclo trae como novedad algo que ven\u00edamos haciendo desde la \u00faltima temporada, que es ampliar los estilos musicales presentes en el escenario. Si bien partimos orientados al rock y sus derivados, hemos ido abriendo el espacio a otras corrientes musicales. Este a\u00f1o tendremos desde rock indie, pasando por m\u00fasica cl\u00e1sica, hasta exponentes del canto popular tradicional\u201d, indic\u00f3 V\u00edctor.<\/p>\n<p style=\"text-align: justify;\">Por su parte la Seremi de las Culturas, las Artes y el Patrimonio, Ver\u00f3nica D\u00edaz, felicit\u00f3 a la Agrupaci\u00f3n Malotun destacando su compromiso en la realizaci\u00f3n de experiencias musicales \u201cdando un espacio a los m\u00fasicos regionales para presentar un espect\u00e1culo de manera presencial en esta nueva versi\u00f3n del Dark Side of the sur. Invitamos a la comunidad a participar, ya que est\u00e1n todas las medidas necesarias para que disfruten de la m\u00fasica regional de manera segura\u00bb.<\/p>\n<p style=\"text-align: justify;\">Las bandas y m\u00fasicos de este a\u00f1o ser\u00e1n Efecto Arrebol, Juan Mouras, Breddasknk, Jorge Contreras, Luciano Auad y La Chinganera, esta \u00faltima artista proveniente de Santiago.<\/p>\n<p style=\"text-align: justify;\">Sobre las fechas y horarios, V\u00edctor Cabrera indic\u00f3 que los conciertos se realizar\u00e1n los d\u00edas 20, 21, 27 y 28 de agosto, la apertura de puertas ser\u00e1 a las 18:15 horas y el ingreso ser\u00e1 por orden de llegada. \u201cLos d\u00edas en que se presentar\u00e1 cada banda y m\u00fasicos se dar\u00e1n a conocer por nuestras redes sociales y medios asociados, ya que con la situaci\u00f3n sanitaria actual hay que ser flexibles para adaptarse a posibles cambios. Por eso, invitamos la comunidad a estar atenta a nuestros canales de comunicaci\u00f3n\u201d.<\/p>\n<p style=\"text-align: justify;\">The Dark Side of The Sur es una iniciativa cofinanciada por el FNDR 2% Cultura del Gobierno Regional de Ays\u00e9n su Consejo, y por el Ministerio de las Culturas, las Artes y el Patrimonio; adem\u00e1s del patrocinio del Museo Regional de Ays\u00e9n, que alberga los conciertos desde hace cuatro a\u00f1os.<\/p>\n<\/div><\/section><\/div><div  style='height:50px' class='hr hr-invisible   avia-builder-el-6  el_after_av_one_full  el_before_av_social_share '><span class='hr-inner ' ><span class='hr-inner-style'><\/span><\/span><\/div><\/p>\n<div  class='av-social-sharing-box  avia-builder-el-7  el_after_av_hr  el_before_av_hr  '><div class='av-share-box'><h5 class='av-share-link-description av-no-toc '>Compartir esta noticia<\/h5><ul class='av-share-box-list noLightbox'><li class='av-share-link av-social-link-facebook' ><a target=\"_blank\" aria-label=\"Compartir en Facebook\" href='https:\/\/www.facebook.com\/sharer.php?u=https:\/\/radiorevelacionfm.cl\/?p=7515&#038;t=Malotun%20anuncia%20nueva%20temporada%20de%20conciertos%20%E2%80%9CThe%20Dark%20Side%20of%20the%20Sur%E2%80%9D' aria-hidden='false' data-av_icon='\ue8f3' data-av_iconfont='entypo-fontello' title='' data-avia-related-tooltip='Compartir en Facebook' rel=\"noopener\"><span class='avia_hidden_link_text'>Compartir en Facebook<\/span><\/a><\/li><li class='av-share-link av-social-link-twitter' ><a target=\"_blank\" aria-label=\"Compartir en Twitter\" href='https:\/\/twitter.com\/share?text=Malotun%20anuncia%20nueva%20temporada%20de%20conciertos%20%E2%80%9CThe%20Dark%20Side%20of%20the%20Sur%E2%80%9D&#038;url=https:\/\/radiorevelacionfm.cl\/?p=7515' aria-hidden='false' data-av_icon='\ue8f1' data-av_iconfont='entypo-fontello' title='' data-avia-related-tooltip='Compartir en Twitter' rel=\"noopener\"><span class='avia_hidden_link_text'>Compartir en Twitter<\/span><\/a><\/li><li class='av-share-link av-social-link-whatsapp' ><a target=\"_blank\" aria-label=\"Compartir en Whatsapp\" href='https:\/\/api.whatsapp.com\/send?text=https:\/\/radiorevelacionfm.cl\/?p=7515' aria-hidden='false' data-av_icon='\uf232' data-av_iconfont='entypo-fontello' title='' data-avia-related-tooltip='Compartir en Whatsapp' rel=\"noopener\"><span class='avia_hidden_link_text'>Compartir en Whatsapp<\/span><\/a><\/li><li class='av-share-link av-social-link-linkedin' ><a target=\"_blank\" aria-label=\"Compartir en LinkedIn\" href='https:\/\/linkedin.com\/shareArticle?mini=true&#038;title=Malotun%20anuncia%20nueva%20temporada%20de%20conciertos%20%E2%80%9CThe%20Dark%20Side%20of%20the%20Sur%E2%80%9D&#038;url=https:\/\/radiorevelacionfm.cl\/?p=7515' aria-hidden='false' data-av_icon='\ue8fc' data-av_iconfont='entypo-fontello' title='' data-avia-related-tooltip='Compartir en LinkedIn' rel=\"noopener\"><span class='avia_hidden_link_text'>Compartir en LinkedIn<\/span><\/a><\/li><li class='av-share-link av-social-link-mail' ><a  aria-label=\"Compartir por correo\" href='mailto:?subject=Malotun%20anuncia%20nueva%20temporada%20de%20conciertos%20%E2%80%9CThe%20Dark%20Side%20of%20the%20Sur%E2%80%9D&#038;body=https:\/\/radiorevelacionfm.cl\/?p=7515' aria-hidden='false' data-av_icon='\ue805' data-av_iconfont='entypo-fontello' title='' data-avia-related-tooltip='Compartir por correo'><span class='avia_hidden_link_text'>Compartir por correo<\/span><\/a><\/li><\/ul><\/div><\/div>\n<div  style='height:50px' class='hr hr-invisible   avia-builder-el-8  el_after_av_social_share  el_before_av_comments_list '><span class='hr-inner ' ><span class='hr-inner-style'><\/span><\/span><\/div>\n<div  class='av-buildercomment  av-blog-meta-html-info-disabled av-blog-meta-tag-disabled  '><\/div>\n","protected":false},"excerpt":{"rendered":"","protected":false},"author":1,"featured_media":7598,"comment_status":"open","ping_status":"open","sticky":false,"template":"","format":"standard","meta":{"footnotes":""},"categories":[52],"tags":[],"class_list":["post-7515","post","type-post","status-publish","format-standard","has-post-thumbnail","hentry","category-cultura"],"jetpack_featured_media_url":"https:\/\/radiorevelacionfm.cl\/wp-content\/uploads\/2021\/08\/afiche-The-Dark-2021-Tabloide2-1-1.jpg","_links":{"self":[{"href":"https:\/\/radiorevelacionfm.cl\/index.php?rest_route=\/wp\/v2\/posts\/7515","targetHints":{"allow":["GET"]}}],"collection":[{"href":"https:\/\/radiorevelacionfm.cl\/index.php?rest_route=\/wp\/v2\/posts"}],"about":[{"href":"https:\/\/radiorevelacionfm.cl\/index.php?rest_route=\/wp\/v2\/types\/post"}],"author":[{"embeddable":true,"href":"https:\/\/radiorevelacionfm.cl\/index.php?rest_route=\/wp\/v2\/users\/1"}],"replies":[{"embeddable":true,"href":"https:\/\/radiorevelacionfm.cl\/index.php?rest_route=%2Fwp%2Fv2%2Fcomments&post=7515"}],"version-history":[{"count":1,"href":"https:\/\/radiorevelacionfm.cl\/index.php?rest_route=\/wp\/v2\/posts\/7515\/revisions"}],"predecessor-version":[{"id":7518,"href":"https:\/\/radiorevelacionfm.cl\/index.php?rest_route=\/wp\/v2\/posts\/7515\/revisions\/7518"}],"wp:featuredmedia":[{"embeddable":true,"href":"https:\/\/radiorevelacionfm.cl\/index.php?rest_route=\/wp\/v2\/media\/7598"}],"wp:attachment":[{"href":"https:\/\/radiorevelacionfm.cl\/index.php?rest_route=%2Fwp%2Fv2%2Fmedia&parent=7515"}],"wp:term":[{"taxonomy":"category","embeddable":true,"href":"https:\/\/radiorevelacionfm.cl\/index.php?rest_route=%2Fwp%2Fv2%2Fcategories&post=7515"},{"taxonomy":"post_tag","embeddable":true,"href":"https:\/\/radiorevelacionfm.cl\/index.php?rest_route=%2Fwp%2Fv2%2Ftags&post=7515"}],"curies":[{"name":"wp","href":"https:\/\/api.w.org\/{rel}","templated":true}]}}