{"id":7512,"date":"2021-08-16T18:18:38","date_gmt":"2021-08-16T21:18:38","guid":{"rendered":"https:\/\/radiorevelacionfm.cl\/?p=7512"},"modified":"2021-08-16T18:18:38","modified_gmt":"2021-08-16T21:18:38","slug":"en-la-zona-norte-de-la-comuna-de-cisnes-buscan-potenciar-produccion-de-frambuesas","status":"publish","type":"post","link":"https:\/\/radiorevelacionfm.cl\/?p=7512","title":{"rendered":"En la zona norte de la comuna de Cisnes buscan potenciar producci\u00f3n de frambuesas"},"content":{"rendered":"<div class=\"flex_column av_one_full  flex_column_div av-zero-column-padding first  avia-builder-el-0  el_before_av_one_full  avia-builder-el-first  \" style='border-radius:0px; '><div  class='avia-image-container  av-styling-    avia-builder-el-1  avia-builder-el-no-sibling  avia-align-center '  itemprop=\"image\" itemscope=\"itemscope\" itemtype=\"https:\/\/schema.org\/ImageObject\"  ><div class='avia-image-container-inner'><div class='avia-image-overlay-wrap'><img decoding=\"async\" class='wp-image-7513 avia-img-lazy-loading-not-7513 avia_image' src=\"https:\/\/radiorevelacionfm.cl\/wp-content\/uploads\/2021\/08\/TALLER-FRAMBUESAS-4-1-1.jpeg\" alt='' title='TALLER FRAMBUESAS 4 (1) (1)' height=\"600\" width=\"800\"  itemprop=\"thumbnailUrl\" srcset=\"https:\/\/radiorevelacionfm.cl\/wp-content\/uploads\/2021\/08\/TALLER-FRAMBUESAS-4-1-1.jpeg 800w, https:\/\/radiorevelacionfm.cl\/wp-content\/uploads\/2021\/08\/TALLER-FRAMBUESAS-4-1-1-300x225.jpeg 300w, https:\/\/radiorevelacionfm.cl\/wp-content\/uploads\/2021\/08\/TALLER-FRAMBUESAS-4-1-1-768x576.jpeg 768w, https:\/\/radiorevelacionfm.cl\/wp-content\/uploads\/2021\/08\/TALLER-FRAMBUESAS-4-1-1-705x529.jpeg 705w, https:\/\/radiorevelacionfm.cl\/wp-content\/uploads\/2021\/08\/TALLER-FRAMBUESAS-4-1-1-600x450.jpeg 600w\" sizes=\"(max-width: 800px) 100vw, 800px\" \/><\/div><\/div><\/div><\/div><div class=\"flex_column av_one_full  flex_column_div av-zero-column-padding first  avia-builder-el-2  el_after_av_one_full  el_before_av_one_full  column-top-margin\" style='border-radius:0px; '><section class=\"av_textblock_section \"  itemscope=\"itemscope\" itemtype=\"https:\/\/schema.org\/BlogPosting\" itemprop=\"blogPost\" ><div class='avia_textblock  '   itemprop=\"text\" ><p style=\"text-align: center;\"><strong><span style=\"font-size: 18pt;\">En la zona norte de la comuna de Cisnes buscan potenciar producci\u00f3n de frambuesas <\/span><\/strong><\/p>\n<div id=\"gtx-trans\" style=\"position: absolute; left: -50px; top: 4.31534px;\">\n<div class=\"gtx-trans-icon\"><\/div>\n<\/div>\n<\/div><\/section><\/div><div class=\"flex_column av_one_full  flex_column_div av-zero-column-padding first  avia-builder-el-4  el_after_av_one_full  el_before_av_hr  column-top-margin\" style='border-radius:0px; '><section class=\"av_textblock_section \"  itemscope=\"itemscope\" itemtype=\"https:\/\/schema.org\/BlogPosting\" itemprop=\"blogPost\" ><div class='avia_textblock  '   itemprop=\"text\" ><p style=\"text-align: justify;\">Profesionales en Berries dictan charlas y participan de actividades en terreno para colaborar con los productores de la comuna de Cisnes.<\/p>\n<p style=\"text-align: justify;\">Vigente se mantiene el convenio entre la Municipalidad de Cisnes e Indap, lo que permite llevar a cabo diversas instancias en apoyo de los agricultores y productores de la comuna. Lo m\u00e1s reciente fueron talleres te\u00f3ricos y pr\u00e1cticos en base a la producci\u00f3n de frambuesas, que en sectores como La Junta y Puyuhuapi est\u00e1n dando muy buenos resultados.<\/p>\n<p style=\"text-align: justify;\">Marcia Irarr\u00e1zaval, es la jefa de Prodesal Cisnes Norte y destac\u00f3 que en esta oportunidad se trabaj\u00f3 con profesionales especialistas en berries del equipo frutales de Indap.<\/p>\n<p style=\"text-align: justify;\">\u201cPrimero se desarrollan seminarios, donde especialistas en berries imparten charlas en poda, nutrici\u00f3n, diferentes temas y la otra parte es una actividad pr\u00e1ctica, d\u00eda de campo, donde los usuarios de las diferentes localidades de ac\u00e1 de La Junta y otros de Puyuhuapi, pudieron ver en terreno como armar mesot\u00faneles de frambuesa. La idea es continuar con estas actividades en terreno y pr\u00e1cticas para aumentar as\u00ed la producci\u00f3n frut\u00edcola de la localidad, sobre todo de frambuesa, que se est\u00e1 dando muy bien en la zona. Esta actividad se desarroll\u00f3 en esta oportunidad en el predio de la se\u00f1ora Mireya Rosas\u201d.<\/p>\n<p style=\"text-align: justify;\">Pamela Rodr\u00edguez, tiene un emprendimiento en las cercan\u00edas de Puyuhuapi denominado, \u201cagroecol\u00f3gico Queulat\u201d y fue una de las participantes en los talleres orientados a la producci\u00f3n de frambuesas.<\/p>\n<p style=\"text-align: justify;\">\u201cMuy contentos por estas capacitaciones que se han realizado a trav\u00e9s del programa de frutales de Indap y tambi\u00e9n el trabajo de Prodesal de La Junta, que siempre a uno lo est\u00e1n incorporando y sumando a estas capacitaciones. Para nosotros conocer el tema de los frutales menores ha sido muy satisfactorio y ver el tema de que ac\u00e1 en la regi\u00f3n y en la comuna se puede potenciar este tipo de agricultura nos tiene muy fascinados en realidad, porque ha sido un descubrimiento, un aprendizaje\u201d.<\/p>\n<p style=\"text-align: justify;\">El desarrollo de esta y otras actividades en beneficio de los productores y productoras de Cisnes Norte son parte de las acciones que permanentemente est\u00e1 realizando el equipo Prodesal del sector, conformado por Marcia Irarr\u00e1zaval y su apoyo t\u00e9cnico Jordy Godoy.<\/p>\n<\/div><\/section><\/div><div  style='height:50px' class='hr hr-invisible   avia-builder-el-6  el_after_av_one_full  el_before_av_social_share '><span class='hr-inner ' ><span class='hr-inner-style'><\/span><\/span><\/div><\/p>\n<div  class='av-social-sharing-box  avia-builder-el-7  el_after_av_hr  el_before_av_hr  '><div class='av-share-box'><h5 class='av-share-link-description av-no-toc '>Compartir esta noticia<\/h5><ul class='av-share-box-list noLightbox'><li class='av-share-link av-social-link-facebook' ><a target=\"_blank\" aria-label=\"Compartir en Facebook\" href='https:\/\/www.facebook.com\/sharer.php?u=https:\/\/radiorevelacionfm.cl\/?p=7512&#038;t=En%20la%20zona%20norte%20de%20la%20comuna%20de%20Cisnes%20buscan%20potenciar%20producci%C3%B3n%20de%20frambuesas' aria-hidden='false' data-av_icon='\ue8f3' data-av_iconfont='entypo-fontello' title='' data-avia-related-tooltip='Compartir en Facebook' rel=\"noopener\"><span class='avia_hidden_link_text'>Compartir en Facebook<\/span><\/a><\/li><li class='av-share-link av-social-link-twitter' ><a target=\"_blank\" aria-label=\"Compartir en Twitter\" href='https:\/\/twitter.com\/share?text=En%20la%20zona%20norte%20de%20la%20comuna%20de%20Cisnes%20buscan%20potenciar%20producci%C3%B3n%20de%20frambuesas&#038;url=https:\/\/radiorevelacionfm.cl\/?p=7512' aria-hidden='false' data-av_icon='\ue8f1' data-av_iconfont='entypo-fontello' title='' data-avia-related-tooltip='Compartir en Twitter' rel=\"noopener\"><span class='avia_hidden_link_text'>Compartir en Twitter<\/span><\/a><\/li><li class='av-share-link av-social-link-whatsapp' ><a target=\"_blank\" aria-label=\"Compartir en Whatsapp\" href='https:\/\/api.whatsapp.com\/send?text=https:\/\/radiorevelacionfm.cl\/?p=7512' aria-hidden='false' data-av_icon='\uf232' data-av_iconfont='entypo-fontello' title='' data-avia-related-tooltip='Compartir en Whatsapp' rel=\"noopener\"><span class='avia_hidden_link_text'>Compartir en Whatsapp<\/span><\/a><\/li><li class='av-share-link av-social-link-linkedin' ><a target=\"_blank\" aria-label=\"Compartir en LinkedIn\" href='https:\/\/linkedin.com\/shareArticle?mini=true&#038;title=En%20la%20zona%20norte%20de%20la%20comuna%20de%20Cisnes%20buscan%20potenciar%20producci%C3%B3n%20de%20frambuesas&#038;url=https:\/\/radiorevelacionfm.cl\/?p=7512' aria-hidden='false' data-av_icon='\ue8fc' data-av_iconfont='entypo-fontello' title='' data-avia-related-tooltip='Compartir en LinkedIn' rel=\"noopener\"><span class='avia_hidden_link_text'>Compartir en LinkedIn<\/span><\/a><\/li><li class='av-share-link av-social-link-mail' ><a  aria-label=\"Compartir por correo\" href='mailto:?subject=En%20la%20zona%20norte%20de%20la%20comuna%20de%20Cisnes%20buscan%20potenciar%20producci%C3%B3n%20de%20frambuesas&#038;body=https:\/\/radiorevelacionfm.cl\/?p=7512' aria-hidden='false' data-av_icon='\ue805' data-av_iconfont='entypo-fontello' title='' data-avia-related-tooltip='Compartir por correo'><span class='avia_hidden_link_text'>Compartir por correo<\/span><\/a><\/li><\/ul><\/div><\/div>\n<div  style='height:50px' class='hr hr-invisible   avia-builder-el-8  el_after_av_social_share  el_before_av_comments_list '><span class='hr-inner ' ><span class='hr-inner-style'><\/span><\/span><\/div>\n<div  class='av-buildercomment  av-blog-meta-html-info-disabled av-blog-meta-tag-disabled  '><\/div>\n","protected":false},"excerpt":{"rendered":"","protected":false},"author":1,"featured_media":7513,"comment_status":"open","ping_status":"open","sticky":false,"template":"","format":"standard","meta":{"footnotes":""},"categories":[38],"tags":[],"class_list":["post-7512","post","type-post","status-publish","format-standard","has-post-thumbnail","hentry","category-regional"],"jetpack_featured_media_url":"https:\/\/radiorevelacionfm.cl\/wp-content\/uploads\/2021\/08\/TALLER-FRAMBUESAS-4-1-1.jpeg","_links":{"self":[{"href":"https:\/\/radiorevelacionfm.cl\/index.php?rest_route=\/wp\/v2\/posts\/7512","targetHints":{"allow":["GET"]}}],"collection":[{"href":"https:\/\/radiorevelacionfm.cl\/index.php?rest_route=\/wp\/v2\/posts"}],"about":[{"href":"https:\/\/radiorevelacionfm.cl\/index.php?rest_route=\/wp\/v2\/types\/post"}],"author":[{"embeddable":true,"href":"https:\/\/radiorevelacionfm.cl\/index.php?rest_route=\/wp\/v2\/users\/1"}],"replies":[{"embeddable":true,"href":"https:\/\/radiorevelacionfm.cl\/index.php?rest_route=%2Fwp%2Fv2%2Fcomments&post=7512"}],"version-history":[{"count":1,"href":"https:\/\/radiorevelacionfm.cl\/index.php?rest_route=\/wp\/v2\/posts\/7512\/revisions"}],"predecessor-version":[{"id":7514,"href":"https:\/\/radiorevelacionfm.cl\/index.php?rest_route=\/wp\/v2\/posts\/7512\/revisions\/7514"}],"wp:featuredmedia":[{"embeddable":true,"href":"https:\/\/radiorevelacionfm.cl\/index.php?rest_route=\/wp\/v2\/media\/7513"}],"wp:attachment":[{"href":"https:\/\/radiorevelacionfm.cl\/index.php?rest_route=%2Fwp%2Fv2%2Fmedia&parent=7512"}],"wp:term":[{"taxonomy":"category","embeddable":true,"href":"https:\/\/radiorevelacionfm.cl\/index.php?rest_route=%2Fwp%2Fv2%2Fcategories&post=7512"},{"taxonomy":"post_tag","embeddable":true,"href":"https:\/\/radiorevelacionfm.cl\/index.php?rest_route=%2Fwp%2Fv2%2Ftags&post=7512"}],"curies":[{"name":"wp","href":"https:\/\/api.w.org\/{rel}","templated":true}]}}