{"id":7507,"date":"2021-08-16T18:30:06","date_gmt":"2021-08-16T21:30:06","guid":{"rendered":"https:\/\/radiorevelacionfm.cl\/?p=7507"},"modified":"2021-08-16T19:16:35","modified_gmt":"2021-08-16T22:16:35","slug":"universidad-de-aysen-lanza-6a-escuela-de-invierno-con-foco-en-la-innovacion","status":"publish","type":"post","link":"https:\/\/radiorevelacionfm.cl\/?p=7507","title":{"rendered":"Universidad de Ays\u00e9n lanza 6\u00aa Escuela de Invierno con foco en la innovaci\u00f3n"},"content":{"rendered":"<div class=\"flex_column av_one_full  flex_column_div av-zero-column-padding first  avia-builder-el-0  el_before_av_one_full  avia-builder-el-first  \" style='border-radius:0px; '><div  class='avia-image-container  av-styling-    avia-builder-el-1  avia-builder-el-no-sibling  avia-align-center '  itemprop=\"image\" itemscope=\"itemscope\" itemtype=\"https:\/\/schema.org\/ImageObject\"  ><div class='avia-image-container-inner'><div class='avia-image-overlay-wrap'><img decoding=\"async\" class='wp-image-7510 avia-img-lazy-loading-not-7510 avia_image' src=\"https:\/\/radiorevelacionfm.cl\/wp-content\/uploads\/2021\/08\/ESCUELA-DE-INVIERNO-2021I-1.jpg\" alt='' title='ESCUELA DE INVIERNO 2021I (1)' height=\"638\" width=\"1094\"  itemprop=\"thumbnailUrl\" srcset=\"https:\/\/radiorevelacionfm.cl\/wp-content\/uploads\/2021\/08\/ESCUELA-DE-INVIERNO-2021I-1.jpg 1094w, https:\/\/radiorevelacionfm.cl\/wp-content\/uploads\/2021\/08\/ESCUELA-DE-INVIERNO-2021I-1-300x175.jpg 300w, https:\/\/radiorevelacionfm.cl\/wp-content\/uploads\/2021\/08\/ESCUELA-DE-INVIERNO-2021I-1-1030x601.jpg 1030w, https:\/\/radiorevelacionfm.cl\/wp-content\/uploads\/2021\/08\/ESCUELA-DE-INVIERNO-2021I-1-768x448.jpg 768w, https:\/\/radiorevelacionfm.cl\/wp-content\/uploads\/2021\/08\/ESCUELA-DE-INVIERNO-2021I-1-705x411.jpg 705w, https:\/\/radiorevelacionfm.cl\/wp-content\/uploads\/2021\/08\/ESCUELA-DE-INVIERNO-2021I-1-600x350.jpg 600w\" sizes=\"(max-width: 1094px) 100vw, 1094px\" \/><\/div><\/div><\/div><\/div><div class=\"flex_column av_one_full  flex_column_div av-zero-column-padding first  avia-builder-el-2  el_after_av_one_full  el_before_av_one_full  column-top-margin\" style='border-radius:0px; '><section class=\"av_textblock_section \"  itemscope=\"itemscope\" itemtype=\"https:\/\/schema.org\/BlogPosting\" itemprop=\"blogPost\" ><div class='avia_textblock  '   itemprop=\"text\" ><p style=\"text-align: center;\"><strong><span style=\"font-size: 18pt;\">Universidad de Ays\u00e9n lanza 6\u00aa Escuela de Invierno con foco en la innovaci\u00f3n<\/span><\/strong><\/p>\n<div id=\"gtx-trans\" style=\"position: absolute; left: -50px; top: 4.31534px;\">\n<div class=\"gtx-trans-icon\"><\/div>\n<\/div>\n<\/div><\/section><\/div><div class=\"flex_column av_one_full  flex_column_div av-zero-column-padding first  avia-builder-el-4  el_after_av_one_full  el_before_av_hr  column-top-margin\" style='border-radius:0px; '><section class=\"av_textblock_section \"  itemscope=\"itemscope\" itemtype=\"https:\/\/schema.org\/BlogPosting\" itemprop=\"blogPost\" ><div class='avia_textblock  '   itemprop=\"text\" ><p style=\"text-align: justify;\">\u201cInnovaci\u00f3n: herramienta de transformaci\u00f3n en la universidad y en el territorio\u201d es el nombre de la 6\u00aa versi\u00f3n de la Escuela de Invierno de la UAys\u00e9n, actividad desarrollada desde la Direcci\u00f3n de Vinculaci\u00f3n con el Medio, que se realizar\u00e1 de manera virtual entre el 6 y el 10 de septiembre.<\/p>\n<p style=\"text-align: justify;\">Este a\u00f1o, la escuela busca ser un espacio que invite a innovar desde distintas perspectivas. Es por ello que la parrilla program\u00e1tica, gratuita y abierta a toda la comunidad regional, ha implementado una serie de bloques tem\u00e1ticos asociados al desarrollo territorial, sociedad civil, salud e innovaciones tecnol\u00f3gicas.<\/p>\n<p style=\"text-align: justify;\">De esta manera, en esta nueva versi\u00f3n la escuela de invierno busca continuar generando espacios de vinculaci\u00f3n entre la casa de estudios y la comunidad regional, volcando el quehacer de la instituci\u00f3n y tambi\u00e9n de sus redes de colaboraci\u00f3n hacia la ciudadan\u00eda.<\/p>\n<p style=\"text-align: justify;\">Miguel P\u00e9rez, director de Vinculaci\u00f3n con el Medio de la UAys\u00e9n, destaca la incorporaci\u00f3n de actividades para todos los gustos y edades. \u201cTenemos una parrilla program\u00e1tica que es muy activa. Como siempre, vamos a tener talleres para ni\u00f1os, ni\u00f1as, j\u00f3venes y adultos. En nuestra p\u00e1gina web podr\u00e1n encontrar toda la programaci\u00f3n para que cada uno y cada visualice f\u00e1cilmente las actividades en las que quieran participar\u201d, indic\u00f3.<\/p>\n<p style=\"text-align: justify;\">Para esta versi\u00f3n, destaca la franja cultural con alternativas pensadas para toda la comunidad. Mario Saldivia, encargado de la Unidad de Extensi\u00f3n de la UAys\u00e9n, destaca la variada gama de actividades culturales. \u201cEste a\u00f1o vamos a contar con talleres, donde destaca el de stop motion para ni\u00f1os y ni\u00f1as de 7 a\u00f1os en adelante, el de escritura creativa y cuenta cuentos, para adolescentes desde los 13 a\u00f1os, adem\u00e1s de cursos relacionados a la tem\u00e1tica del arte y la cultura, foros de lineamiento cultural, industrias creativas, grupos de teatro y danza, para finalmente cerrar con un gran festival que reunir\u00e1 distintas manifestaciones art\u00edsticas\u201d, se\u00f1al\u00f3.<\/p>\n<p style=\"text-align: justify;\">Este a\u00f1o, el afiche promocional de la Sexta Escuela de Invierno, fue el resultado de una convocatoria abierta para artistas visuales de la regi\u00f3n para crear la imagen de la escuela. Marcela Gonz\u00e1lez, licenciada en artes visuales y ganadora del concurso, destac\u00f3 la importancia de abrir estos espacios para artistas locales. \u201cMe siento orgullosa porque el reconocimiento viene de una instituci\u00f3n universitaria que se encuentra reflexionando en torno a estos procesos art\u00edsticos que evidencia que hay un inter\u00e9s por seguir desarrollando el arte contempor\u00e1neo en nuestra regi\u00f3n\u201d, coment\u00f3.<\/p>\n<p style=\"text-align: justify;\">Nicol\u00e1s Smith, presidente de la Asociaci\u00f3n Cicleayque, ser\u00e1 uno de los encargados del foro: 1,2,3 por m\u00ed: Innovaci\u00f3n en el Espacio P\u00fablico. \u201cContaremos con un panel vanguardista en torno a c\u00f3mo hacer uso del espacio p\u00fablico a trav\u00e9s del juego, de la infancia y de la justicia en el transporte. Conversaremos sobre c\u00f3mo crear condiciones en el espacio p\u00fablico para tener ciudades m\u00e1s vibrantes y con foco en la descontaminaci\u00f3n\u201d, coment\u00f3.<\/p>\n<p style=\"text-align: justify;\">Desde el a\u00f1o 2016, las Escuelas de Temporada UAys\u00e9n han realizado una amplia gama de actividades tales como talleres, cursos, foros, charlas magistrales, actividades art\u00edsticas y culturales, logrando una participaci\u00f3n de m\u00e1s de tres mil personas de la regi\u00f3n a lo largo de sus cinco a\u00f1os de ejecuci\u00f3n.<\/p>\n<\/div><\/section><\/div><div  style='height:50px' class='hr hr-invisible   avia-builder-el-6  el_after_av_one_full  el_before_av_social_share '><span class='hr-inner ' ><span class='hr-inner-style'><\/span><\/span><\/div><\/p>\n<div  class='av-social-sharing-box  avia-builder-el-7  el_after_av_hr  el_before_av_hr  '><div class='av-share-box'><h5 class='av-share-link-description av-no-toc '>Compartir esta noticia<\/h5><ul class='av-share-box-list noLightbox'><li class='av-share-link av-social-link-facebook' ><a target=\"_blank\" aria-label=\"Compartir en Facebook\" href='https:\/\/www.facebook.com\/sharer.php?u=https:\/\/radiorevelacionfm.cl\/?p=7507&#038;t=Universidad%20de%20Ays%C3%A9n%20lanza%206%C2%AA%20Escuela%20de%20Invierno%20con%20foco%20en%20la%20innovaci%C3%B3n' aria-hidden='false' data-av_icon='\ue8f3' data-av_iconfont='entypo-fontello' title='' data-avia-related-tooltip='Compartir en Facebook' rel=\"noopener\"><span class='avia_hidden_link_text'>Compartir en Facebook<\/span><\/a><\/li><li class='av-share-link av-social-link-twitter' ><a target=\"_blank\" aria-label=\"Compartir en Twitter\" href='https:\/\/twitter.com\/share?text=Universidad%20de%20Ays%C3%A9n%20lanza%206%C2%AA%20Escuela%20de%20Invierno%20con%20foco%20en%20la%20innovaci%C3%B3n&#038;url=https:\/\/radiorevelacionfm.cl\/?p=7507' aria-hidden='false' data-av_icon='\ue8f1' data-av_iconfont='entypo-fontello' title='' data-avia-related-tooltip='Compartir en Twitter' rel=\"noopener\"><span class='avia_hidden_link_text'>Compartir en Twitter<\/span><\/a><\/li><li class='av-share-link av-social-link-whatsapp' ><a target=\"_blank\" aria-label=\"Compartir en Whatsapp\" href='https:\/\/api.whatsapp.com\/send?text=https:\/\/radiorevelacionfm.cl\/?p=7507' aria-hidden='false' data-av_icon='\uf232' data-av_iconfont='entypo-fontello' title='' data-avia-related-tooltip='Compartir en Whatsapp' rel=\"noopener\"><span class='avia_hidden_link_text'>Compartir en Whatsapp<\/span><\/a><\/li><li class='av-share-link av-social-link-linkedin' ><a target=\"_blank\" aria-label=\"Compartir en LinkedIn\" href='https:\/\/linkedin.com\/shareArticle?mini=true&#038;title=Universidad%20de%20Ays%C3%A9n%20lanza%206%C2%AA%20Escuela%20de%20Invierno%20con%20foco%20en%20la%20innovaci%C3%B3n&#038;url=https:\/\/radiorevelacionfm.cl\/?p=7507' aria-hidden='false' data-av_icon='\ue8fc' data-av_iconfont='entypo-fontello' title='' data-avia-related-tooltip='Compartir en LinkedIn' rel=\"noopener\"><span class='avia_hidden_link_text'>Compartir en LinkedIn<\/span><\/a><\/li><li class='av-share-link av-social-link-mail' ><a  aria-label=\"Compartir por correo\" href='mailto:?subject=Universidad%20de%20Ays%C3%A9n%20lanza%206%C2%AA%20Escuela%20de%20Invierno%20con%20foco%20en%20la%20innovaci%C3%B3n&#038;body=https:\/\/radiorevelacionfm.cl\/?p=7507' aria-hidden='false' data-av_icon='\ue805' data-av_iconfont='entypo-fontello' title='' data-avia-related-tooltip='Compartir por correo'><span class='avia_hidden_link_text'>Compartir por correo<\/span><\/a><\/li><\/ul><\/div><\/div>\n<div  style='height:50px' class='hr hr-invisible   avia-builder-el-8  el_after_av_social_share  el_before_av_comments_list '><span class='hr-inner ' ><span class='hr-inner-style'><\/span><\/span><\/div>\n<div  class='av-buildercomment  av-blog-meta-html-info-disabled av-blog-meta-tag-disabled  '><\/div>\n","protected":false},"excerpt":{"rendered":"","protected":false},"author":1,"featured_media":7510,"comment_status":"open","ping_status":"open","sticky":false,"template":"","format":"standard","meta":{"footnotes":""},"categories":[49],"tags":[],"class_list":["post-7507","post","type-post","status-publish","format-standard","has-post-thumbnail","hentry","category-educacion"],"jetpack_featured_media_url":"https:\/\/radiorevelacionfm.cl\/wp-content\/uploads\/2021\/08\/ESCUELA-DE-INVIERNO-2021I-1.jpg","_links":{"self":[{"href":"https:\/\/radiorevelacionfm.cl\/index.php?rest_route=\/wp\/v2\/posts\/7507","targetHints":{"allow":["GET"]}}],"collection":[{"href":"https:\/\/radiorevelacionfm.cl\/index.php?rest_route=\/wp\/v2\/posts"}],"about":[{"href":"https:\/\/radiorevelacionfm.cl\/index.php?rest_route=\/wp\/v2\/types\/post"}],"author":[{"embeddable":true,"href":"https:\/\/radiorevelacionfm.cl\/index.php?rest_route=\/wp\/v2\/users\/1"}],"replies":[{"embeddable":true,"href":"https:\/\/radiorevelacionfm.cl\/index.php?rest_route=%2Fwp%2Fv2%2Fcomments&post=7507"}],"version-history":[{"count":1,"href":"https:\/\/radiorevelacionfm.cl\/index.php?rest_route=\/wp\/v2\/posts\/7507\/revisions"}],"predecessor-version":[{"id":7511,"href":"https:\/\/radiorevelacionfm.cl\/index.php?rest_route=\/wp\/v2\/posts\/7507\/revisions\/7511"}],"wp:featuredmedia":[{"embeddable":true,"href":"https:\/\/radiorevelacionfm.cl\/index.php?rest_route=\/wp\/v2\/media\/7510"}],"wp:attachment":[{"href":"https:\/\/radiorevelacionfm.cl\/index.php?rest_route=%2Fwp%2Fv2%2Fmedia&parent=7507"}],"wp:term":[{"taxonomy":"category","embeddable":true,"href":"https:\/\/radiorevelacionfm.cl\/index.php?rest_route=%2Fwp%2Fv2%2Fcategories&post=7507"},{"taxonomy":"post_tag","embeddable":true,"href":"https:\/\/radiorevelacionfm.cl\/index.php?rest_route=%2Fwp%2Fv2%2Ftags&post=7507"}],"curies":[{"name":"wp","href":"https:\/\/api.w.org\/{rel}","templated":true}]}}