{"id":7504,"date":"2021-08-16T17:38:11","date_gmt":"2021-08-16T20:38:11","guid":{"rendered":"https:\/\/radiorevelacionfm.cl\/?p=7504"},"modified":"2021-08-16T17:38:11","modified_gmt":"2021-08-16T20:38:11","slug":"liceo-politecnico-de-aysen-inicia-capacitacion-en-especialidad-electromecanica-tras-firma-de-convenio-con-aquachile","status":"publish","type":"post","link":"https:\/\/radiorevelacionfm.cl\/?p=7504","title":{"rendered":"Liceo Polit\u00e9cnico de Ays\u00e9n inicia capacitaci\u00f3n en especialidad electromec\u00e1nica tras firma de convenio con AquaChile"},"content":{"rendered":"<div class=\"flex_column av_one_full  flex_column_div av-zero-column-padding first  avia-builder-el-0  el_before_av_one_full  avia-builder-el-first  \" style='border-radius:0px; '><div  class='avia-image-container  av-styling-    avia-builder-el-1  avia-builder-el-no-sibling  avia-align-center '  itemprop=\"image\" itemscope=\"itemscope\" itemtype=\"https:\/\/schema.org\/ImageObject\"  ><div class='avia-image-container-inner'><div class='avia-image-overlay-wrap'><img decoding=\"async\" class='wp-image-7505 avia-img-lazy-loading-not-7505 avia_image' src=\"https:\/\/radiorevelacionfm.cl\/wp-content\/uploads\/2021\/08\/Electromecanica-1-1.jpg\" alt='' title='Electromecanica (1) (1)' height=\"600\" width=\"800\"  itemprop=\"thumbnailUrl\" srcset=\"https:\/\/radiorevelacionfm.cl\/wp-content\/uploads\/2021\/08\/Electromecanica-1-1.jpg 800w, https:\/\/radiorevelacionfm.cl\/wp-content\/uploads\/2021\/08\/Electromecanica-1-1-300x225.jpg 300w, https:\/\/radiorevelacionfm.cl\/wp-content\/uploads\/2021\/08\/Electromecanica-1-1-768x576.jpg 768w, https:\/\/radiorevelacionfm.cl\/wp-content\/uploads\/2021\/08\/Electromecanica-1-1-705x529.jpg 705w, https:\/\/radiorevelacionfm.cl\/wp-content\/uploads\/2021\/08\/Electromecanica-1-1-600x450.jpg 600w\" sizes=\"(max-width: 800px) 100vw, 800px\" \/><\/div><\/div><\/div><\/div><div class=\"flex_column av_one_full  flex_column_div av-zero-column-padding first  avia-builder-el-2  el_after_av_one_full  el_before_av_one_full  column-top-margin\" style='border-radius:0px; '><section class=\"av_textblock_section \"  itemscope=\"itemscope\" itemtype=\"https:\/\/schema.org\/BlogPosting\" itemprop=\"blogPost\" ><div class='avia_textblock  '   itemprop=\"text\" ><p style=\"text-align: center;\"><strong><span style=\"font-size: 18pt;\">Liceo Polit\u00e9cnico de Ays\u00e9n inicia capacitaci\u00f3n en especialidad electromec\u00e1nica tras firma de convenio con AquaChile<\/span><\/strong><\/p>\n<div id=\"gtx-trans\" style=\"position: absolute; left: -50px; top: 4.31534px;\">\n<div class=\"gtx-trans-icon\"><\/div>\n<\/div>\n<\/div><\/section><\/div><div class=\"flex_column av_one_full  flex_column_div av-zero-column-padding first  avia-builder-el-4  el_after_av_one_full  el_before_av_hr  column-top-margin\" style='border-radius:0px; '><section class=\"av_textblock_section \"  itemscope=\"itemscope\" itemtype=\"https:\/\/schema.org\/BlogPosting\" itemprop=\"blogPost\" ><div class='avia_textblock  '   itemprop=\"text\" ><p style=\"text-align: justify;\">Como una primera acci\u00f3n, tras el reciente acuerdo de colaboraci\u00f3n entre ambas instituciones, este lunes se dio el vamos a la capacitaci\u00f3n en electromec\u00e1nica en mantenci\u00f3n, que beneficiar\u00e1 de forma directa a 17 j\u00f3venes ayseninos.<\/p>\n<p style=\"text-align: justify;\">La instancia, que tiene por finalidad contribuir en la especializaci\u00f3n de los t\u00e9cnicos de la comuna de Ays\u00e9n, est\u00e1 enfocada principalmente a los egresados de la especialidad de mec\u00e1nica del Liceo Polit\u00e9cnico de Puerto Ays\u00e9n, y tambi\u00e9n cuenta con participantes convocados por la Unidad de Programas y Proyectos de Fomento Productivo del municipio local.<\/p>\n<p style=\"text-align: justify;\">Al respecto, la directora del establecimiento educacional aysenino, Mar\u00eda Celeste Rojas, agradeci\u00f3 el compromiso por parte de AquaChile, enfatizando que la iniciativa busca aportar al desarrollo de la formaci\u00f3n especializada. \u201cEstamos muy contentos pues esto va a ser una oportunidad real para que egresados de nuestra instituci\u00f3n puedan dar continuidad, justamente especializ\u00e1ndose en el \u00e1mbito de mantenimiento electromec\u00e1nico, y tambi\u00e9n sumar a otras personas de la comunidad interesadas en esta misma capacitaci\u00f3n. Como liceo esta es una de las l\u00edneas que queremos ir profundizando en el tiempo, que se pueda instalar dentro de la comuna nuestro liceo como un eje de capacitaci\u00f3n importante en el \u00e1mbito de mec\u00e1nica, una de las especialidades que impartimos. As\u00ed que con todas las ganas de que esto sea un rotundo \u00e9xito y de que podamos en el corto plazo ir generando nuevas instancias en esta misma l\u00ednea\u201d.<\/p>\n<p style=\"text-align: justify;\">Por su parte, la Encargada de Comunidades de Ays\u00e9n de la empresa pesquera, Ximena Sol\u00eds relev\u00f3 esta acci\u00f3n y los efectos positivos que esperan poder alcanzar. \u201cParte de nuestro compromiso con las comunidades, es aportar en el desarrollo local y, en este sentido, contribuir en la formaci\u00f3n de capital especializado, nos permitir\u00e1 mejorar la competitividad de los t\u00e9cnicos locales. Esta capacitaci\u00f3n cobra relevancia porque la mantenci\u00f3n en electromec\u00e1nica es un servicio que se requiere constantemente, por lo tanto, es una fuente permanente de trabajo para quienes tengan el conocimiento especializado y la expertiz. Por tanto, se presenta como una oportunidad de ampliar la capacidad de inserci\u00f3n laboral y obtener mejores salarios\u201d.<\/p>\n<p style=\"text-align: justify;\">Para el director (S) de la Direcci\u00f3n de Educaci\u00f3n Municipal, Freddy Moraga, \u201cuno de los pilares que hemos conversando con el Sr. alcalde es dar capacitaci\u00f3n a la gente de Ays\u00e9n, y como DEM estamos en la misma l\u00ednea.\u00a0 Contentos con la asistencia, y eso es muy gratificante. Ser\u00eda importante replicar estas instancias. A todos les sirve esta capacitaci\u00f3n, y si son alumnos egresados del Polit\u00e9cnico, bienvenido sea. La idea es seguir en esta senda\u201d, se\u00f1al\u00f3.<\/p>\n<p style=\"text-align: justify;\">Este curso considera 40 horas de clases y contempla m\u00f3dulos pr\u00e1cticos, las cuales se desarrollar\u00e1n en dependencias de AquaChile y Maqsur, empresa de servicios en mantenci\u00f3n de equipos y maquinarias para la industria. Al finalizar la especializaci\u00f3n los capacitados podr\u00e1n aplicar t\u00e9cnicas de mantenimiento de sistema y electro m\u00e1quinas industriales, detectando y solucionando fallas comunes.<\/p>\n<\/div><\/section><\/div><div  style='height:50px' class='hr hr-invisible   avia-builder-el-6  el_after_av_one_full  el_before_av_social_share '><span class='hr-inner ' ><span class='hr-inner-style'><\/span><\/span><\/div><\/p>\n<div  class='av-social-sharing-box  avia-builder-el-7  el_after_av_hr  el_before_av_hr  '><div class='av-share-box'><h5 class='av-share-link-description av-no-toc '>Compartir esta noticia<\/h5><ul class='av-share-box-list noLightbox'><li class='av-share-link av-social-link-facebook' ><a target=\"_blank\" aria-label=\"Compartir en Facebook\" href='https:\/\/www.facebook.com\/sharer.php?u=https:\/\/radiorevelacionfm.cl\/?p=7504&#038;t=Liceo%20Polit%C3%A9cnico%20de%20Ays%C3%A9n%20inicia%20capacitaci%C3%B3n%20en%20especialidad%20electromec%C3%A1nica%20tras%20firma%20de%20convenio%20con%20AquaChile' aria-hidden='false' data-av_icon='\ue8f3' data-av_iconfont='entypo-fontello' title='' data-avia-related-tooltip='Compartir en Facebook' rel=\"noopener\"><span class='avia_hidden_link_text'>Compartir en Facebook<\/span><\/a><\/li><li class='av-share-link av-social-link-twitter' ><a target=\"_blank\" aria-label=\"Compartir en Twitter\" href='https:\/\/twitter.com\/share?text=Liceo%20Polit%C3%A9cnico%20de%20Ays%C3%A9n%20inicia%20capacitaci%C3%B3n%20en%20especialidad%20electromec%C3%A1nica%20tras%20firma%20de%20convenio%20con%20AquaChile&#038;url=https:\/\/radiorevelacionfm.cl\/?p=7504' aria-hidden='false' data-av_icon='\ue8f1' data-av_iconfont='entypo-fontello' title='' data-avia-related-tooltip='Compartir en Twitter' rel=\"noopener\"><span class='avia_hidden_link_text'>Compartir en Twitter<\/span><\/a><\/li><li class='av-share-link av-social-link-whatsapp' ><a target=\"_blank\" aria-label=\"Compartir en Whatsapp\" href='https:\/\/api.whatsapp.com\/send?text=https:\/\/radiorevelacionfm.cl\/?p=7504' aria-hidden='false' data-av_icon='\uf232' data-av_iconfont='entypo-fontello' title='' data-avia-related-tooltip='Compartir en Whatsapp' rel=\"noopener\"><span class='avia_hidden_link_text'>Compartir en Whatsapp<\/span><\/a><\/li><li class='av-share-link av-social-link-linkedin' ><a target=\"_blank\" aria-label=\"Compartir en LinkedIn\" href='https:\/\/linkedin.com\/shareArticle?mini=true&#038;title=Liceo%20Polit%C3%A9cnico%20de%20Ays%C3%A9n%20inicia%20capacitaci%C3%B3n%20en%20especialidad%20electromec%C3%A1nica%20tras%20firma%20de%20convenio%20con%20AquaChile&#038;url=https:\/\/radiorevelacionfm.cl\/?p=7504' aria-hidden='false' data-av_icon='\ue8fc' data-av_iconfont='entypo-fontello' title='' data-avia-related-tooltip='Compartir en LinkedIn' rel=\"noopener\"><span class='avia_hidden_link_text'>Compartir en LinkedIn<\/span><\/a><\/li><li class='av-share-link av-social-link-mail' ><a  aria-label=\"Compartir por correo\" href='mailto:?subject=Liceo%20Polit%C3%A9cnico%20de%20Ays%C3%A9n%20inicia%20capacitaci%C3%B3n%20en%20especialidad%20electromec%C3%A1nica%20tras%20firma%20de%20convenio%20con%20AquaChile&#038;body=https:\/\/radiorevelacionfm.cl\/?p=7504' aria-hidden='false' data-av_icon='\ue805' data-av_iconfont='entypo-fontello' title='' data-avia-related-tooltip='Compartir por correo'><span class='avia_hidden_link_text'>Compartir por correo<\/span><\/a><\/li><\/ul><\/div><\/div>\n<div  style='height:50px' class='hr hr-invisible   avia-builder-el-8  el_after_av_social_share  el_before_av_comments_list '><span class='hr-inner ' ><span class='hr-inner-style'><\/span><\/span><\/div>\n<div  class='av-buildercomment  av-blog-meta-html-info-disabled av-blog-meta-tag-disabled  '><\/div>\n","protected":false},"excerpt":{"rendered":"","protected":false},"author":1,"featured_media":7505,"comment_status":"open","ping_status":"open","sticky":false,"template":"","format":"standard","meta":{"footnotes":""},"categories":[49],"tags":[],"class_list":["post-7504","post","type-post","status-publish","format-standard","has-post-thumbnail","hentry","category-educacion"],"jetpack_featured_media_url":"https:\/\/radiorevelacionfm.cl\/wp-content\/uploads\/2021\/08\/Electromecanica-1-1.jpg","_links":{"self":[{"href":"https:\/\/radiorevelacionfm.cl\/index.php?rest_route=\/wp\/v2\/posts\/7504","targetHints":{"allow":["GET"]}}],"collection":[{"href":"https:\/\/radiorevelacionfm.cl\/index.php?rest_route=\/wp\/v2\/posts"}],"about":[{"href":"https:\/\/radiorevelacionfm.cl\/index.php?rest_route=\/wp\/v2\/types\/post"}],"author":[{"embeddable":true,"href":"https:\/\/radiorevelacionfm.cl\/index.php?rest_route=\/wp\/v2\/users\/1"}],"replies":[{"embeddable":true,"href":"https:\/\/radiorevelacionfm.cl\/index.php?rest_route=%2Fwp%2Fv2%2Fcomments&post=7504"}],"version-history":[{"count":1,"href":"https:\/\/radiorevelacionfm.cl\/index.php?rest_route=\/wp\/v2\/posts\/7504\/revisions"}],"predecessor-version":[{"id":7506,"href":"https:\/\/radiorevelacionfm.cl\/index.php?rest_route=\/wp\/v2\/posts\/7504\/revisions\/7506"}],"wp:featuredmedia":[{"embeddable":true,"href":"https:\/\/radiorevelacionfm.cl\/index.php?rest_route=\/wp\/v2\/media\/7505"}],"wp:attachment":[{"href":"https:\/\/radiorevelacionfm.cl\/index.php?rest_route=%2Fwp%2Fv2%2Fmedia&parent=7504"}],"wp:term":[{"taxonomy":"category","embeddable":true,"href":"https:\/\/radiorevelacionfm.cl\/index.php?rest_route=%2Fwp%2Fv2%2Fcategories&post=7504"},{"taxonomy":"post_tag","embeddable":true,"href":"https:\/\/radiorevelacionfm.cl\/index.php?rest_route=%2Fwp%2Fv2%2Ftags&post=7504"}],"curies":[{"name":"wp","href":"https:\/\/api.w.org\/{rel}","templated":true}]}}