{"id":7500,"date":"2021-08-16T16:49:00","date_gmt":"2021-08-16T19:49:00","guid":{"rendered":"https:\/\/radiorevelacionfm.cl\/?p=7500"},"modified":"2021-08-16T16:49:00","modified_gmt":"2021-08-16T19:49:00","slug":"inscripciones-abiertas-para-talleres-culturales-gratuitos-en-coyhaique","status":"publish","type":"post","link":"https:\/\/radiorevelacionfm.cl\/?p=7500","title":{"rendered":"Inscripciones abiertas para talleres culturales gratuitos en Coyhaique"},"content":{"rendered":"<div class=\"flex_column av_one_full  flex_column_div av-zero-column-padding first  avia-builder-el-0  el_before_av_one_full  avia-builder-el-first  \" style='border-radius:0px; '><div  class='avia-image-container  av-styling-    avia-builder-el-1  avia-builder-el-no-sibling  avia-align-center '  itemprop=\"image\" itemscope=\"itemscope\" itemtype=\"https:\/\/schema.org\/ImageObject\"  ><div class='avia-image-container-inner'><div class='avia-image-overlay-wrap'><img decoding=\"async\" class='wp-image-7501 avia-img-lazy-loading-not-7501 avia_image' src=\"https:\/\/radiorevelacionfm.cl\/wp-content\/uploads\/2021\/08\/Afiche-Talleres0-1-1.jpg\" alt='' title='Afiche Talleres0 (1) (1)' height=\"599\" width=\"452\"  itemprop=\"thumbnailUrl\" srcset=\"https:\/\/radiorevelacionfm.cl\/wp-content\/uploads\/2021\/08\/Afiche-Talleres0-1-1.jpg 452w, https:\/\/radiorevelacionfm.cl\/wp-content\/uploads\/2021\/08\/Afiche-Talleres0-1-1-226x300.jpg 226w\" sizes=\"(max-width: 452px) 100vw, 452px\" \/><\/div><\/div><\/div><\/div><div class=\"flex_column av_one_full  flex_column_div av-zero-column-padding first  avia-builder-el-2  el_after_av_one_full  el_before_av_one_full  column-top-margin\" style='border-radius:0px; '><section class=\"av_textblock_section \"  itemscope=\"itemscope\" itemtype=\"https:\/\/schema.org\/BlogPosting\" itemprop=\"blogPost\" ><div class='avia_textblock  '   itemprop=\"text\" ><p style=\"text-align: center;\"><strong><span style=\"font-size: 18pt;\">Inscripciones abiertas para talleres culturales gratuitos en Coyhaique<\/span><\/strong><\/p>\n<div id=\"gtx-trans\" style=\"position: absolute; left: -50px; top: 4.31534px;\">\n<div class=\"gtx-trans-icon\"><\/div>\n<\/div>\n<\/div><\/section><\/div><div class=\"flex_column av_one_full  flex_column_div av-zero-column-padding first  avia-builder-el-4  el_after_av_one_full  el_before_av_hr  column-top-margin\" style='border-radius:0px; '><section class=\"av_textblock_section \"  itemscope=\"itemscope\" itemtype=\"https:\/\/schema.org\/BlogPosting\" itemprop=\"blogPost\" ><div class='avia_textblock  '   itemprop=\"text\" ><p style=\"text-align: justify;\">Arte urbano, escultura, acuarela, ilustraci\u00f3n bot\u00e1nica y teor\u00eda del dibujo son los talleres de Artes Visuales que ya tienen sus inscripciones abiertas en la Corporaci\u00f3n Cultural Municipal de Coyhaique y que se desarrollar\u00e1n de manera presencial desde los 12 a\u00f1os de edad. Las inscripciones que se pueden hacer v\u00eda online a trav\u00e9s de la casilla electr\u00f3nica <a href=\"mailto:holacccoyhaique@gmail.com\">holacccoyhaique@gmail.com<\/a> se desarrollar\u00e1 durante todo el segundo semestre repitiendo experiencias positivas de los \u00faltimos a\u00f1os.<\/p>\n<p style=\"text-align: justify;\">Carlos Gatica, alcalde y presidente de la Corporaci\u00f3n Cultural Municipal de Coyhaique explic\u00f3 que adem\u00e1s de retomar las actividades presenciales con obras de teatro, coro y conciertos, existe una gran satisfacci\u00f3n al poder hoy invitar a la comunidad a inscribirse en los talleres presenciales de artes visuales de este segundo semestre. \u201cLas inscripciones est\u00e1n abiertas y en sus diferentes m\u00f3dulos podr\u00e1n participar ni\u00f1os, ni\u00f1as y adolescentes desde los 12 a\u00f1os y otros est\u00e1n especialmente orientado para adultos. Esperamos que la gente se informe a trav\u00e9s de nuestras redes sociales de las distintas disciplinas que ponemos a su disposici\u00f3n y aproveche estas instancias de formaci\u00f3n art\u00edstica que son totalmente gratuitas y que hist\u00f3ricamente han tenido una muy buena aceptaci\u00f3n por parte de nuestros vecinos y vecinas\u201d.<\/p>\n<p style=\"text-align: justify;\">Los recursos adjudicados a trav\u00e9s de un proyecto presentado al Fondo Nacional de las artes, las culturas y el patrimonio permitir\u00e1 la realizaci\u00f3n de talleres en Arte Urbano, Escultura, Acuarela, Ilustraci\u00f3n Bot\u00e1nica y Teor\u00eda del dibujo, algo que seg\u00fan Ver\u00f3nica D\u00edaz, Seremi de las Culturas, los deja \u00abmuy contentos por el inicio de esta serie de talleres de artes de la visualidad, que ser\u00e1n una oportunidad para que la comunidad de Coyhaique cuente con alternativas art\u00edsticas para desarrollar de manera presencial en el Centro Cultural. Los invitamos a ser parte de las acciones que se realizan, ya que cuentan con todas las medidas sanitarias que corresponden a la fase en la que nos encontramos\u00bb.<\/p>\n<p style=\"text-align: justify;\">Cristina Coliboro, monitora habitual de los talleres en la Corporaci\u00f3n Cultural Municipal de Coyhaique, explic\u00f3 que participar de estos talleres ha sido muy grato y enriquecedor, se crean lazos y amistades que perduran en el tiempo. \u201cHemos podido compartir conocimiento y a su vez aprender a trav\u00e9s de la retroalimentaci\u00f3n de los alumnos, esperamos que aprendan t\u00e9cnicas visuales y logren expresarse creativamente a trav\u00e9s de estas y lleguen a divertirse formando parte de un grupo de personas con intereses similares. Al ser talleres de 4 meses de duraci\u00f3n esperamos desarrollar un nivel mucho m\u00e1s profundo, partiendo desde los m\u00e1s b\u00e1sico hasta lograr presentar obras de calidad y expresivas\u201d, finaliz\u00f3 la licenciada en artes visuales.<\/p>\n<\/div><\/section><\/div><div  style='height:50px' class='hr hr-invisible   avia-builder-el-6  el_after_av_one_full  el_before_av_social_share '><span class='hr-inner ' ><span class='hr-inner-style'><\/span><\/span><\/div><\/p>\n<div  class='av-social-sharing-box  avia-builder-el-7  el_after_av_hr  el_before_av_hr  '><div class='av-share-box'><h5 class='av-share-link-description av-no-toc '>Compartir esta noticia<\/h5><ul class='av-share-box-list noLightbox'><li class='av-share-link av-social-link-facebook' ><a target=\"_blank\" aria-label=\"Compartir en Facebook\" href='https:\/\/www.facebook.com\/sharer.php?u=https:\/\/radiorevelacionfm.cl\/?p=7500&#038;t=Inscripciones%20abiertas%20para%20talleres%20culturales%20gratuitos%20en%20Coyhaique' aria-hidden='false' data-av_icon='\ue8f3' data-av_iconfont='entypo-fontello' title='' data-avia-related-tooltip='Compartir en Facebook' rel=\"noopener\"><span class='avia_hidden_link_text'>Compartir en Facebook<\/span><\/a><\/li><li class='av-share-link av-social-link-twitter' ><a target=\"_blank\" aria-label=\"Compartir en Twitter\" href='https:\/\/twitter.com\/share?text=Inscripciones%20abiertas%20para%20talleres%20culturales%20gratuitos%20en%20Coyhaique&#038;url=https:\/\/radiorevelacionfm.cl\/?p=7500' aria-hidden='false' data-av_icon='\ue8f1' data-av_iconfont='entypo-fontello' title='' data-avia-related-tooltip='Compartir en Twitter' rel=\"noopener\"><span class='avia_hidden_link_text'>Compartir en Twitter<\/span><\/a><\/li><li class='av-share-link av-social-link-whatsapp' ><a target=\"_blank\" aria-label=\"Compartir en Whatsapp\" href='https:\/\/api.whatsapp.com\/send?text=https:\/\/radiorevelacionfm.cl\/?p=7500' aria-hidden='false' data-av_icon='\uf232' data-av_iconfont='entypo-fontello' title='' data-avia-related-tooltip='Compartir en Whatsapp' rel=\"noopener\"><span class='avia_hidden_link_text'>Compartir en Whatsapp<\/span><\/a><\/li><li class='av-share-link av-social-link-linkedin' ><a target=\"_blank\" aria-label=\"Compartir en LinkedIn\" href='https:\/\/linkedin.com\/shareArticle?mini=true&#038;title=Inscripciones%20abiertas%20para%20talleres%20culturales%20gratuitos%20en%20Coyhaique&#038;url=https:\/\/radiorevelacionfm.cl\/?p=7500' aria-hidden='false' data-av_icon='\ue8fc' data-av_iconfont='entypo-fontello' title='' data-avia-related-tooltip='Compartir en LinkedIn' rel=\"noopener\"><span class='avia_hidden_link_text'>Compartir en LinkedIn<\/span><\/a><\/li><li class='av-share-link av-social-link-mail' ><a  aria-label=\"Compartir por correo\" href='mailto:?subject=Inscripciones%20abiertas%20para%20talleres%20culturales%20gratuitos%20en%20Coyhaique&#038;body=https:\/\/radiorevelacionfm.cl\/?p=7500' aria-hidden='false' data-av_icon='\ue805' data-av_iconfont='entypo-fontello' title='' data-avia-related-tooltip='Compartir por correo'><span class='avia_hidden_link_text'>Compartir por correo<\/span><\/a><\/li><\/ul><\/div><\/div>\n<div  style='height:50px' class='hr hr-invisible   avia-builder-el-8  el_after_av_social_share  el_before_av_comments_list '><span class='hr-inner ' ><span class='hr-inner-style'><\/span><\/span><\/div>\n<div  class='av-buildercomment  av-blog-meta-html-info-disabled av-blog-meta-tag-disabled  '><\/div>\n","protected":false},"excerpt":{"rendered":"","protected":false},"author":1,"featured_media":7502,"comment_status":"open","ping_status":"open","sticky":false,"template":"","format":"standard","meta":{"footnotes":""},"categories":[52],"tags":[],"class_list":["post-7500","post","type-post","status-publish","format-standard","has-post-thumbnail","hentry","category-cultura"],"jetpack_featured_media_url":"https:\/\/radiorevelacionfm.cl\/wp-content\/uploads\/2021\/08\/Afiche-Talleres1-1.jpg","_links":{"self":[{"href":"https:\/\/radiorevelacionfm.cl\/index.php?rest_route=\/wp\/v2\/posts\/7500","targetHints":{"allow":["GET"]}}],"collection":[{"href":"https:\/\/radiorevelacionfm.cl\/index.php?rest_route=\/wp\/v2\/posts"}],"about":[{"href":"https:\/\/radiorevelacionfm.cl\/index.php?rest_route=\/wp\/v2\/types\/post"}],"author":[{"embeddable":true,"href":"https:\/\/radiorevelacionfm.cl\/index.php?rest_route=\/wp\/v2\/users\/1"}],"replies":[{"embeddable":true,"href":"https:\/\/radiorevelacionfm.cl\/index.php?rest_route=%2Fwp%2Fv2%2Fcomments&post=7500"}],"version-history":[{"count":1,"href":"https:\/\/radiorevelacionfm.cl\/index.php?rest_route=\/wp\/v2\/posts\/7500\/revisions"}],"predecessor-version":[{"id":7503,"href":"https:\/\/radiorevelacionfm.cl\/index.php?rest_route=\/wp\/v2\/posts\/7500\/revisions\/7503"}],"wp:featuredmedia":[{"embeddable":true,"href":"https:\/\/radiorevelacionfm.cl\/index.php?rest_route=\/wp\/v2\/media\/7502"}],"wp:attachment":[{"href":"https:\/\/radiorevelacionfm.cl\/index.php?rest_route=%2Fwp%2Fv2%2Fmedia&parent=7500"}],"wp:term":[{"taxonomy":"category","embeddable":true,"href":"https:\/\/radiorevelacionfm.cl\/index.php?rest_route=%2Fwp%2Fv2%2Fcategories&post=7500"},{"taxonomy":"post_tag","embeddable":true,"href":"https:\/\/radiorevelacionfm.cl\/index.php?rest_route=%2Fwp%2Fv2%2Ftags&post=7500"}],"curies":[{"name":"wp","href":"https:\/\/api.w.org\/{rel}","templated":true}]}}