{"id":7494,"date":"2021-08-16T14:24:28","date_gmt":"2021-08-16T17:24:28","guid":{"rendered":"https:\/\/radiorevelacionfm.cl\/?p=7494"},"modified":"2021-08-16T14:24:28","modified_gmt":"2021-08-16T17:24:28","slug":"inauguraron-obras-de-mejoramiento-en-liceo-bicentenario-rural-cerro-castillo-para-la-prevencion-del-covid19","status":"publish","type":"post","link":"https:\/\/radiorevelacionfm.cl\/?p=7494","title":{"rendered":"Inauguraron obras de mejoramiento en Liceo Bicentenario Rural Cerro Castillo para la prevenci\u00f3n del Covid19"},"content":{"rendered":"<div class=\"flex_column av_one_full  flex_column_div av-zero-column-padding first  avia-builder-el-0  el_before_av_one_full  avia-builder-el-first  \" style='border-radius:0px; '><div  class='avia-image-container  av-styling-    avia-builder-el-1  avia-builder-el-no-sibling  avia-align-center '  itemprop=\"image\" itemscope=\"itemscope\" itemtype=\"https:\/\/schema.org\/ImageObject\"  ><div class='avia-image-container-inner'><div class='avia-image-overlay-wrap'><img decoding=\"async\" class='wp-image-7495 avia-img-lazy-loading-not-7495 avia_image' src=\"https:\/\/radiorevelacionfm.cl\/wp-content\/uploads\/2021\/08\/Castillo1.1-1.jpg\" alt='' title='Castillo1.1 (1)' height=\"645\" width=\"1550\"  itemprop=\"thumbnailUrl\" srcset=\"https:\/\/radiorevelacionfm.cl\/wp-content\/uploads\/2021\/08\/Castillo1.1-1.jpg 1550w, https:\/\/radiorevelacionfm.cl\/wp-content\/uploads\/2021\/08\/Castillo1.1-1-300x125.jpg 300w, https:\/\/radiorevelacionfm.cl\/wp-content\/uploads\/2021\/08\/Castillo1.1-1-1030x429.jpg 1030w, https:\/\/radiorevelacionfm.cl\/wp-content\/uploads\/2021\/08\/Castillo1.1-1-768x320.jpg 768w, https:\/\/radiorevelacionfm.cl\/wp-content\/uploads\/2021\/08\/Castillo1.1-1-1536x639.jpg 1536w, https:\/\/radiorevelacionfm.cl\/wp-content\/uploads\/2021\/08\/Castillo1.1-1-1500x624.jpg 1500w, https:\/\/radiorevelacionfm.cl\/wp-content\/uploads\/2021\/08\/Castillo1.1-1-705x293.jpg 705w, https:\/\/radiorevelacionfm.cl\/wp-content\/uploads\/2021\/08\/Castillo1.1-1-600x250.jpg 600w\" sizes=\"(max-width: 1550px) 100vw, 1550px\" \/><\/div><\/div><\/div><\/div><div class=\"flex_column av_one_full  flex_column_div av-zero-column-padding first  avia-builder-el-2  el_after_av_one_full  el_before_av_one_full  column-top-margin\" style='border-radius:0px; '><section class=\"av_textblock_section \"  itemscope=\"itemscope\" itemtype=\"https:\/\/schema.org\/BlogPosting\" itemprop=\"blogPost\" ><div class='avia_textblock  '   itemprop=\"text\" ><p style=\"text-align: center;\"><strong><span style=\"font-size: 18pt;\">Inauguraron obras de mejoramiento en Liceo Bicentenario Rural Cerro Castillo para la prevenci\u00f3n del Covid19 <\/span><\/strong><\/p>\n<div id=\"gtx-trans\" style=\"position: absolute; left: -50px; top: 4.31534px;\">\n<div class=\"gtx-trans-icon\"><\/div>\n<\/div>\n<\/div><\/section><\/div><div class=\"flex_column av_one_full  flex_column_div av-zero-column-padding first  avia-builder-el-4  el_after_av_one_full  el_before_av_hr  column-top-margin\" style='border-radius:0px; '><section class=\"av_textblock_section \"  itemscope=\"itemscope\" itemtype=\"https:\/\/schema.org\/BlogPosting\" itemprop=\"blogPost\" ><div class='avia_textblock  '   itemprop=\"text\" ><p class=\"v1MsoNormal\" style=\"text-align: justify;\">En el Liceo Bicentenario Rural de Cerro Castillo de la comuna de R\u00edo Ib\u00e1\u00f1ez y con la presencia del Seremi de Educaci\u00f3n Sergio Becerra, el Subsecretario de Miner\u00eda Edgar Blanco, el Alcalde de R\u00edo Ib\u00e1\u00f1ez Marcelo Santana y la comunidad educacional fueron inauguradas las obras de mejoramiento de infraestructura y equipamiento para la prevenci\u00f3n del COVID 19, las que fueron ejecutadas con recursos del Plan Yo Conf\u00edo en Mi Escuela del Ministerio de Educaci\u00f3n.<\/p>\n<p class=\"v1MsoNormal\" style=\"text-align: justify;\"><span lang=\"ES\">El proyecto, que signific\u00f3 una inversi\u00f3n de m\u00e1s de 24 millones de pesos, consisti\u00f3 en la intervenci\u00f3n de muros intermediarios existentes de cuatro salas de clases, reemplaz\u00e1ndolos por un muro plegable que permite la uni\u00f3n de dos salas de manera temporal. Esta acci\u00f3n se llev\u00f3 a cabo con la instalaci\u00f3n de rieles de acero y hojas de muro plegable con marco madera, aislante de ruido y terminaci\u00f3n de superficie de madera machihembrada por ambas caras, adem\u00e1s se consider\u00f3 el mejoramiento de muros y pisos por superficies lisas y lavables, la instalaci\u00f3n de protectores modulares de acr\u00edlico para favorecer el distanciamiento f\u00edsico entre estudiante durante las horas de clases.\u00a0 La iniciativa tambi\u00e9n contempla instalar lavamanos port\u00e1tiles.<\/span><\/p>\n<p class=\"v1MsoNormal\" style=\"text-align: justify;\"><span lang=\"ES\">La directora del plantel Carolina Aceituno detall\u00f3 que \u00abEsas intervenciones nos permiten aumentar el aforo de las salas de ense\u00f1anza media. En el \u00e1rea de Educaci\u00f3n B\u00e1sica instalamos acr\u00edlicos en cada mesa de las aulas de primero a sexto b\u00e1sico con la finalidad de mantener el distanciamiento f\u00edsico que dicta el protocolo sanitario. Todo lo anterior favorece la presencialidad que hemos tenido desde el inicio del segundo semestre, con todos los niveles desde NT1 hasta cuarto medio. Esto es importante porque podremos tener a la gran mayor\u00eda de nuestros estudiantes en el liceo y continuar trabajando para disminuir la brecha de aprendizaje que produjo la falta de clases producto de la pandemia. Tenemos la convicci\u00f3n de que con las clases presenciales hay mayores aprendizajes y se potencia el desarrollo socioemocional de nuestros ni\u00f1os y j\u00f3venes\u00bb.<\/span><\/p>\n<p class=\"v1MsoNormal\" style=\"text-align: justify;\"><span lang=\"ES\">El sostenedor del establecimiento, Alcalde Marcelo Santana Vargas destac\u00f3 que \u00abCon los recursos del Ministerio de Educaci\u00f3n, hemos podido ampliar el aforo de las salas de clases. Nuestro liceo que parti\u00f3 como un sue\u00f1o con muy pocos estudiantes hoy es una realidad. Tenemos matr\u00edcula de 23 alumnos en primero medio; por ende, hab\u00eda que adecuar las salas y estos recursos apuntaron en esa direcci\u00f3n. Adem\u00e1s, con recursos del Fondo de Apoyo a la Educaci\u00f3n P\u00fablica FAEP adquirimos pantallas t\u00e1ctiles y computadores que permitir\u00e1n funcionar con clases h\u00edbridas y telem\u00e1ticas en caso de sea necesario funcionar en esa modalidad\u00bb.<\/span><\/p>\n<p class=\"v1MsoNormal\" style=\"text-align: justify;\"><span lang=\"ES\">Por su parte, el Seremi de Educaci\u00f3n Sergio Becerra record\u00f3 que el Plan Yo Conf\u00edo en Mi Escuela financi\u00f3 proyectos de nueve colegios municipales \u00a0por un monto total de \u00a0$232.154.344 pesos lo que les permite mejorar los espacios f\u00edsicos de los colegios y adecuarlos para el retorno a clases, siguiendo los requerimientos de la autoridad sanitaria, entregando as\u00ed condiciones de seguridad que favorecen el alto porcentajes de colegios abiertos \u00a0con clases presenciales que hoy tiene la Regi\u00f3n de Ays\u00e9n.<\/span><\/p>\n<p class=\"v1MsoNormal\" style=\"text-align: justify;\"><span lang=\"ES\">\u00abVemos que las comunidades educativas conf\u00edan en sus escuelas y est\u00e1n enviando a sus hijos a clases. Prueba de ello es que tenemos un 95 por ciento de apertura y presencialidad de estudiantes en los colegios de la regi\u00f3n. Con estos recursos estamos generando todas las medidas necesarias para brindarles espacios seguros y con las medidas sanitarias correspondientes para recibir nuevamente a nuestros estudiantes, docentes y asistentes de la educaci\u00f3n. Las clases presenciales son irremplazables y por ello estamos trabajando sin descanso para el retorno seguro a clases durante el segundo semestre\u00bb, concluy\u00f3 el Seremi.\u00a0<\/span><\/p>\n<\/div><\/section><\/div><div  style='height:50px' class='hr hr-invisible   avia-builder-el-6  el_after_av_one_full  el_before_av_social_share '><span class='hr-inner ' ><span class='hr-inner-style'><\/span><\/span><\/div><\/p>\n<div  class='av-social-sharing-box  avia-builder-el-7  el_after_av_hr  el_before_av_hr  '><div class='av-share-box'><h5 class='av-share-link-description av-no-toc '>Compartir esta noticia<\/h5><ul class='av-share-box-list noLightbox'><li class='av-share-link av-social-link-facebook' ><a target=\"_blank\" aria-label=\"Compartir en Facebook\" href='https:\/\/www.facebook.com\/sharer.php?u=https:\/\/radiorevelacionfm.cl\/?p=7494&#038;t=Inauguraron%20obras%20de%20mejoramiento%20en%20Liceo%20Bicentenario%20Rural%20Cerro%20Castillo%20para%20la%20prevenci%C3%B3n%20del%20Covid19' aria-hidden='false' data-av_icon='\ue8f3' data-av_iconfont='entypo-fontello' title='' data-avia-related-tooltip='Compartir en Facebook' rel=\"noopener\"><span class='avia_hidden_link_text'>Compartir en Facebook<\/span><\/a><\/li><li class='av-share-link av-social-link-twitter' ><a target=\"_blank\" aria-label=\"Compartir en Twitter\" href='https:\/\/twitter.com\/share?text=Inauguraron%20obras%20de%20mejoramiento%20en%20Liceo%20Bicentenario%20Rural%20Cerro%20Castillo%20para%20la%20prevenci%C3%B3n%20del%20Covid19&#038;url=https:\/\/radiorevelacionfm.cl\/?p=7494' aria-hidden='false' data-av_icon='\ue8f1' data-av_iconfont='entypo-fontello' title='' data-avia-related-tooltip='Compartir en Twitter' rel=\"noopener\"><span class='avia_hidden_link_text'>Compartir en Twitter<\/span><\/a><\/li><li class='av-share-link av-social-link-whatsapp' ><a target=\"_blank\" aria-label=\"Compartir en Whatsapp\" href='https:\/\/api.whatsapp.com\/send?text=https:\/\/radiorevelacionfm.cl\/?p=7494' aria-hidden='false' data-av_icon='\uf232' data-av_iconfont='entypo-fontello' title='' data-avia-related-tooltip='Compartir en Whatsapp' rel=\"noopener\"><span class='avia_hidden_link_text'>Compartir en Whatsapp<\/span><\/a><\/li><li class='av-share-link av-social-link-linkedin' ><a target=\"_blank\" aria-label=\"Compartir en LinkedIn\" href='https:\/\/linkedin.com\/shareArticle?mini=true&#038;title=Inauguraron%20obras%20de%20mejoramiento%20en%20Liceo%20Bicentenario%20Rural%20Cerro%20Castillo%20para%20la%20prevenci%C3%B3n%20del%20Covid19&#038;url=https:\/\/radiorevelacionfm.cl\/?p=7494' aria-hidden='false' data-av_icon='\ue8fc' data-av_iconfont='entypo-fontello' title='' data-avia-related-tooltip='Compartir en LinkedIn' rel=\"noopener\"><span class='avia_hidden_link_text'>Compartir en LinkedIn<\/span><\/a><\/li><li class='av-share-link av-social-link-mail' ><a  aria-label=\"Compartir por correo\" href='mailto:?subject=Inauguraron%20obras%20de%20mejoramiento%20en%20Liceo%20Bicentenario%20Rural%20Cerro%20Castillo%20para%20la%20prevenci%C3%B3n%20del%20Covid19&#038;body=https:\/\/radiorevelacionfm.cl\/?p=7494' aria-hidden='false' data-av_icon='\ue805' data-av_iconfont='entypo-fontello' title='' data-avia-related-tooltip='Compartir por correo'><span class='avia_hidden_link_text'>Compartir por correo<\/span><\/a><\/li><\/ul><\/div><\/div>\n<div  style='height:50px' class='hr hr-invisible   avia-builder-el-8  el_after_av_social_share  el_before_av_comments_list '><span class='hr-inner ' ><span class='hr-inner-style'><\/span><\/span><\/div>\n<div  class='av-buildercomment  av-blog-meta-html-info-disabled av-blog-meta-tag-disabled  '><\/div>\n","protected":false},"excerpt":{"rendered":"","protected":false},"author":1,"featured_media":7495,"comment_status":"open","ping_status":"open","sticky":false,"template":"","format":"standard","meta":{"footnotes":""},"categories":[49],"tags":[],"class_list":["post-7494","post","type-post","status-publish","format-standard","has-post-thumbnail","hentry","category-educacion"],"jetpack_featured_media_url":"https:\/\/radiorevelacionfm.cl\/wp-content\/uploads\/2021\/08\/Castillo1.1-1.jpg","_links":{"self":[{"href":"https:\/\/radiorevelacionfm.cl\/index.php?rest_route=\/wp\/v2\/posts\/7494","targetHints":{"allow":["GET"]}}],"collection":[{"href":"https:\/\/radiorevelacionfm.cl\/index.php?rest_route=\/wp\/v2\/posts"}],"about":[{"href":"https:\/\/radiorevelacionfm.cl\/index.php?rest_route=\/wp\/v2\/types\/post"}],"author":[{"embeddable":true,"href":"https:\/\/radiorevelacionfm.cl\/index.php?rest_route=\/wp\/v2\/users\/1"}],"replies":[{"embeddable":true,"href":"https:\/\/radiorevelacionfm.cl\/index.php?rest_route=%2Fwp%2Fv2%2Fcomments&post=7494"}],"version-history":[{"count":1,"href":"https:\/\/radiorevelacionfm.cl\/index.php?rest_route=\/wp\/v2\/posts\/7494\/revisions"}],"predecessor-version":[{"id":7496,"href":"https:\/\/radiorevelacionfm.cl\/index.php?rest_route=\/wp\/v2\/posts\/7494\/revisions\/7496"}],"wp:featuredmedia":[{"embeddable":true,"href":"https:\/\/radiorevelacionfm.cl\/index.php?rest_route=\/wp\/v2\/media\/7495"}],"wp:attachment":[{"href":"https:\/\/radiorevelacionfm.cl\/index.php?rest_route=%2Fwp%2Fv2%2Fmedia&parent=7494"}],"wp:term":[{"taxonomy":"category","embeddable":true,"href":"https:\/\/radiorevelacionfm.cl\/index.php?rest_route=%2Fwp%2Fv2%2Fcategories&post=7494"},{"taxonomy":"post_tag","embeddable":true,"href":"https:\/\/radiorevelacionfm.cl\/index.php?rest_route=%2Fwp%2Fv2%2Ftags&post=7494"}],"curies":[{"name":"wp","href":"https:\/\/api.w.org\/{rel}","templated":true}]}}